{"id":5479,"date":"2015-10-13T10:05:27","date_gmt":"2015-10-13T09:05:27","guid":{"rendered":"http:\/\/reporteducacio.cat\/?p=5479"},"modified":"2015-12-22T11:38:54","modified_gmt":"2015-12-22T10:38:54","slug":"5479-2","status":"publish","type":"post","link":"https:\/\/serveiseducatius.xtec.cat\/baixllobregat6\/actualitat\/5479-2\/","title":{"rendered":"Crida d&#8217;\u00d2mnium a les escoles perqu\u00e8 recordin l&#8217;afusellament del president"},"content":{"rendered":"<p><a href=\"http:\/\/serveiseducatius.xtec.cat\/se-baixllobregat6\/wp-content\/uploads\/usu778\/2015\/10\/cartell_companys_definitiu2.png\"><img loading=\"lazy\" decoding=\"async\" class=\"alignleft size-full wp-image-5480\" src=\"http:\/\/serveiseducatius.xtec.cat\/se-baixllobregat6\/wp-content\/uploads\/usu778\/2015\/10\/cartell_companys_definitiu2.png\" alt=\"cartell_companys_definitiu2\" width=\"650\" height=\"358\" srcset=\"https:\/\/serveiseducatius.xtec.cat\/baixllobregat6\/wp-content\/uploads\/usu778\/2015\/10\/cartell_companys_definitiu2.png 650w, https:\/\/serveiseducatius.xtec.cat\/baixllobregat6\/wp-content\/uploads\/usu778\/2015\/10\/cartell_companys_definitiu2-300x165.png 300w\" sizes=\"auto, (max-width: 650px) 100vw, 650px\" \/><\/a><\/p>\n<p>&nbsp;<\/p>\n<p>&nbsp;<\/p>\n<p>&nbsp;<\/p>\n<p>&nbsp;<\/p>\n<p>\u00d2mnium Cultural anima les escoles i instituts de Catalunya que el dijous 15 d\u2019octubre recordin la figura del President Llu\u00eds Companys en horari lectiu i reflexionin al voltant de les circumst\u00e0ncies del seu afusellament per part del r\u00e8gim franquista. Per fer-ho ofereix un recull de recursos pedag\u00f2gics adequats a les diferents etapes escolars:<\/p>\n<p><strong>RECURSOS:<\/strong><\/p>\n<p><strong>Poemes:<\/strong><\/p>\n<ul>\n<li><a href=\"http:\/\/www.ccma.cat\/audio\/embed\/895448\" target=\"_blank\">Carner, Josep, <em>Fi de Llu\u00eds Companys<br \/>\n<\/em><em>(Recitat per Llu\u00eds Soler)<\/em><\/a><\/li>\n<\/ul>\n<ul>\n<li>Gassol, Ventura, <em>Al president Llu\u00eds Companys<\/em><\/li>\n<\/ul>\n<ul>\n<li>Neruda, Pablo<em>, Canto a la muerte y resurrecci\u00f3n de Llu\u00eds Companys<\/em><\/li>\n<\/ul>\n<ul>\n<li>Brossa, Joan<em>, Oda al president Companys<\/em><\/li>\n<\/ul>\n<p><a href=\"https:\/\/josepbargallo.wordpress.com\/2013\/10\/14\/no-digueu-que-ell-es-mort-quatre-planys-per-al-president-companys-gassol-carner-neruda-i-brossa\/\" target=\"_blank\">Web de Josep Bargall\u00f3 que recull i comenta els quatre poemes<\/a><\/p>\n<p>&nbsp;<\/p>\n<p><strong>Poema musicat:<\/strong><\/p>\n<ul>\n<li><em>Llu\u00eds Companys<\/em>. Poema de Roc Casagran amb m\u00fasica de Cesk Freixas.<\/li>\n<\/ul>\n<p><iframe loading=\"lazy\" src=\"https:\/\/www.youtube.com\/embed\/rcSAUKcziYI\" width=\"420\" height=\"315\" frameborder=\"0\" allowfullscreen=\"allowfullscreen\"><\/iframe><\/p>\n<p><strong>Documentals:<\/strong><\/p>\n<ul>\n<li><strong><a href=\"http:\/\/www.rtve.es\/alacarta\/videos\/arxiu\/arxiu-tve-catalunya-lluis-companys-1882-1940\/606408\/\" target=\"_blank\">Arxiu TVE Catalunya \u2013 <em>Llu\u00eds Companys (1882-1940)<\/em><\/a><\/strong><\/li>\n<\/ul>\n<ul>\n<li><strong><a href=\"http:\/\/blogs.sapiens.cat\/socialsenxarxa\/2011\/10\/16\/documentals-sobre-lluis-companys\" target=\"_blank\"><strong><em>Llu\u00eds Companys, vida i mort<\/em>. Generalitat de<\/strong> Catalunya. Departament de Cultura<\/a><\/strong><\/li>\n<\/ul>\n<ul>\n<li><strong><strong><em><a href=\"http:\/\/histotube.blogspot.com.es\/2013\/10\/lluis-companys-memoria-dun-president.html\" target=\"_blank\">Llu\u00eds Companys, mem\u00f2ria d&#8217;un president\n<p><\/a><\/em><\/strong><\/strong><\/li>\n<li><strong><em>Llu\u00eds Companys, camins retrobats<\/em>.\u00a0<\/strong>Documental de TV3 sobre els darrers mesos de la vida del president Companys.\u00a0(Es pot trobar en servei de pr\u00e8stec en biblioteques)<\/li>\n<li><strong>&#8220;El viatge de <a href=\"https:\/\/twitter.com\/hashtag\/Companys?src=hash\">#Companys<\/a>&#8220;<\/strong> 1a part \u25b6 <a href=\"http:\/\/t.co\/VF2mYVcRqb\">http:\/\/t.co\/VF2mYVcRqb<\/a> 2a part \u25b6 <a href=\"http:\/\/t.co\/VF2mYVcRqb\">http:\/\/t.co\/VF2mYVcRqb<\/a> <a href=\"https:\/\/twitter.com\/hashtag\/Documental?src=hash\">#Documental<\/a> <a href=\"https:\/\/twitter.com\/hashtag\/CompanysTV3?src=hash\">#CompanysTV3<\/a> <a href=\"http:\/\/t.co\/VnCbEX9w4M\">pic.twitter.com\/VnCbEX9w4M<\/a><\/li>\n<\/ul>\n<blockquote class=\"twitter-tweet\" lang=\"ca\" data-cards=\"hidden\"><p>&nbsp;<\/p><\/blockquote>\n<p><script src=\"\/\/platform.twitter.com\/widgets.js\" async=\"\" charset=\"utf-8\"><\/script><\/p>\n<p><strong>Pel\u00b7l\u00edcula<\/strong><\/p>\n<p><strong><em>Companys, proc\u00e9s a Catalunya.<\/em> 1978<\/strong><\/p>\n<p><iframe loading=\"lazy\" src=\"https:\/\/www.youtube.com\/embed\/45_vyj2Ohyw\" width=\"420\" height=\"315\" frameborder=\"0\" allowfullscreen=\"allowfullscreen\"><\/iframe><\/p>\n<p>&nbsp;<\/p>\n<p><strong>Telefilm<\/strong><\/p>\n<ul>\n<li><strong><em><a href=\"http:\/\/www.ccma.cat\/tv3\/tv3-roda-13-dies-doctubre-un-telefilm-sobre-els-ultims-dies-de-lluis-companys\/noticia\/2665993\/\" target=\"_blank\">13 dies d&#8217;octubre<\/a> <\/em><\/strong><\/li>\n<\/ul>\n<p><strong>Auques<\/strong><\/p>\n<ul>\n<li><a href=\"http:\/\/www.rodolins.cat\/pages\/persona\/lluis2c.html\" target=\"_blank\"><em>Auca de Llu\u00eds Companys<\/em>. Autor: Ramon Cu\u00e9llar<\/a><\/li>\n<\/ul>\n<ul>\n<li><a href=\"http:\/\/www.auques.cat\/textpdf.php?auca=companys\" target=\"_blank\"><em>Auca de Llu\u00eds Companys (1882-1940)<\/em>. Autor: Joan Vilamala<\/a><\/li>\n<\/ul>\n<p><strong>C\u00f2mic<\/strong><\/p>\n<ul>\n<li><em>Fusilamiento del presidente Llu\u00eds Companys. <\/em>Dibuixos de Leopoldo S\u00e1nchez. Gui\u00f3 de Jos\u00e9 Antonio Parrilla y Llu\u00eds Vila-Abadal dins &#8220;Breu Historia de Catalunya&#8221;. Volum 3 (1979)<\/li>\n<\/ul>\n<p><strong>M\u00c9S INFORMACIONS I DOCUMENTACI\u00d3:<\/strong><\/p>\n<ul>\n<li><a href=\"http:\/\/crai.ub.edu\/ca\/coneix-el-crai\/biblioteques\/biblioteca-pavello-republica\/companys\" target=\"_blank\">Web del CRAI de la Universitat de Barcelona amb, documents, imatges i recursos sobre Llu\u00eds Companys<\/a><\/li>\n<\/ul>\n<ul>\n<li><a href=\"http:\/\/www.justiciafranquisme.cat\" target=\"_blank\">Actes commemoratius previstos aquest 2015<\/a><\/li>\n<\/ul>\n","protected":false},"excerpt":{"rendered":"<p>&nbsp; &nbsp; &nbsp; &nbsp; \u00d2mnium Cultural anima les escoles i instituts de Catalunya que el dijous 15 d\u2019octubre recordin la figura del President Llu\u00eds Companys en horari lectiu i reflexionin al voltant de les circumst\u00e0ncies del seu afusellament per part del r\u00e8gim franquista. Per fer-ho ofereix un recull de recursos pedag\u00f2gics adequats a les diferents [&hellip;]<\/p>\n","protected":false},"author":1,"featured_media":5480,"comment_status":"open","ping_status":"open","sticky":false,"template":"","format":"standard","meta":{"_bbp_topic_count":0,"_bbp_reply_count":0,"_bbp_total_topic_count":0,"_bbp_total_reply_count":0,"_bbp_voice_count":0,"_bbp_anonymous_reply_count":0,"_bbp_topic_count_hidden":0,"_bbp_reply_count_hidden":0,"_bbp_forum_subforum_count":0,"site-sidebar-layout":"default","site-content-layout":"","ast-site-content-layout":"","site-content-style":"default","site-sidebar-style":"default","ast-global-header-display":"","ast-banner-title-visibility":"","ast-main-header-display":"","ast-hfb-above-header-display":"","ast-hfb-below-header-display":"","ast-hfb-mobile-header-display":"","site-post-title":"","ast-breadcrumbs-content":"","ast-featured-img":"","footer-sml-layout":"","theme-transparent-header-meta":"","adv-header-id-meta":"","stick-header-meta":"","header-above-stick-meta":"","header-main-stick-meta":"","header-below-stick-meta":"","astra-migrate-meta-layouts":"default","ast-page-background-enabled":"default","ast-page-background-meta":{"desktop":{"background-color":"var(--ast-global-color-4)","background-image":"","background-repeat":"repeat","background-position":"center center","background-size":"auto","background-attachment":"scroll","background-type":"","background-media":"","overlay-type":"","overlay-color":"","overlay-opacity":"","overlay-gradient":""},"tablet":{"background-color":"","background-image":"","background-repeat":"repeat","background-position":"center center","background-size":"auto","background-attachment":"scroll","background-type":"","background-media":"","overlay-type":"","overlay-color":"","overlay-opacity":"","overlay-gradient":""},"mobile":{"background-color":"","background-image":"","background-repeat":"repeat","background-position":"center center","background-size":"auto","background-attachment":"scroll","background-type":"","background-media":"","overlay-type":"","overlay-color":"","overlay-opacity":"","overlay-gradient":""}},"ast-content-background-meta":{"desktop":{"background-color":"var(--ast-global-color-5)","background-image":"","background-repeat":"repeat","background-position":"center center","background-size":"auto","background-attachment":"scroll","background-type":"","background-media":"","overlay-type":"","overlay-color":"","overlay-opacity":"","overlay-gradient":""},"tablet":{"background-color":"var(--ast-global-color-5)","background-image":"","background-repeat":"repeat","background-position":"center center","background-size":"auto","background-attachment":"scroll","background-type":"","background-media":"","overlay-type":"","overlay-color":"","overlay-opacity":"","overlay-gradient":""},"mobile":{"background-color":"var(--ast-global-color-5)","background-image":"","background-repeat":"repeat","background-position":"center center","background-size":"auto","background-attachment":"scroll","background-type":"","background-media":"","overlay-type":"","overlay-color":"","overlay-opacity":"","overlay-gradient":""}},"footnotes":""},"categories":[162],"tags":[195,420,538,561,597,712,889],"class_list":["post-5479","post","type-post","status-publish","format-standard","has-post-thumbnail","hentry","category-actualitat","tag-75e-aniversari-execucio-de-lluis-companys","tag-drets-humans","tag-feixisme","tag-franquisme","tag-historia","tag-lluis-companys","tag-republica"],"post_mailing_queue_ids":[],"_links":{"self":[{"href":"https:\/\/serveiseducatius.xtec.cat\/baixllobregat6\/wp-json\/wp\/v2\/posts\/5479","targetHints":{"allow":["GET"]}}],"collection":[{"href":"https:\/\/serveiseducatius.xtec.cat\/baixllobregat6\/wp-json\/wp\/v2\/posts"}],"about":[{"href":"https:\/\/serveiseducatius.xtec.cat\/baixllobregat6\/wp-json\/wp\/v2\/types\/post"}],"author":[{"embeddable":true,"href":"https:\/\/serveiseducatius.xtec.cat\/baixllobregat6\/wp-json\/wp\/v2\/users\/1"}],"replies":[{"embeddable":true,"href":"https:\/\/serveiseducatius.xtec.cat\/baixllobregat6\/wp-json\/wp\/v2\/comments?post=5479"}],"version-history":[{"count":1,"href":"https:\/\/serveiseducatius.xtec.cat\/baixllobregat6\/wp-json\/wp\/v2\/posts\/5479\/revisions"}],"predecessor-version":[{"id":6052,"href":"https:\/\/serveiseducatius.xtec.cat\/baixllobregat6\/wp-json\/wp\/v2\/posts\/5479\/revisions\/6052"}],"wp:featuredmedia":[{"embeddable":true,"href":"https:\/\/serveiseducatius.xtec.cat\/baixllobregat6\/wp-json\/wp\/v2\/media\/5480"}],"wp:attachment":[{"href":"https:\/\/serveiseducatius.xtec.cat\/baixllobregat6\/wp-json\/wp\/v2\/media?parent=5479"}],"wp:term":[{"taxonomy":"category","embeddable":true,"href":"https:\/\/serveiseducatius.xtec.cat\/baixllobregat6\/wp-json\/wp\/v2\/categories?post=5479"},{"taxonomy":"post_tag","embeddable":true,"href":"https:\/\/serveiseducatius.xtec.cat\/baixllobregat6\/wp-json\/wp\/v2\/tags?post=5479"}],"curies":[{"name":"wp","href":"https:\/\/api.w.org\/{rel}","templated":true}]}}