{"id":5351,"date":"2015-08-28T12:16:14","date_gmt":"2015-08-28T11:16:14","guid":{"rendered":"http:\/\/reporteducacio.cat\/?p=5351"},"modified":"2015-12-22T11:25:03","modified_gmt":"2015-12-22T10:25:03","slug":"encara-queden-places-al-cicle-formatiu-sobre-desenvolupament-daplicacions-multiplataforma-adaptat-a-empreses-de-logistica","status":"publish","type":"post","link":"https:\/\/serveiseducatius.xtec.cat\/baixllobregat6\/comunitat\/activitat-dels-centres\/encara-queden-places-al-cicle-formatiu-sobre-desenvolupament-daplicacions-multiplataforma-adaptat-a-empreses-de-logistica\/","title":{"rendered":"Encara queden places al cicle formatiu sobre Desenvolupament d\u2019aplicacions multiplataforma adaptat a empreses de log\u00edstica."},"content":{"rendered":"<p>Continuen obertes les inscripcions al Cicle Formatiu de Grau superior sobre <strong>Desenvolupament d\u2019aplicacions multiplataforma<\/strong> <strong>adaptat a empreses de log\u00edstica<\/strong>.<!--more--><\/p>\n<blockquote><p>Aquests estudis s\u00f3n una oferta pionera i \u00fanica a Catalunya que es complementa amb la modalitat FP Dual, que combina la formaci\u00f3 a l\u2019institut amb formaci\u00f3 en una empresa del municipi.<\/p><\/blockquote>\n<p>El cicle formatiu es portar\u00e0 a terme a l&#8217;<a href=\"http:\/\/agora.xtec.cat\/iesgabrielamistral\/\" target=\"_blank\"><strong>INS Gabriela Mistral<\/strong> <\/a>de Sant Vicen\u00e7 dels Horts qui us podr\u00e0 atendre personalment i orientar sobre la potencialitat d&#8217;aquests estudis.<\/p>\n<p>El Cicle consta de 2000 hores\u00a0i est\u00e0 previst que l\u2019alumnat seleccionat pugui fer-ho en modalitat de dual, \u00e9s a dir que faci aproximadament 1000 hores a les empreses amb contracte laboral remunerat.<\/p>\n<p><strong>Les sortides professional s\u00f3n:<\/strong><\/p>\n<p>Per desenvolupar, implantar, documentar i mantenir aplicacions inform\u00e0tiques multiplataforma, utilitzant tecnologies i entorns de desenvolupament espec\u00edfics, garantint l\u2019acc\u00e9s a les dades de forma segura i complint els criteris de usabilitat i qualitat exigides en els est\u00e0ndards establerts, i adaptat a les exig\u00e8ncies i particularitats de les empreses de log\u00edstica.<\/p>\n<p><strong style=\"line-height: 1.5;\"><img loading=\"lazy\" decoding=\"async\" class=\"alignnone\" src=\"http:\/\/serveiseducatius.xtec.cat\/se-baixllobregat6\/wp-content\/uploads\/usu778\/2014\/06\/licen3.png\" alt=\"\" width=\"471\" height=\"290\" \/><\/strong><\/p>\n<p><strong style=\"line-height: 1.5;\">L\u2019horari del curs ser\u00e0 de dilluns a divendres de 15:00 a 21:30<\/strong><\/p>\n<p>Per accedir al CFGS cal tenir el t\u00edtol de batxillerat o haver superat el curs de formaci\u00f3 espec\u00edfic per a l\u2019acc\u00e9s als cicles de grau superior d\u2019acord amb l\u2019opci\u00f3 cursada o tenir el t\u00edtol de t\u00e8cnic especialista, t\u00e8cnic superior o equivalent a efectes acad\u00e8mics o haver superat el curs d\u2019orientaci\u00f3 universit\u00e0ria (COU) o el preuniversitari o tenir qualsevol titulaci\u00f3 universit\u00e0ria o una d\u2019equivalent o haver superat la prova d\u2019acc\u00e9s a la universitat per a m\u00e9s grans de 25 anys.<\/p>\n<blockquote><p>Les persones que no compleixen cap dels requisits esmentats han de superar una prova d\u2019acc\u00e9s. Per presentar-s\u2019hi cal tenir com a m\u00ednim 19 anys l\u2019any en qu\u00e8 es fa la prova o 18 anys si es t\u00e9 el t\u00edtol de t\u00e8cnic de la mateixa opci\u00f3 del cicle al qual es vol accedir.<\/p>\n<p><strong>M\u00e9s info:<\/strong><\/p>\n<h3><strong><a href=\"http:\/\/www.iesgabrielamistral.com\/\"><em><strong>INS Gabriela Mistral<\/strong><\/em><\/a><\/strong><\/h3>\n<p>Carrer d\u2019Osca, 95-105<\/p>\n<p>08620 Sant Vicen\u00e7 dels Horts, Barcelona<br \/>\nTel. 936 56 00 00<\/p>\n<p><a href=\"https:\/\/drive.google.com\/file\/d\/0B6sV5Rm24wT-ZzhVeVJLU241SVRhTkhkcENsZ1UzTkRyeFdV\/view?usp=sharing\" target=\"_blank\">ACC\u00c9S AL FULL INFORMATIU SOBRE EL CICLE<\/a><\/p><\/blockquote>\n","protected":false},"excerpt":{"rendered":"<p>Continuen obertes les inscripcions al Cicle Formatiu de Grau superior sobre Desenvolupament d\u2019aplicacions multiplataforma adaptat a empreses de log\u00edstica.<\/p>\n","protected":false},"author":1,"featured_media":4767,"comment_status":"open","ping_status":"open","sticky":false,"template":"","format":"standard","meta":{"_bbp_topic_count":0,"_bbp_reply_count":0,"_bbp_total_topic_count":0,"_bbp_total_reply_count":0,"_bbp_voice_count":0,"_bbp_anonymous_reply_count":0,"_bbp_topic_count_hidden":0,"_bbp_reply_count_hidden":0,"_bbp_forum_subforum_count":0,"site-sidebar-layout":"default","site-content-layout":"","ast-site-content-layout":"","site-content-style":"default","site-sidebar-style":"default","ast-global-header-display":"","ast-banner-title-visibility":"","ast-main-header-display":"","ast-hfb-above-header-display":"","ast-hfb-below-header-display":"","ast-hfb-mobile-header-display":"","site-post-title":"","ast-breadcrumbs-content":"","ast-featured-img":"","footer-sml-layout":"","theme-transparent-header-meta":"","adv-header-id-meta":"","stick-header-meta":"","header-above-stick-meta":"","header-main-stick-meta":"","header-below-stick-meta":"","astra-migrate-meta-layouts":"default","ast-page-background-enabled":"default","ast-page-background-meta":{"desktop":{"background-color":"var(--ast-global-color-4)","background-image":"","background-repeat":"repeat","background-position":"center center","background-size":"auto","background-attachment":"scroll","background-type":"","background-media":"","overlay-type":"","overlay-color":"","overlay-opacity":"","overlay-gradient":""},"tablet":{"background-color":"","background-image":"","background-repeat":"repeat","background-position":"center center","background-size":"auto","background-attachment":"scroll","background-type":"","background-media":"","overlay-type":"","overlay-color":"","overlay-opacity":"","overlay-gradient":""},"mobile":{"background-color":"","background-image":"","background-repeat":"repeat","background-position":"center center","background-size":"auto","background-attachment":"scroll","background-type":"","background-media":"","overlay-type":"","overlay-color":"","overlay-opacity":"","overlay-gradient":""}},"ast-content-background-meta":{"desktop":{"background-color":"var(--ast-global-color-5)","background-image":"","background-repeat":"repeat","background-position":"center center","background-size":"auto","background-attachment":"scroll","background-type":"","background-media":"","overlay-type":"","overlay-color":"","overlay-opacity":"","overlay-gradient":""},"tablet":{"background-color":"var(--ast-global-color-5)","background-image":"","background-repeat":"repeat","background-position":"center center","background-size":"auto","background-attachment":"scroll","background-type":"","background-media":"","overlay-type":"","overlay-color":"","overlay-opacity":"","overlay-gradient":""},"mobile":{"background-color":"var(--ast-global-color-5)","background-image":"","background-repeat":"repeat","background-position":"center center","background-size":"auto","background-attachment":"scroll","background-type":"","background-media":"","overlay-type":"","overlay-color":"","overlay-opacity":"","overlay-gradient":""}},"footnotes":""},"categories":[1036],"tags":[313,556,631,713,907],"class_list":["post-5351","post","type-post","status-publish","format-standard","has-post-thumbnail","hentry","category-activitat-dels-centres","tag-cicles-formatius","tag-formacio-professional","tag-ins-gabriela-mistral","tag-logistica","tag-sant-vicenc-dels-horts"],"post_mailing_queue_ids":[],"_links":{"self":[{"href":"https:\/\/serveiseducatius.xtec.cat\/baixllobregat6\/wp-json\/wp\/v2\/posts\/5351","targetHints":{"allow":["GET"]}}],"collection":[{"href":"https:\/\/serveiseducatius.xtec.cat\/baixllobregat6\/wp-json\/wp\/v2\/posts"}],"about":[{"href":"https:\/\/serveiseducatius.xtec.cat\/baixllobregat6\/wp-json\/wp\/v2\/types\/post"}],"author":[{"embeddable":true,"href":"https:\/\/serveiseducatius.xtec.cat\/baixllobregat6\/wp-json\/wp\/v2\/users\/1"}],"replies":[{"embeddable":true,"href":"https:\/\/serveiseducatius.xtec.cat\/baixllobregat6\/wp-json\/wp\/v2\/comments?post=5351"}],"version-history":[{"count":1,"href":"https:\/\/serveiseducatius.xtec.cat\/baixllobregat6\/wp-json\/wp\/v2\/posts\/5351\/revisions"}],"predecessor-version":[{"id":6038,"href":"https:\/\/serveiseducatius.xtec.cat\/baixllobregat6\/wp-json\/wp\/v2\/posts\/5351\/revisions\/6038"}],"wp:featuredmedia":[{"embeddable":true,"href":"https:\/\/serveiseducatius.xtec.cat\/baixllobregat6\/wp-json\/wp\/v2\/media\/4767"}],"wp:attachment":[{"href":"https:\/\/serveiseducatius.xtec.cat\/baixllobregat6\/wp-json\/wp\/v2\/media?parent=5351"}],"wp:term":[{"taxonomy":"category","embeddable":true,"href":"https:\/\/serveiseducatius.xtec.cat\/baixllobregat6\/wp-json\/wp\/v2\/categories?post=5351"},{"taxonomy":"post_tag","embeddable":true,"href":"https:\/\/serveiseducatius.xtec.cat\/baixllobregat6\/wp-json\/wp\/v2\/tags?post=5351"}],"curies":[{"name":"wp","href":"https:\/\/api.w.org\/{rel}","templated":true}]}}