{"id":5237,"date":"2015-04-24T09:55:34","date_gmt":"2015-04-24T09:55:34","guid":{"rendered":"http:\/\/reporteducacio.cat\/?p=5237"},"modified":"2015-12-22T11:30:25","modified_gmt":"2015-12-22T10:30:25","slug":"una-alumna-de-lescola-mare-de-deu-del-rocio-premiada-al-iv-concurs-escolar-del-salo-del-comic-de-barcelona","status":"publish","type":"post","link":"https:\/\/serveiseducatius.xtec.cat\/baixllobregat6\/comunitat\/activitat-dels-centres\/una-alumna-de-lescola-mare-de-deu-del-rocio-premiada-al-iv-concurs-escolar-del-salo-del-comic-de-barcelona\/","title":{"rendered":"Una alumna de l&#8217;Escola Mare de D\u00e9u del Roc\u00edo premiada al IV Concurs Escolar del Sal\u00f3 del C\u00f2mic de Barcelona"},"content":{"rendered":"<p><a href=\"http:\/\/serveiseducatius.xtec.cat\/se-baixllobregat6\/wp-content\/uploads\/usu778\/2015\/04\/rocio.jpg\"><img loading=\"lazy\" decoding=\"async\" class=\"aligncenter wp-image-5238 size-full\" src=\"http:\/\/serveiseducatius.xtec.cat\/se-baixllobregat6\/wp-content\/uploads\/usu778\/2015\/04\/rocio.jpg\" alt=\"rocio\" width=\"520\" height=\"350\" srcset=\"https:\/\/serveiseducatius.xtec.cat\/baixllobregat6\/wp-content\/uploads\/usu778\/2015\/04\/rocio.jpg 520w, https:\/\/serveiseducatius.xtec.cat\/baixllobregat6\/wp-content\/uploads\/usu778\/2015\/04\/rocio-300x202.jpg 300w\" sizes=\"auto, (max-width: 520px) 100vw, 520px\" \/><\/a><\/p>\n<blockquote><p>La <strong>Judit Medina Pacheco<\/strong>, de quart curs de prim\u00e0ria de l\u2019<strong>Escola Mare de D\u00e9u del Roc\u00edo<\/strong> de Sant Vicen\u00e7 dels Horts\u00a0va ser premiada\u00a0al IV Concurs Escolar del Sal\u00f3 del C\u00f2mic de Barcelona.<\/p><\/blockquote>\n<p>El treball <strong>\u201cAl\u00b7l\u00e8rgia de gat\u201d\u00a0<\/strong>de la Judit que participava en la categoria A (cicle mitj\u00e0 de prim\u00e0ria),\u00a0\u00a0va ser considerat pel jurat del IV Concurs Escolar Sal\u00f3 del C\u00f2mic format per representants del Sal\u00f3 del C\u00f2mic i del Servei d\u2019Immersi\u00f3 i Acolliment Ling\u00fc\u00edstics del Departament d\u2019Ensenyament com a mereixedor del segon premi de la categoria, la tem\u00e0tica de la qual versava sobre\u00a0<strong>Llegendes i rondalles populars<\/strong>.<\/p>\n<blockquote><p>Enhorabona a la Judit, a la seva tutora, la Neus Guerrero i a l&#8217;Escola Mare de D\u00e9u del Roc\u00edo.<\/p><\/blockquote>\n<p><a href=\"http:\/\/serveiseducatius.xtec.cat\/se-baixllobregat6\/wp-content\/uploads\/usu778\/2015\/04\/rocio01.jpg\"><img loading=\"lazy\" decoding=\"async\" class=\"aligncenter wp-image-5239 size-full\" src=\"http:\/\/serveiseducatius.xtec.cat\/se-baixllobregat6\/wp-content\/uploads\/usu778\/2015\/04\/rocio01.jpg\" alt=\"rocio01\" width=\"600\" height=\"409\" srcset=\"https:\/\/serveiseducatius.xtec.cat\/baixllobregat6\/wp-content\/uploads\/usu778\/2015\/04\/rocio01.jpg 600w, https:\/\/serveiseducatius.xtec.cat\/baixllobregat6\/wp-content\/uploads\/usu778\/2015\/04\/rocio01-300x205.jpg 300w\" sizes=\"auto, (max-width: 600px) 100vw, 600px\" \/><\/a><\/p>\n","protected":false},"excerpt":{"rendered":"<p>La Judit Medina Pacheco, de quart curs de prim\u00e0ria de l\u2019Escola Mare de D\u00e9u del Roc\u00edo de Sant Vicen\u00e7 dels Horts\u00a0va ser premiada\u00a0al IV Concurs Escolar del Sal\u00f3 del C\u00f2mic de Barcelona. El treball \u201cAl\u00b7l\u00e8rgia de gat\u201d\u00a0de la Judit que participava en la categoria A (cicle mitj\u00e0 de prim\u00e0ria),\u00a0\u00a0va ser considerat pel jurat del IV [&hellip;]<\/p>\n","protected":false},"author":1,"featured_media":5238,"comment_status":"open","ping_status":"open","sticky":false,"template":"","format":"standard","meta":{"_bbp_topic_count":0,"_bbp_reply_count":0,"_bbp_total_topic_count":0,"_bbp_total_reply_count":0,"_bbp_voice_count":0,"_bbp_anonymous_reply_count":0,"_bbp_topic_count_hidden":0,"_bbp_reply_count_hidden":0,"_bbp_forum_subforum_count":0,"site-sidebar-layout":"default","site-content-layout":"","ast-site-content-layout":"","site-content-style":"default","site-sidebar-style":"default","ast-global-header-display":"","ast-banner-title-visibility":"","ast-main-header-display":"","ast-hfb-above-header-display":"","ast-hfb-below-header-display":"","ast-hfb-mobile-header-display":"","site-post-title":"","ast-breadcrumbs-content":"","ast-featured-img":"","footer-sml-layout":"","theme-transparent-header-meta":"","adv-header-id-meta":"","stick-header-meta":"","header-above-stick-meta":"","header-main-stick-meta":"","header-below-stick-meta":"","astra-migrate-meta-layouts":"default","ast-page-background-enabled":"default","ast-page-background-meta":{"desktop":{"background-color":"var(--ast-global-color-4)","background-image":"","background-repeat":"repeat","background-position":"center center","background-size":"auto","background-attachment":"scroll","background-type":"","background-media":"","overlay-type":"","overlay-color":"","overlay-opacity":"","overlay-gradient":""},"tablet":{"background-color":"","background-image":"","background-repeat":"repeat","background-position":"center center","background-size":"auto","background-attachment":"scroll","background-type":"","background-media":"","overlay-type":"","overlay-color":"","overlay-opacity":"","overlay-gradient":""},"mobile":{"background-color":"","background-image":"","background-repeat":"repeat","background-position":"center center","background-size":"auto","background-attachment":"scroll","background-type":"","background-media":"","overlay-type":"","overlay-color":"","overlay-opacity":"","overlay-gradient":""}},"ast-content-background-meta":{"desktop":{"background-color":"var(--ast-global-color-5)","background-image":"","background-repeat":"repeat","background-position":"center center","background-size":"auto","background-attachment":"scroll","background-type":"","background-media":"","overlay-type":"","overlay-color":"","overlay-opacity":"","overlay-gradient":""},"tablet":{"background-color":"var(--ast-global-color-5)","background-image":"","background-repeat":"repeat","background-position":"center center","background-size":"auto","background-attachment":"scroll","background-type":"","background-media":"","overlay-type":"","overlay-color":"","overlay-opacity":"","overlay-gradient":""},"mobile":{"background-color":"var(--ast-global-color-5)","background-image":"","background-repeat":"repeat","background-position":"center center","background-size":"auto","background-attachment":"scroll","background-type":"","background-media":"","overlay-type":"","overlay-color":"","overlay-opacity":"","overlay-gradient":""}},"footnotes":""},"categories":[1036],"tags":[331,502,907],"class_list":["post-5237","post","type-post","status-publish","format-standard","has-post-thumbnail","hentry","category-activitat-dels-centres","tag-comic","tag-escola-mare-de-deu-del-rocio","tag-sant-vicenc-dels-horts"],"post_mailing_queue_ids":[],"_links":{"self":[{"href":"https:\/\/serveiseducatius.xtec.cat\/baixllobregat6\/wp-json\/wp\/v2\/posts\/5237","targetHints":{"allow":["GET"]}}],"collection":[{"href":"https:\/\/serveiseducatius.xtec.cat\/baixllobregat6\/wp-json\/wp\/v2\/posts"}],"about":[{"href":"https:\/\/serveiseducatius.xtec.cat\/baixllobregat6\/wp-json\/wp\/v2\/types\/post"}],"author":[{"embeddable":true,"href":"https:\/\/serveiseducatius.xtec.cat\/baixllobregat6\/wp-json\/wp\/v2\/users\/1"}],"replies":[{"embeddable":true,"href":"https:\/\/serveiseducatius.xtec.cat\/baixllobregat6\/wp-json\/wp\/v2\/comments?post=5237"}],"version-history":[{"count":1,"href":"https:\/\/serveiseducatius.xtec.cat\/baixllobregat6\/wp-json\/wp\/v2\/posts\/5237\/revisions"}],"predecessor-version":[{"id":6046,"href":"https:\/\/serveiseducatius.xtec.cat\/baixllobregat6\/wp-json\/wp\/v2\/posts\/5237\/revisions\/6046"}],"wp:featuredmedia":[{"embeddable":true,"href":"https:\/\/serveiseducatius.xtec.cat\/baixllobregat6\/wp-json\/wp\/v2\/media\/5238"}],"wp:attachment":[{"href":"https:\/\/serveiseducatius.xtec.cat\/baixllobregat6\/wp-json\/wp\/v2\/media?parent=5237"}],"wp:term":[{"taxonomy":"category","embeddable":true,"href":"https:\/\/serveiseducatius.xtec.cat\/baixllobregat6\/wp-json\/wp\/v2\/categories?post=5237"},{"taxonomy":"post_tag","embeddable":true,"href":"https:\/\/serveiseducatius.xtec.cat\/baixllobregat6\/wp-json\/wp\/v2\/tags?post=5237"}],"curies":[{"name":"wp","href":"https:\/\/api.w.org\/{rel}","templated":true}]}}