{"id":5229,"date":"2015-04-23T08:26:00","date_gmt":"2015-04-23T07:26:00","guid":{"rendered":"http:\/\/reporteducacio.cat\/?p=5229"},"modified":"2016-03-08T11:56:10","modified_gmt":"2016-03-08T10:56:10","slug":"el-54-de-la-poblacio-de-sant-vicenc-dels-horts-no-llegeix-gairebe-mai","status":"publish","type":"post","link":"https:\/\/serveiseducatius.xtec.cat\/baixllobregat6\/pee020\/magrada-llegir\/el-54-de-la-poblacio-de-sant-vicenc-dels-horts-no-llegeix-gairebe-mai\/","title":{"rendered":"El 54% de la poblaci\u00f3 de Sant Vicen\u00e7 dels Horts no llegeix gaireb\u00e9 mai"},"content":{"rendered":"<h3><a href=\"http:\/\/serveiseducatius.xtec.cat\/se-baixllobregat6\/wp-content\/uploads\/usu778\/2015\/04\/1top-10-weekend-reading-list-may-09-2014-1920x800.jpg\"><img loading=\"lazy\" decoding=\"async\" class=\"aligncenter wp-image-5231\" src=\"http:\/\/serveiseducatius.xtec.cat\/se-baixllobregat6\/wp-content\/uploads\/usu778\/2015\/04\/1top-10-weekend-reading-list-may-09-2014-1920x800-1024x427.jpg\" alt=\"enquestalectura\" width=\"600\" height=\"250\" srcset=\"https:\/\/serveiseducatius.xtec.cat\/baixllobregat6\/wp-content\/uploads\/usu778\/2015\/04\/1top-10-weekend-reading-list-may-09-2014-1920x800-1024x427.jpg 1024w, https:\/\/serveiseducatius.xtec.cat\/baixllobregat6\/wp-content\/uploads\/usu778\/2015\/04\/1top-10-weekend-reading-list-may-09-2014-1920x800-300x125.jpg 300w, https:\/\/serveiseducatius.xtec.cat\/baixllobregat6\/wp-content\/uploads\/usu778\/2015\/04\/1top-10-weekend-reading-list-may-09-2014-1920x800.jpg 1920w\" sizes=\"auto, (max-width: 600px) 100vw, 600px\" \/><\/a>Anticipaci\u00f3 de les dades de l&#8217;enquesta d&#8217;h\u00e0bits lectors realitzada a la poblaci\u00f3 de m\u00e9s de 18 anys de Sant Vicen\u00e7 dels Horts, al llarg del mes de febrer.<\/h3>\n<h4>L&#8217;estudi revela dades for\u00e7a significatives sobre els h\u00e0bits lectors.<\/h4>\n<p>Si b\u00e9 m\u00e9s de la meitat de la poblaci\u00f3 no llegeix gaireb\u00e9 mai, una perspectiva m\u00e9s positiva ens permet observar que un 15% dels vicentins llegeix amb molta freq\u00fc\u00e8ncia.<\/p>\n<p>Contr\u00e0riament a la tend\u00e8ncia general (a Europa la mitjana \u00e9s d\u2019un 70% de la poblaci\u00f3 femenina vs la masculina), a Sant Vicen\u00e7 dels Horts, de la poblaci\u00f3 amb h\u00e0bits lectors consolidats, els homes, amb un 32%, superen el 22% corresponent a les dones.<\/p>\n<p>El g\u00e8nere m\u00e9s llegit \u00e9s el de misteri amb un 45%, seguit de la novel\u2022la hist\u00f2rica i tamb\u00e9 de la novel\u2022la d\u2019aventures, amb un 35%. I per sota d\u2019aquests g\u00e8neres: literatura rom\u00e0ntica (26%), esport i h\u00e0bits saludables (25%), ci\u00e8ncia-ficci\u00f3 (20%), humor (19%), pol\u00edtica i hist\u00f2ria (16%), terror (14%), ci\u00e8ncia i tecnologia (14%)\u2026 L\u2019assaig ocupa el darrer lloc amb un 3%.<\/p>\n<p>El 44% de la poblaci\u00f3 llegeix indistintament en catal\u00e0 i castell\u00e0. La difer\u00e8ncia entre els que llegeixen nom\u00e9s en castell\u00e0 i nom\u00e9s en catal\u00e0 \u00e9s 40% i 16%, respectivament.<\/p>\n<p>Quant al format f\u00edsic, la premsa en l\u00ednia \u00e9s consultada per un 38% de la poblaci\u00f3. Ara b\u00e9, aquest percentatge disminueix a un 12% quan es tracta de la lectura en l\u00ednia de produccions liter\u00e0ries.<\/p>\n<p>Un 41% dels vicentins enquestats diuen que tenen entre 21 i 50 llibres a casa. I, un 28%, disposen d\u2019una biblioteca considerable: entre 100 i 500 t\u00edtols.<\/p>\n<p>Pel que fa a l\u2019adquisici\u00f3 dels exemplars llegits, el 68% dels vicentins manifesten que han comprat llibres al llarg del darrer any. I, a la pregunta: \u201cCom ha aconseguit els tres \u00faltims llibres que ha llegit?\u201d, un 42% els han comprat; deixats, un 31%; regalats, un 29%&#8230; per internet, 16%.<\/p>\n<p>Hi ha un elevat coneixement de la ubicaci\u00f3 de la Biblioteca Municipal \u201cLes Voltes\u201d (97%). En canvi, la xifra disminueix quan es tracta de participar en alguna de les activitats organitzades per aquest equipament (22%) o de visitar-la freq\u00fcentment (19%).<\/p>\n<p>El teatre \u00e9s l\u2019art que menys interessa als vicentins (el 90% respon que no vai mai al teatre). Tampoc els museus tenen gaire acceptaci\u00f3 (un 88% no els visita mai). La predilecci\u00f3 cultural es fa palesa a mirar la televisi\u00f3 (63%), escoltar m\u00fasica (61%). Seguit de la lectura amb un 46%.<\/p>\n<blockquote><p>Aquesta enquesta i una altra adre\u00e7ada a la poblaci\u00f3 de 12 a 18 anys s&#8217;emmarquen en el <a title=\"Projecte d\u2019\u00e0mbit comunitari d\u2019impuls a la lectura a Sant Vicen\u00e7 dels Horts\" href=\"http:\/\/reporteducacio.cat\/projecte-dambit-comunitari-dimpuls-a-la-lectura-a-sant-vicenc-dels-horts\/\" target=\"_blank\"><strong>projecte d&#8217;\u00e0mbit comunitari d&#8217;impuls a la lectura<\/strong><\/a> que s&#8217;inici\u00e0 el mes de gener amb la lectura d&#8217;un <strong><a href=\"http:\/\/magradallegir-svh.blogspot.com\/\" target=\"_blank\">manifest<\/a>, <\/strong>al qual ja s&#8217;han adherit nombroses persones.<\/p><\/blockquote>\n","protected":false},"excerpt":{"rendered":"<p>Anticipaci\u00f3 de les dades de l&#8217;enquesta d&#8217;h\u00e0bits lectors realitzada a la poblaci\u00f3 de m\u00e9s de 18 anys de Sant Vicen\u00e7 dels Horts, al llarg del mes de febrer. L&#8217;estudi revela dades for\u00e7a significatives sobre els h\u00e0bits lectors. Si b\u00e9 m\u00e9s de la meitat de la poblaci\u00f3 no llegeix gaireb\u00e9 mai, una perspectiva m\u00e9s positiva ens [&hellip;]<\/p>\n","protected":false},"author":1,"featured_media":5231,"comment_status":"open","ping_status":"open","sticky":false,"template":"","format":"standard","meta":{"_bbp_topic_count":0,"_bbp_reply_count":0,"_bbp_total_topic_count":0,"_bbp_total_reply_count":0,"_bbp_voice_count":0,"_bbp_anonymous_reply_count":0,"_bbp_topic_count_hidden":0,"_bbp_reply_count_hidden":0,"_bbp_forum_subforum_count":0,"site-sidebar-layout":"default","site-content-layout":"","ast-site-content-layout":"","site-content-style":"default","site-sidebar-style":"default","ast-global-header-display":"","ast-banner-title-visibility":"","ast-main-header-display":"","ast-hfb-above-header-display":"","ast-hfb-below-header-display":"","ast-hfb-mobile-header-display":"","site-post-title":"","ast-breadcrumbs-content":"","ast-featured-img":"","footer-sml-layout":"","theme-transparent-header-meta":"","adv-header-id-meta":"","stick-header-meta":"","header-above-stick-meta":"","header-main-stick-meta":"","header-below-stick-meta":"","astra-migrate-meta-layouts":"default","ast-page-background-enabled":"default","ast-page-background-meta":{"desktop":{"background-color":"var(--ast-global-color-4)","background-image":"","background-repeat":"repeat","background-position":"center center","background-size":"auto","background-attachment":"scroll","background-type":"","background-media":"","overlay-type":"","overlay-color":"","overlay-opacity":"","overlay-gradient":""},"tablet":{"background-color":"","background-image":"","background-repeat":"repeat","background-position":"center center","background-size":"auto","background-attachment":"scroll","background-type":"","background-media":"","overlay-type":"","overlay-color":"","overlay-opacity":"","overlay-gradient":""},"mobile":{"background-color":"","background-image":"","background-repeat":"repeat","background-position":"center center","background-size":"auto","background-attachment":"scroll","background-type":"","background-media":"","overlay-type":"","overlay-color":"","overlay-opacity":"","overlay-gradient":""}},"ast-content-background-meta":{"desktop":{"background-color":"var(--ast-global-color-5)","background-image":"","background-repeat":"repeat","background-position":"center center","background-size":"auto","background-attachment":"scroll","background-type":"","background-media":"","overlay-type":"","overlay-color":"","overlay-opacity":"","overlay-gradient":""},"tablet":{"background-color":"var(--ast-global-color-5)","background-image":"","background-repeat":"repeat","background-position":"center center","background-size":"auto","background-attachment":"scroll","background-type":"","background-media":"","overlay-type":"","overlay-color":"","overlay-opacity":"","overlay-gradient":""},"mobile":{"background-color":"var(--ast-global-color-5)","background-image":"","background-repeat":"repeat","background-position":"center center","background-size":"auto","background-attachment":"scroll","background-type":"","background-media":"","overlay-type":"","overlay-color":"","overlay-opacity":"","overlay-gradient":""}},"footnotes":""},"categories":[1525],"tags":[593,100,907],"class_list":["post-5229","post","type-post","status-publish","format-standard","has-post-thumbnail","hentry","category-magrada-llegir","tag-habits-lectors","tag-lectura","tag-sant-vicenc-dels-horts"],"post_mailing_queue_ids":[],"_links":{"self":[{"href":"https:\/\/serveiseducatius.xtec.cat\/baixllobregat6\/wp-json\/wp\/v2\/posts\/5229","targetHints":{"allow":["GET"]}}],"collection":[{"href":"https:\/\/serveiseducatius.xtec.cat\/baixllobregat6\/wp-json\/wp\/v2\/posts"}],"about":[{"href":"https:\/\/serveiseducatius.xtec.cat\/baixllobregat6\/wp-json\/wp\/v2\/types\/post"}],"author":[{"embeddable":true,"href":"https:\/\/serveiseducatius.xtec.cat\/baixllobregat6\/wp-json\/wp\/v2\/users\/1"}],"replies":[{"embeddable":true,"href":"https:\/\/serveiseducatius.xtec.cat\/baixllobregat6\/wp-json\/wp\/v2\/comments?post=5229"}],"version-history":[{"count":1,"href":"https:\/\/serveiseducatius.xtec.cat\/baixllobregat6\/wp-json\/wp\/v2\/posts\/5229\/revisions"}],"predecessor-version":[{"id":6057,"href":"https:\/\/serveiseducatius.xtec.cat\/baixllobregat6\/wp-json\/wp\/v2\/posts\/5229\/revisions\/6057"}],"wp:featuredmedia":[{"embeddable":true,"href":"https:\/\/serveiseducatius.xtec.cat\/baixllobregat6\/wp-json\/wp\/v2\/media\/5231"}],"wp:attachment":[{"href":"https:\/\/serveiseducatius.xtec.cat\/baixllobregat6\/wp-json\/wp\/v2\/media?parent=5229"}],"wp:term":[{"taxonomy":"category","embeddable":true,"href":"https:\/\/serveiseducatius.xtec.cat\/baixllobregat6\/wp-json\/wp\/v2\/categories?post=5229"},{"taxonomy":"post_tag","embeddable":true,"href":"https:\/\/serveiseducatius.xtec.cat\/baixllobregat6\/wp-json\/wp\/v2\/tags?post=5229"}],"curies":[{"name":"wp","href":"https:\/\/api.w.org\/{rel}","templated":true}]}}