{"id":5195,"date":"2015-03-20T17:56:35","date_gmt":"2015-03-20T16:56:35","guid":{"rendered":"http:\/\/reporteducacio.cat\/?p=5195"},"modified":"2015-12-22T10:32:53","modified_gmt":"2015-12-22T09:32:53","slug":"santi-balmes-a-laula-dial","status":"publish","type":"post","link":"https:\/\/serveiseducatius.xtec.cat\/baixllobregat6\/dinamitzacio\/aula-dial\/santi-balmes-a-laula-dial\/","title":{"rendered":"Santi Balmes a l&#8217;Aula Dial"},"content":{"rendered":"<p><strong><a href=\"http:\/\/serveiseducatius.xtec.cat\/se-baixllobregat6\/wp-content\/uploads\/usu778\/2015\/03\/Captura-de-pantalla-2015-03-20-a-les-18.58.03.png\"><img loading=\"lazy\" decoding=\"async\" class=\"alignleft wp-image-5198 size-medium\" src=\"http:\/\/serveiseducatius.xtec.cat\/se-baixllobregat6\/wp-content\/uploads\/usu778\/2015\/03\/Captura-de-pantalla-2015-03-20-a-les-18.58.03-300x200.png\" alt=\"Captura de pantalla 2015-03-20 a les 18.58.03\" width=\"300\" height=\"200\" srcset=\"https:\/\/serveiseducatius.xtec.cat\/baixllobregat6\/wp-content\/uploads\/usu778\/2015\/03\/Captura-de-pantalla-2015-03-20-a-les-18.58.03-300x200.png 300w, https:\/\/serveiseducatius.xtec.cat\/baixllobregat6\/wp-content\/uploads\/usu778\/2015\/03\/Captura-de-pantalla-2015-03-20-a-les-18.58.03-1024x683.png 1024w, https:\/\/serveiseducatius.xtec.cat\/baixllobregat6\/wp-content\/uploads\/usu778\/2015\/03\/Captura-de-pantalla-2015-03-20-a-les-18.58.03.png 1224w\" sizes=\"auto, (max-width: 300px) 100vw, 300px\" \/><\/a>Aula Dial,<\/strong> l&#8217;informatiu de les escoles de Sant Vicen\u00e7 dels Horts, editat per <strong>R\u00e0dio Sant Vicen\u00e7 dels Horts<\/strong> amb la col\u00b7laboraci\u00f3 del Pla Educatiu d&#8217;Entorn i del Servei Educatiu Baix Llobregat-6, no para de sorprendre&#8217;ns.<\/p>\n<p>L&#8217;edici\u00f3 d&#8217;enguany que presenta un creixement de participaci\u00f3 molt significatiu i que aprofundeix en l&#8217;experi\u00e8ncia de les anteriors edicions, ha presentat avui la sorpresa de comptar entre els convidats pel 5\u00e8 A de l&#8217;<strong>Escola La Vinyala<\/strong>, amb la pres\u00e8ncia de Santi Balmes de Love of Lesbian que ha fet un unplugged del hit &#8220;All\u00ed donde sol\u00edamos gritar&#8221;<\/p>\n<p>La primera etapa d&#8217;Aula Dial que es remunta al curs 1986\/87, va aconseguir un punt d&#8217;inflexi\u00f3 en la seva renovaci\u00f3 feta a partir del curs 2009\/10 incorporant els elements tecnol\u00f2gics que li aporten un valor afegit com l&#8217;enregistrament en podcast de totes les seves emissions. El programa que ja compta en aquesta nova etapa amb el desenvolupament de la seva sisena temporada, va aconseguir un reconeixement m\u00e9s enll\u00e0 de l&#8217;espai comunicacional local en obtenir el 2013 el <a href=\"http:\/\/reporteducacio.cat\/aula-dial%C2%B7-guanya-el-premi-de-comunicacio-local-de-la-diputacio-de-barcelona-al-millor-programa-de-radio\/\" target=\"_blank\">Primer premi de Comunicaci\u00f3 local a escala nacional <\/a>atorgat per la Diputaci\u00f3 de Barcelona.<\/p>\n<div class=\"ast-oembed-container \" style=\"height: 100%;\"><iframe loading=\"lazy\" title=\"Santi Balmes a Aula Dial, &#039;All\u00ed donde sol\u00edamos gritar&#039;\" width=\"500\" height=\"281\" src=\"https:\/\/www.youtube.com\/embed\/kGSNi9HPFa8?feature=oembed\" frameborder=\"0\" allow=\"accelerometer; autoplay; clipboard-write; encrypted-media; gyroscope; picture-in-picture; web-share\" referrerpolicy=\"strict-origin-when-cross-origin\" allowfullscreen><\/iframe><\/div>\n<p>|PODSCASTS DE\u00a0<a title=\"PODSCASTS D'AULA DIAL\" href=\"https:\/\/enacast.com\/radiosantvicenc\/historic\/auladialcurs20122013\" target=\"_blank\">AULA DIAL<\/a>|<\/p>\n<p>&nbsp;<\/p>\n","protected":false},"excerpt":{"rendered":"<p>Aula Dial, l&#8217;informatiu de les escoles de Sant Vicen\u00e7 dels Horts, editat per R\u00e0dio Sant Vicen\u00e7 dels Horts amb la col\u00b7laboraci\u00f3 del Pla Educatiu d&#8217;Entorn i del Servei Educatiu Baix Llobregat-6, no para de sorprendre&#8217;ns. L&#8217;edici\u00f3 d&#8217;enguany que presenta un creixement de participaci\u00f3 molt significatiu i que aprofundeix en l&#8217;experi\u00e8ncia de les anteriors edicions, ha [&hellip;]<\/p>\n","protected":false},"author":1,"featured_media":5198,"comment_status":"open","ping_status":"open","sticky":false,"template":"","format":"standard","meta":{"_bbp_topic_count":0,"_bbp_reply_count":0,"_bbp_total_topic_count":0,"_bbp_total_reply_count":0,"_bbp_voice_count":0,"_bbp_anonymous_reply_count":0,"_bbp_topic_count_hidden":0,"_bbp_reply_count_hidden":0,"_bbp_forum_subforum_count":0,"site-sidebar-layout":"default","site-content-layout":"","ast-site-content-layout":"","site-content-style":"default","site-sidebar-style":"default","ast-global-header-display":"","ast-banner-title-visibility":"","ast-main-header-display":"","ast-hfb-above-header-display":"","ast-hfb-below-header-display":"","ast-hfb-mobile-header-display":"","site-post-title":"","ast-breadcrumbs-content":"","ast-featured-img":"","footer-sml-layout":"","theme-transparent-header-meta":"","adv-header-id-meta":"","stick-header-meta":"","header-above-stick-meta":"","header-main-stick-meta":"","header-below-stick-meta":"","astra-migrate-meta-layouts":"default","ast-page-background-enabled":"default","ast-page-background-meta":{"desktop":{"background-color":"var(--ast-global-color-4)","background-image":"","background-repeat":"repeat","background-position":"center center","background-size":"auto","background-attachment":"scroll","background-type":"","background-media":"","overlay-type":"","overlay-color":"","overlay-opacity":"","overlay-gradient":""},"tablet":{"background-color":"","background-image":"","background-repeat":"repeat","background-position":"center center","background-size":"auto","background-attachment":"scroll","background-type":"","background-media":"","overlay-type":"","overlay-color":"","overlay-opacity":"","overlay-gradient":""},"mobile":{"background-color":"","background-image":"","background-repeat":"repeat","background-position":"center center","background-size":"auto","background-attachment":"scroll","background-type":"","background-media":"","overlay-type":"","overlay-color":"","overlay-opacity":"","overlay-gradient":""}},"ast-content-background-meta":{"desktop":{"background-color":"var(--ast-global-color-5)","background-image":"","background-repeat":"repeat","background-position":"center center","background-size":"auto","background-attachment":"scroll","background-type":"","background-media":"","overlay-type":"","overlay-color":"","overlay-opacity":"","overlay-gradient":""},"tablet":{"background-color":"var(--ast-global-color-5)","background-image":"","background-repeat":"repeat","background-position":"center center","background-size":"auto","background-attachment":"scroll","background-type":"","background-media":"","overlay-type":"","overlay-color":"","overlay-opacity":"","overlay-gradient":""},"mobile":{"background-color":"var(--ast-global-color-5)","background-image":"","background-repeat":"repeat","background-position":"center center","background-size":"auto","background-attachment":"scroll","background-type":"","background-media":"","overlay-type":"","overlay-color":"","overlay-opacity":"","overlay-gradient":""}},"footnotes":""},"categories":[1037],"tags":[255,501,715,108,907,909],"class_list":["post-5195","post","type-post","status-publish","format-standard","has-post-thumbnail","hentry","category-aula-dial","tag-aula-dial","tag-escola-la-vinyala","tag-love-of-lesbian","tag-radio","tag-sant-vicenc-dels-horts","tag-santi-balmes"],"post_mailing_queue_ids":[],"_links":{"self":[{"href":"https:\/\/serveiseducatius.xtec.cat\/baixllobregat6\/wp-json\/wp\/v2\/posts\/5195","targetHints":{"allow":["GET"]}}],"collection":[{"href":"https:\/\/serveiseducatius.xtec.cat\/baixllobregat6\/wp-json\/wp\/v2\/posts"}],"about":[{"href":"https:\/\/serveiseducatius.xtec.cat\/baixllobregat6\/wp-json\/wp\/v2\/types\/post"}],"author":[{"embeddable":true,"href":"https:\/\/serveiseducatius.xtec.cat\/baixllobregat6\/wp-json\/wp\/v2\/users\/1"}],"replies":[{"embeddable":true,"href":"https:\/\/serveiseducatius.xtec.cat\/baixllobregat6\/wp-json\/wp\/v2\/comments?post=5195"}],"version-history":[{"count":1,"href":"https:\/\/serveiseducatius.xtec.cat\/baixllobregat6\/wp-json\/wp\/v2\/posts\/5195\/revisions"}],"predecessor-version":[{"id":6018,"href":"https:\/\/serveiseducatius.xtec.cat\/baixllobregat6\/wp-json\/wp\/v2\/posts\/5195\/revisions\/6018"}],"wp:featuredmedia":[{"embeddable":true,"href":"https:\/\/serveiseducatius.xtec.cat\/baixllobregat6\/wp-json\/wp\/v2\/media\/5198"}],"wp:attachment":[{"href":"https:\/\/serveiseducatius.xtec.cat\/baixllobregat6\/wp-json\/wp\/v2\/media?parent=5195"}],"wp:term":[{"taxonomy":"category","embeddable":true,"href":"https:\/\/serveiseducatius.xtec.cat\/baixllobregat6\/wp-json\/wp\/v2\/categories?post=5195"},{"taxonomy":"post_tag","embeddable":true,"href":"https:\/\/serveiseducatius.xtec.cat\/baixllobregat6\/wp-json\/wp\/v2\/tags?post=5195"}],"curies":[{"name":"wp","href":"https:\/\/api.w.org\/{rel}","templated":true}]}}