{"id":4645,"date":"2014-04-22T14:12:58","date_gmt":"2014-04-22T13:12:58","guid":{"rendered":"http:\/\/reporteducacio.cat\/?p=4645"},"modified":"2016-02-23T13:03:09","modified_gmt":"2016-02-23T12:03:09","slug":"jornada-joves-educacio-i-salut-mental-experiencies-nacionals-i-europees","status":"publish","type":"post","link":"https:\/\/serveiseducatius.xtec.cat\/baixllobregat6\/diversitat-en-xarxa\/conducta\/jornada-joves-educacio-i-salut-mental-experiencies-nacionals-i-europees\/","title":{"rendered":"JORNADA: Joves, educaci\u00f3 i salut mental. Experi\u00e8ncies nacionals i europees"},"content":{"rendered":"<p><a href=\"http:\/\/serveiseducatius.xtec.cat\/se-baixllobregat6\/wp-content\/uploads\/usu778\/2014\/04\/jornadacaixaforum1.png\"><img loading=\"lazy\" decoding=\"async\" class=\"alignleft  wp-image-4646\" alt=\"jornadacaixaforum1\" src=\"http:\/\/serveiseducatius.xtec.cat\/se-baixllobregat6\/wp-content\/uploads\/usu778\/2014\/04\/jornadacaixaforum1.png\" width=\"312\" height=\"168\" srcset=\"https:\/\/serveiseducatius.xtec.cat\/baixllobregat6\/wp-content\/uploads\/usu778\/2014\/04\/jornadacaixaforum1.png 520w, https:\/\/serveiseducatius.xtec.cat\/baixllobregat6\/wp-content\/uploads\/usu778\/2014\/04\/jornadacaixaforum1-300x162.png 300w\" sizes=\"auto, (max-width: 312px) 100vw, 312px\" \/><\/a><\/p>\n<p>Segons dades de l\u2019Organitzaci\u00f3 Mundial de la Salut, un 20% dels joves d\u2019arreu del m\u00f3n tenen algun trastorn mental. La Generalitat, per la seva part, quantifica que quasi un 7% dels infants i adolescents entre 4 i 14 anys pateixen algun trastorn mental en un any, la probabilitat del qual augmenta segons la seva classe social.<br \/>\nEn el cas dels joves, la prevenci\u00f3 i promoci\u00f3 de la salut i el m\u00f3n educatiu esdevenen crucials per combatre aquestes dades, perqu\u00e8 intenten actuar sobre les causes abans que el trastorn es desenvolupi. Aquest panorama ens obliga a analitzar l\u2019estat actual de la salut mental entre els joves de Catalunya, i a debatre sobre quina \u00e9s la millor manera de prevenir i promocionar el benestar f\u00edsic, ps\u00edquic i emocional de la nostra poblaci\u00f3 juvenil.<br \/>\nEls objectius d\u2019aquesta jornada passen, doncs, per realitzar una aproximaci\u00f3 a la realitat dels joves de Catalunya, con\u00e8ixer experi\u00e8ncies que s\u2019estan portant a terme amb \u00e8xit, i avaluar la necessitat de coordinaci\u00f3 entre el m\u00f3n educatiu, social i sanitari per atendre amb la m\u00e0xima efic\u00e0cia les necessitats dels joves de Catalunya d\u2019una manera integral.<\/p>\n<p>Val a dir, que la Taula rodona: <em><strong>Articulaci\u00f3 dels \u00e0mbits educatius i de salut per millorar l\u2019atenci\u00f3 als joves<\/strong><\/em>, ser\u00e0 moderada per <strong>Dolors Viqu\u00e9<\/strong> ( @dolorsvique ),\u00a0\u00a0psicopedagoga de l&#8217;EAP del Servei Educatiu Baix Llobregat-6.<\/p>\n<p><a title=\"Jornada SMC\" href=\"http:\/\/www.salutmental.org\/wp-content\/uploads\/2014\/04\/triptic_JornadaJoves3.pdf\" target=\"_blank\">Programa complet de la Jornada<\/a><\/p>\n","protected":false},"excerpt":{"rendered":"<p>Segons dades de l\u2019Organitzaci\u00f3 Mundial de la Salut, un 20% dels joves d\u2019arreu del m\u00f3n tenen algun trastorn mental. La Generalitat, per la seva part, quantifica que quasi un 7% dels infants i adolescents entre 4 i 14 anys pateixen algun trastorn mental en un any, la probabilitat del qual augmenta segons la seva classe [&hellip;]<\/p>\n","protected":false},"author":1,"featured_media":4646,"comment_status":"open","ping_status":"open","sticky":false,"template":"","format":"standard","meta":{"_bbp_topic_count":0,"_bbp_reply_count":0,"_bbp_total_topic_count":0,"_bbp_total_reply_count":0,"_bbp_voice_count":0,"_bbp_anonymous_reply_count":0,"_bbp_topic_count_hidden":0,"_bbp_reply_count_hidden":0,"_bbp_forum_subforum_count":0,"site-sidebar-layout":"default","site-content-layout":"","ast-site-content-layout":"","site-content-style":"default","site-sidebar-style":"default","ast-global-header-display":"","ast-banner-title-visibility":"","ast-main-header-display":"","ast-hfb-above-header-display":"","ast-hfb-below-header-display":"","ast-hfb-mobile-header-display":"","site-post-title":"","ast-breadcrumbs-content":"","ast-featured-img":"","footer-sml-layout":"","theme-transparent-header-meta":"","adv-header-id-meta":"","stick-header-meta":"","header-above-stick-meta":"","header-main-stick-meta":"","header-below-stick-meta":"","astra-migrate-meta-layouts":"default","ast-page-background-enabled":"default","ast-page-background-meta":{"desktop":{"background-color":"var(--ast-global-color-4)","background-image":"","background-repeat":"repeat","background-position":"center center","background-size":"auto","background-attachment":"scroll","background-type":"","background-media":"","overlay-type":"","overlay-color":"","overlay-opacity":"","overlay-gradient":""},"tablet":{"background-color":"","background-image":"","background-repeat":"repeat","background-position":"center center","background-size":"auto","background-attachment":"scroll","background-type":"","background-media":"","overlay-type":"","overlay-color":"","overlay-opacity":"","overlay-gradient":""},"mobile":{"background-color":"","background-image":"","background-repeat":"repeat","background-position":"center center","background-size":"auto","background-attachment":"scroll","background-type":"","background-media":"","overlay-type":"","overlay-color":"","overlay-opacity":"","overlay-gradient":""}},"ast-content-background-meta":{"desktop":{"background-color":"var(--ast-global-color-5)","background-image":"","background-repeat":"repeat","background-position":"center center","background-size":"auto","background-attachment":"scroll","background-type":"","background-media":"","overlay-type":"","overlay-color":"","overlay-opacity":"","overlay-gradient":""},"tablet":{"background-color":"var(--ast-global-color-5)","background-image":"","background-repeat":"repeat","background-position":"center center","background-size":"auto","background-attachment":"scroll","background-type":"","background-media":"","overlay-type":"","overlay-color":"","overlay-opacity":"","overlay-gradient":""},"mobile":{"background-color":"var(--ast-global-color-5)","background-image":"","background-repeat":"repeat","background-position":"center center","background-size":"auto","background-attachment":"scroll","background-type":"","background-media":"","overlay-type":"","overlay-color":"","overlay-opacity":"","overlay-gradient":""}},"footnotes":""},"categories":[1496],"tags":[208,616,621,650,672,1499,903],"class_list":["post-4645","post","type-post","status-publish","format-standard","has-post-thumbnail","hentry","category-conducta","tag-adolescents","tag-inclusio","tag-infants","tag-intercanvi-dexperiencies","tag-joves","tag-mestresee","tag-salut-mental"],"post_mailing_queue_ids":[],"_links":{"self":[{"href":"https:\/\/serveiseducatius.xtec.cat\/baixllobregat6\/wp-json\/wp\/v2\/posts\/4645","targetHints":{"allow":["GET"]}}],"collection":[{"href":"https:\/\/serveiseducatius.xtec.cat\/baixllobregat6\/wp-json\/wp\/v2\/posts"}],"about":[{"href":"https:\/\/serveiseducatius.xtec.cat\/baixllobregat6\/wp-json\/wp\/v2\/types\/post"}],"author":[{"embeddable":true,"href":"https:\/\/serveiseducatius.xtec.cat\/baixllobregat6\/wp-json\/wp\/v2\/users\/1"}],"replies":[{"embeddable":true,"href":"https:\/\/serveiseducatius.xtec.cat\/baixllobregat6\/wp-json\/wp\/v2\/comments?post=4645"}],"version-history":[{"count":1,"href":"https:\/\/serveiseducatius.xtec.cat\/baixllobregat6\/wp-json\/wp\/v2\/posts\/4645\/revisions"}],"predecessor-version":[{"id":6182,"href":"https:\/\/serveiseducatius.xtec.cat\/baixllobregat6\/wp-json\/wp\/v2\/posts\/4645\/revisions\/6182"}],"wp:featuredmedia":[{"embeddable":true,"href":"https:\/\/serveiseducatius.xtec.cat\/baixllobregat6\/wp-json\/wp\/v2\/media\/4646"}],"wp:attachment":[{"href":"https:\/\/serveiseducatius.xtec.cat\/baixllobregat6\/wp-json\/wp\/v2\/media?parent=4645"}],"wp:term":[{"taxonomy":"category","embeddable":true,"href":"https:\/\/serveiseducatius.xtec.cat\/baixllobregat6\/wp-json\/wp\/v2\/categories?post=4645"},{"taxonomy":"post_tag","embeddable":true,"href":"https:\/\/serveiseducatius.xtec.cat\/baixllobregat6\/wp-json\/wp\/v2\/tags?post=4645"}],"curies":[{"name":"wp","href":"https:\/\/api.w.org\/{rel}","templated":true}]}}