{"id":4631,"date":"2014-03-13T08:35:11","date_gmt":"2014-03-13T07:35:11","guid":{"rendered":"http:\/\/reporteducacio.cat\/?p=4631"},"modified":"2015-12-24T12:50:13","modified_gmt":"2015-12-24T11:50:13","slug":"guia-didactica-societat-vida-historia-en-catala-a-sant-vicenc-dels-horts","status":"publish","type":"post","link":"https:\/\/serveiseducatius.xtec.cat\/baixllobregat6\/pee020\/guia-didactica-societat-vida-historia-en-catala-a-sant-vicenc-dels-horts\/","title":{"rendered":"Guia did\u00e0ctica \u00abSocietat, vida, hist\u00f2ria en catal\u00e0 a Sant Vicen\u00e7 dels Horts\u00bb"},"content":{"rendered":"<p><strong><a href=\"http:\/\/serveiseducatius.xtec.cat\/se-baixllobregat6\/wp-content\/uploads\/usu778\/2014\/03\/GUIADIDADACTICASVHSOCIETATLLENGUA.jpg\"><img loading=\"lazy\" decoding=\"async\" class=\"alignleft  wp-image-4632\" alt=\"GUIADIDADACTICASVHSOCIETATLLENGUA\" src=\"http:\/\/serveiseducatius.xtec.cat\/se-baixllobregat6\/wp-content\/uploads\/usu778\/2014\/03\/GUIADIDADACTICASVHSOCIETATLLENGUA.jpg\" width=\"312\" height=\"206\" srcset=\"https:\/\/serveiseducatius.xtec.cat\/baixllobregat6\/wp-content\/uploads\/usu778\/2014\/03\/GUIADIDADACTICASVHSOCIETATLLENGUA.jpg 520w, https:\/\/serveiseducatius.xtec.cat\/baixllobregat6\/wp-content\/uploads\/usu778\/2014\/03\/GUIADIDADACTICASVHSOCIETATLLENGUA-300x198.jpg 300w\" sizes=\"auto, (max-width: 312px) 100vw, 312px\" \/><\/a>\u00abSocietat, vida, hist\u00f2ria en catal\u00e0\u00bb<\/strong> a Sant Vicen\u00e7 dels Horts \u00e9s una exposici\u00f3 creada per l\u2019<strong>Arxiu Municipal i el Servei Local de Catal\u00e0<\/strong> (SLC) amb l\u2019objectiu de donar a con\u00e8ixer a la poblaci\u00f3 en general la pres\u00e8ncia del catal\u00e0 al municipi al llarg de la hist\u00f2ria, des del 1651 fins al segle XXI. Concebuda com a exposici\u00f3 itinerant, s\u2019ha estructurat en nou plafons que contenen mostres documentals i fotogr\u00e0fiques dedicades als \u00e0mbits seg\u00fcents: la fam\u00edlia, la cultura, l\u2019administraci\u00f3, els autors vicentins i la normalitzaci\u00f3 ling\u00fc\u00edstica.<\/p>\n<p>Els objectius de l\u2019exposici\u00f3 s\u00f3n diversos. Per una banda, es vol mostrar que alguns fets hist\u00f2rics incideixen en el dia a dia de la poblaci\u00f3, com la prohibici\u00f3 de parlar en catal\u00e0 durant el franquisme, i que la hist\u00f2ria local pot arribar tamb\u00e9 a incidir en la hist\u00f2ria m\u00e9s general, com els canvis demogr\u00e0fics. Per altra banda, s\u2019insisteix en el fet que la hist\u00f2ria ens ha dut a una situaci\u00f3 socioling\u00fc\u00edstica que cal con\u00e8ixer, de la mateixa manera que s\u2019han de con\u00e8ixer les campanyes que s\u2019han dut a terme per contrarestar-la i es pren consci\u00e8ncia del nostre paper com a transmissors de conductes ling\u00fc\u00edstiques.<\/p>\n<p>Quant a la inserci\u00f3 curricular dels continguts que s\u2019hi tracten, cal dir que aquesta exposici\u00f3 no s\u2019emmarca en cap assignatura en concret, sin\u00f3 que abasta coneixements de diferents disciplines: hist\u00f2ria, demografia, geografia, llengua, etc. \u00c9s precisament aquesta transversalitat de coneixements el que ens permet assolir els objectius marcats d\u2019una manera satisfact\u00f2ria.<\/p>\n<p>En el cas dels centres educatius, l\u2019exposici\u00f3 va acompanyada d\u2019 una <strong>guia did\u00e0ctica<\/strong> que pret\u00e9n que la visita sigui ben profitosa per a tot l\u2019alumnat, ja sigui destacant determinats continguts o b\u00e9 proposant activitats que en millorin el coneixement. La guia did\u00e0ctica que teniu a les mans \u00e9s, en definitiva, una invitaci\u00f3 a la reflexi\u00f3, a la formaci\u00f3 d\u2019idees, al desenvolupament de l\u2019esperit cr\u00edtic i a la presa de consci\u00e8ncia.<\/p>\n<p>|<a title=\"GUIA DID\u00c0CTICA\" href=\"https:\/\/docs.google.com\/a\/xtec.cat\/file\/d\/0B9kbO7XwPkh4OUQ5a1lJWVhRNGM\/edit\" target=\"_blank\">ACC\u00c9S A LA GUIA DID\u00c0CTICA<\/a>|<\/p>\n","protected":false},"excerpt":{"rendered":"<p>\u00abSocietat, vida, hist\u00f2ria en catal\u00e0\u00bb a Sant Vicen\u00e7 dels Horts \u00e9s una exposici\u00f3 creada per l\u2019Arxiu Municipal i el Servei Local de Catal\u00e0 (SLC) amb l\u2019objectiu de donar a con\u00e8ixer a la poblaci\u00f3 en general la pres\u00e8ncia del catal\u00e0 al municipi al llarg de la hist\u00f2ria, des del 1651 fins al segle XXI. Concebuda com [&hellip;]<\/p>\n","protected":false},"author":1,"featured_media":4632,"comment_status":"open","ping_status":"open","sticky":false,"template":"","format":"standard","meta":{"_bbp_topic_count":0,"_bbp_reply_count":0,"_bbp_total_topic_count":0,"_bbp_total_reply_count":0,"_bbp_voice_count":0,"_bbp_anonymous_reply_count":0,"_bbp_topic_count_hidden":0,"_bbp_reply_count_hidden":0,"_bbp_forum_subforum_count":0,"site-sidebar-layout":"default","site-content-layout":"","ast-site-content-layout":"","site-content-style":"default","site-sidebar-style":"default","ast-global-header-display":"","ast-banner-title-visibility":"","ast-main-header-display":"","ast-hfb-above-header-display":"","ast-hfb-below-header-display":"","ast-hfb-mobile-header-display":"","site-post-title":"","ast-breadcrumbs-content":"","ast-featured-img":"","footer-sml-layout":"","theme-transparent-header-meta":"","adv-header-id-meta":"","stick-header-meta":"","header-above-stick-meta":"","header-main-stick-meta":"","header-below-stick-meta":"","astra-migrate-meta-layouts":"default","ast-page-background-enabled":"default","ast-page-background-meta":{"desktop":{"background-color":"var(--ast-global-color-4)","background-image":"","background-repeat":"repeat","background-position":"center center","background-size":"auto","background-attachment":"scroll","background-type":"","background-media":"","overlay-type":"","overlay-color":"","overlay-opacity":"","overlay-gradient":""},"tablet":{"background-color":"","background-image":"","background-repeat":"repeat","background-position":"center center","background-size":"auto","background-attachment":"scroll","background-type":"","background-media":"","overlay-type":"","overlay-color":"","overlay-opacity":"","overlay-gradient":""},"mobile":{"background-color":"","background-image":"","background-repeat":"repeat","background-position":"center center","background-size":"auto","background-attachment":"scroll","background-type":"","background-media":"","overlay-type":"","overlay-color":"","overlay-opacity":"","overlay-gradient":""}},"ast-content-background-meta":{"desktop":{"background-color":"var(--ast-global-color-5)","background-image":"","background-repeat":"repeat","background-position":"center center","background-size":"auto","background-attachment":"scroll","background-type":"","background-media":"","overlay-type":"","overlay-color":"","overlay-opacity":"","overlay-gradient":""},"tablet":{"background-color":"var(--ast-global-color-5)","background-image":"","background-repeat":"repeat","background-position":"center center","background-size":"auto","background-attachment":"scroll","background-type":"","background-media":"","overlay-type":"","overlay-color":"","overlay-opacity":"","overlay-gradient":""},"mobile":{"background-color":"var(--ast-global-color-5)","background-image":"","background-repeat":"repeat","background-position":"center center","background-size":"auto","background-attachment":"scroll","background-type":"","background-media":"","overlay-type":"","overlay-color":"","overlay-opacity":"","overlay-gradient":""}},"footnotes":""},"categories":[75],"tags":[533,700,703,907],"class_list":["post-4631","post","type-post","status-publish","format-standard","has-post-thumbnail","hentry","category-pee020","tag-exposicio","tag-llengua","tag-llengua-catalana","tag-sant-vicenc-dels-horts"],"post_mailing_queue_ids":[],"_links":{"self":[{"href":"https:\/\/serveiseducatius.xtec.cat\/baixllobregat6\/wp-json\/wp\/v2\/posts\/4631","targetHints":{"allow":["GET"]}}],"collection":[{"href":"https:\/\/serveiseducatius.xtec.cat\/baixllobregat6\/wp-json\/wp\/v2\/posts"}],"about":[{"href":"https:\/\/serveiseducatius.xtec.cat\/baixllobregat6\/wp-json\/wp\/v2\/types\/post"}],"author":[{"embeddable":true,"href":"https:\/\/serveiseducatius.xtec.cat\/baixllobregat6\/wp-json\/wp\/v2\/users\/1"}],"replies":[{"embeddable":true,"href":"https:\/\/serveiseducatius.xtec.cat\/baixllobregat6\/wp-json\/wp\/v2\/comments?post=4631"}],"version-history":[{"count":1,"href":"https:\/\/serveiseducatius.xtec.cat\/baixllobregat6\/wp-json\/wp\/v2\/posts\/4631\/revisions"}],"predecessor-version":[{"id":6234,"href":"https:\/\/serveiseducatius.xtec.cat\/baixllobregat6\/wp-json\/wp\/v2\/posts\/4631\/revisions\/6234"}],"wp:featuredmedia":[{"embeddable":true,"href":"https:\/\/serveiseducatius.xtec.cat\/baixllobregat6\/wp-json\/wp\/v2\/media\/4632"}],"wp:attachment":[{"href":"https:\/\/serveiseducatius.xtec.cat\/baixllobregat6\/wp-json\/wp\/v2\/media?parent=4631"}],"wp:term":[{"taxonomy":"category","embeddable":true,"href":"https:\/\/serveiseducatius.xtec.cat\/baixllobregat6\/wp-json\/wp\/v2\/categories?post=4631"},{"taxonomy":"post_tag","embeddable":true,"href":"https:\/\/serveiseducatius.xtec.cat\/baixllobregat6\/wp-json\/wp\/v2\/tags?post=4631"}],"curies":[{"name":"wp","href":"https:\/\/api.w.org\/{rel}","templated":true}]}}