{"id":4405,"date":"2013-11-27T19:54:36","date_gmt":"2013-11-27T18:54:36","guid":{"rendered":"http:\/\/reporteducacio.cat\/?p=4405"},"modified":"2015-12-22T11:27:54","modified_gmt":"2015-12-22T10:27:54","slug":"oriol-junqueras-el-vincle-entre-empreses-universitat-i-centres-educatius-es-clau-per-sortir-de-la-crisi-al-baix-llobregat","status":"publish","type":"post","link":"https:\/\/serveiseducatius.xtec.cat\/baixllobregat6\/pee020\/oriol-junqueras-el-vincle-entre-empreses-universitat-i-centres-educatius-es-clau-per-sortir-de-la-crisi-al-baix-llobregat\/","title":{"rendered":"Oriol Junqueras: &#8220;El vincle entre empreses, universitat i centres educatius \u00e9s clau per sortir de la crisi al Baix Llobregat&#8221;"},"content":{"rendered":"<p><a href=\"http:\/\/serveiseducatius.xtec.cat\/se-baixllobregat6\/wp-content\/uploads\/usu778\/2013\/11\/224_width_2711130319_dsc-0362.jpg\"><img loading=\"lazy\" decoding=\"async\" class=\"alignleft  wp-image-4406\" alt=\"224_width_2711130319_dsc-0362\" src=\"http:\/\/serveiseducatius.xtec.cat\/se-baixllobregat6\/wp-content\/uploads\/usu778\/2013\/11\/224_width_2711130319_dsc-0362.jpg\" width=\"224\" height=\"149\" \/><\/a>Una delegaci\u00f3 de Sant Vicen\u00e7 dels Horts, encap\u00e7alada per l\u2019alcalde Oriol Junqueras, va visitar ahir el campus de la Universitat Polit\u00e8cnica de Catalunya (UPC) a Castelldefels. Es tracta d\u2019una f\u00f3rmula pionera al campus, basada en grups <!--more-->de treball interdisciplinaris i que es vol estendre a d\u2019altres poblacions. L\u2019objectiu era donar a con\u00e8ixer els \u00e0mbits de col\u2022laboraci\u00f3 entre l\u2019UPC i l\u2019Ajuntament i les possibilitats de futur en recerca i formaci\u00f3 d\u2019aquest campus del Baix Llobregat.<\/p>\n<p>Tamb\u00e9 es va fer una an\u00e0lisi de les necessitats dels instituts i les empreses vicentines pel que fa a recerca, aix\u00ed com de la formaci\u00f3 i l\u2019acompanyament que pot oferir el campus de l\u2019UPC.<\/p>\n<div>\n<p>L\u2019alcalde, Oriol Junqueras, va fer un balan\u00e7 positiu de la relaci\u00f3 del municipi amb l\u2019UPC, i va destacar el campus com una eina per ajudar a millorar l\u2019economia. \u201cLa pres\u00e8ncia industrial a la nostra comarca \u00e9s un element que ens ajuda a resistir la crisi una mica millor i que ens d\u00f3na expectatives de superar-la tan aviat com sigui possible. La Polit\u00e8cnica t\u00e9 un paper molt important a jugar, que dependr\u00e0 tamb\u00e9 de l\u2019habilitat de les nostres empreses\u201d, va explicar Junqueras. I va afegir: \u201cEstem segurs que aquest vincle entre l\u2019UPC i Sant Vicen\u00e7 dels Horts, les seves empreses i els seus centres educatius ser\u00e0 cada dia millor\u201d.<\/p>\n<p><strong>Una trentena de representants\u00a0<\/strong><br \/>\nUna trentena de representants de diferents \u00e0mbits van explicar a l\u2019UPC quines s\u00f3n les necessitats i els interessos de Sant Vicen\u00e7 dels Horts. A m\u00e9s de l\u2019alcalde, hi van assistir els regidors Paco Rodr\u00edguez (Ocupaci\u00f3 i Empresa), Merc\u00e8 Andreu (Educaci\u00f3), Cati Mestres (Relacions Institucionals) i Jordi Gil (Joventut i Inf\u00e0ncia).<br \/>\nTamb\u00e9 hi van participar professors dels tres instituts de Sant Vicen\u00e7 (Gabriela Mistral, Frederic Mompou i Salesians) i del centre Iris, aix\u00ed com una quinzena de representants d\u2019empreses vicentines, des d\u2019Ivascular, a Aquap\u00f2nia, AMES, Tallers Urpinas, Infun i Miquel Camps, entre d\u2019altres, a m\u00e9s de representants del petit comer\u00e7.<\/p>\n<p><strong>Programa Mart XXI i les\u00a0<em>smart cities\u00a0<\/em><\/strong><br \/>\nEl delegat del rector en funcions de l\u2019UPC al campus de Castelldefels, Daniel L\u00f3pez, va presentar l\u2019UPC com una universitat al servei de la comarca. \u201cLa nostra voluntat com a campus \u00e9s realment ser la universitat del Baix Llobregat, tenir arrels fondes dins del territori, i per aix\u00f2 hem procurat ser actius\u201d, va explicar Daniel L\u00f3pez, que va destacar el programa Mart XXI com un bon exemple \u201cper intentar ajudar els joves de l\u2019ESO amb capacitats per\u00f2 desencisats per tal que puguin seguir estudiant i amb resultats molt positius\u201d. En el marc d\u2019aquest programa i en col\u2022laboraci\u00f3 amb la universitat, alumnes vicentins han recreat els \u00faltims cursos com serien les condicions d\u2019una futura col\u00f2nia humana al planeta vermell. En aquesta trobada tamb\u00e9 es va exposar la tasca dels instituts vicentins en la fabricaci\u00f3 de sensors per al circuit d\u2019\u00a0<em>smart city\u00a0<\/em>(ciutat intel\u00b7ligent) existent a Sant Vicen\u00e7, aix\u00ed com la construcci\u00f3 d\u2019una maqueta que reprodueix fidelment tot el sistema distribu\u00eft pels carrers.<\/p>\n<p>D\u2019altra banda, el delegat del rector tamb\u00e9 va insistir en la voluntat de col\u00b7laborar amb el teixit econ\u00f2mic: \u201cL\u2019UPC, per especialitat o per disciplines que tenim, i per la nostra proximitat amb les ind\u00fastries, fa que sigui molt normal per nosaltres poder signar convenis de recerca i desenvolupament amb empreses\u201d.<\/p>\n<p>Actualment, l\u2019UPC ja col\u00b7labora amb l\u2019Ajuntament de Sant Vicen\u00e7 dels Horts en els \u00e0mbits agroalimentari, de log\u00edstica i d\u2019smart cities.<\/p>\n<p>R\u00e0dio Sant Vicen\u00e7 obria ahir amb aquesta not\u00edcia, com a tema de portada:<\/p><\/div>\n<p><iframe loading=\"lazy\" src=\"http:\/\/enacast.com\/iframe\/21973\" height=\"220\" width=\"600\" allowfullscreen=\"\" frameborder=\"0\"><\/iframe><\/p>\n<p>Font: \u00a0<a title=\"UPC\" href=\"http:\/\/www.svh.cat\/actualitat\/noticies\/oriol-junqueras-el-vincle-entre-empreses-universitat-i-centres-educatius-es-clau-per-sortir-de-la-crisi-al-baix-llobregat.html\" target=\"_blank\">Ajuntament de Sant Vicen\u00e7 dels Horts<\/a>\u00a0|PREMSA i COMUNICACI\u00d3|<br \/>\nDimecres, 27 de novembre de 2013<\/p>\n","protected":false},"excerpt":{"rendered":"<p>Una delegaci\u00f3 de Sant Vicen\u00e7 dels Horts, encap\u00e7alada per l\u2019alcalde Oriol Junqueras, va visitar ahir el campus de la Universitat Polit\u00e8cnica de Catalunya (UPC) a Castelldefels. Es tracta d\u2019una f\u00f3rmula pionera al campus, basada en grups<\/p>\n","protected":false},"author":1,"featured_media":4406,"comment_status":"open","ping_status":"open","sticky":false,"template":"","format":"standard","meta":{"_bbp_topic_count":0,"_bbp_reply_count":0,"_bbp_total_topic_count":0,"_bbp_total_reply_count":0,"_bbp_voice_count":0,"_bbp_anonymous_reply_count":0,"_bbp_topic_count_hidden":0,"_bbp_reply_count_hidden":0,"_bbp_forum_subforum_count":0,"site-sidebar-layout":"default","site-content-layout":"","ast-site-content-layout":"","site-content-style":"default","site-sidebar-style":"default","ast-global-header-display":"","ast-banner-title-visibility":"","ast-main-header-display":"","ast-hfb-above-header-display":"","ast-hfb-below-header-display":"","ast-hfb-mobile-header-display":"","site-post-title":"","ast-breadcrumbs-content":"","ast-featured-img":"","footer-sml-layout":"","theme-transparent-header-meta":"","adv-header-id-meta":"","stick-header-meta":"","header-above-stick-meta":"","header-main-stick-meta":"","header-below-stick-meta":"","astra-migrate-meta-layouts":"default","ast-page-background-enabled":"default","ast-page-background-meta":{"desktop":{"background-color":"var(--ast-global-color-4)","background-image":"","background-repeat":"repeat","background-position":"center center","background-size":"auto","background-attachment":"scroll","background-type":"","background-media":"","overlay-type":"","overlay-color":"","overlay-opacity":"","overlay-gradient":""},"tablet":{"background-color":"","background-image":"","background-repeat":"repeat","background-position":"center center","background-size":"auto","background-attachment":"scroll","background-type":"","background-media":"","overlay-type":"","overlay-color":"","overlay-opacity":"","overlay-gradient":""},"mobile":{"background-color":"","background-image":"","background-repeat":"repeat","background-position":"center center","background-size":"auto","background-attachment":"scroll","background-type":"","background-media":"","overlay-type":"","overlay-color":"","overlay-opacity":"","overlay-gradient":""}},"ast-content-background-meta":{"desktop":{"background-color":"var(--ast-global-color-5)","background-image":"","background-repeat":"repeat","background-position":"center center","background-size":"auto","background-attachment":"scroll","background-type":"","background-media":"","overlay-type":"","overlay-color":"","overlay-opacity":"","overlay-gradient":""},"tablet":{"background-color":"var(--ast-global-color-5)","background-image":"","background-repeat":"repeat","background-position":"center center","background-size":"auto","background-attachment":"scroll","background-type":"","background-media":"","overlay-type":"","overlay-color":"","overlay-opacity":"","overlay-gradient":""},"mobile":{"background-color":"var(--ast-global-color-5)","background-image":"","background-repeat":"repeat","background-position":"center center","background-size":"auto","background-attachment":"scroll","background-type":"","background-media":"","overlay-type":"","overlay-color":"","overlay-opacity":"","overlay-gradient":""}},"footnotes":""},"categories":[75],"tags":[222,268,293,313,447,854,877,907,992],"class_list":["post-4405","post","type-post","status-publish","format-standard","has-post-thumbnail","hentry","category-pee020","tag-alumnes","tag-batxillerat","tag-castelldefels","tag-cicles-formatius","tag-educacio-secundaria","tag-professorat","tag-recerca","tag-sant-vicenc-dels-horts","tag-universitat-politecnica-de-catalunya"],"post_mailing_queue_ids":[],"_links":{"self":[{"href":"https:\/\/serveiseducatius.xtec.cat\/baixllobregat6\/wp-json\/wp\/v2\/posts\/4405","targetHints":{"allow":["GET"]}}],"collection":[{"href":"https:\/\/serveiseducatius.xtec.cat\/baixllobregat6\/wp-json\/wp\/v2\/posts"}],"about":[{"href":"https:\/\/serveiseducatius.xtec.cat\/baixllobregat6\/wp-json\/wp\/v2\/types\/post"}],"author":[{"embeddable":true,"href":"https:\/\/serveiseducatius.xtec.cat\/baixllobregat6\/wp-json\/wp\/v2\/users\/1"}],"replies":[{"embeddable":true,"href":"https:\/\/serveiseducatius.xtec.cat\/baixllobregat6\/wp-json\/wp\/v2\/comments?post=4405"}],"version-history":[{"count":1,"href":"https:\/\/serveiseducatius.xtec.cat\/baixllobregat6\/wp-json\/wp\/v2\/posts\/4405\/revisions"}],"predecessor-version":[{"id":6043,"href":"https:\/\/serveiseducatius.xtec.cat\/baixllobregat6\/wp-json\/wp\/v2\/posts\/4405\/revisions\/6043"}],"wp:featuredmedia":[{"embeddable":true,"href":"https:\/\/serveiseducatius.xtec.cat\/baixllobregat6\/wp-json\/wp\/v2\/media\/4406"}],"wp:attachment":[{"href":"https:\/\/serveiseducatius.xtec.cat\/baixllobregat6\/wp-json\/wp\/v2\/media?parent=4405"}],"wp:term":[{"taxonomy":"category","embeddable":true,"href":"https:\/\/serveiseducatius.xtec.cat\/baixllobregat6\/wp-json\/wp\/v2\/categories?post=4405"},{"taxonomy":"post_tag","embeddable":true,"href":"https:\/\/serveiseducatius.xtec.cat\/baixllobregat6\/wp-json\/wp\/v2\/tags?post=4405"}],"curies":[{"name":"wp","href":"https:\/\/api.w.org\/{rel}","templated":true}]}}