{"id":4395,"date":"2013-11-25T15:17:45","date_gmt":"2013-11-25T14:17:45","guid":{"rendered":"http:\/\/reporteducacio.cat\/?p=4395"},"modified":"2015-12-19T09:16:42","modified_gmt":"2015-12-19T08:16:42","slug":"lins-gabriela-mistral-guanya-per-tercer-any-consecutiu-els-concursos-del-dia-de-lemprenedor-de-la-vall-baixa","status":"publish","type":"post","link":"https:\/\/serveiseducatius.xtec.cat\/baixllobregat6\/dinamitzacio\/forum-treballs-de-recerca\/lins-gabriela-mistral-guanya-per-tercer-any-consecutiu-els-concursos-del-dia-de-lemprenedor-de-la-vall-baixa\/","title":{"rendered":"L&#8217;INS Gabriela Mistral guanya, per tercer any consecutiu el concurs del Dia de l&#8217;Emprenedor de la Vall Baixa"},"content":{"rendered":"<p><img loading=\"lazy\" decoding=\"async\" class=\"alignleft  wp-image-4396\" src=\"http:\/\/serveiseducatius.xtec.cat\/se-baixllobregat6\/wp-content\/uploads\/usu778\/2013\/11\/insmistralemprenedoria.jpg\" alt=\"insmistralemprenedoria\" width=\"312\" height=\"185\" srcset=\"https:\/\/serveiseducatius.xtec.cat\/baixllobregat6\/wp-content\/uploads\/usu778\/2013\/11\/insmistralemprenedoria.jpg 520w, https:\/\/serveiseducatius.xtec.cat\/baixllobregat6\/wp-content\/uploads\/usu778\/2013\/11\/insmistralemprenedoria-300x178.jpg 300w\" sizes=\"auto, (max-width: 312px) 100vw, 312px\" \/>L\u2019Institut Gabriela Mistral guanya, de nou, els premis a millor idea innovadora i al concurs multiresposta d\u2019emprenedors del Dia de l\u2019Emprenedor de la Vall Baixa del Baix Llobregat. La 9a edici\u00f3 de l\u2019acte\u00a0va tenir lloc<br \/>\nel passat dijous a l\u2019institut Bernat el Ferrer de Molins de Rei. Els alumnes vicentins competien entre m\u00e9s de 150 estudiants de diversos instituts de Molins de Rei i de Pallej\u00e0.<\/p>\n<p>Els estudiants vicentins van presentar el projecte \u201cTras-pas\u201d com a idea empresarial. \u00a0El projecte ofereix \u201cun espai de trobada pels avis que avui dia es fan c\u00e0rrec dels infants\u201d mentre els pares treballen, segons informa la professora Mar Lapac\u00f3 a R\u00e0dio Sant Vicen\u00e7, i afegeix que aquesta idea \u201cafavoreix el trasp\u00e0s intergeneracional entre els avis i els n\u00e9ts\u201d.<br \/>\nPel que fa al concurs d\u2019emprenedors, consisteix en una competici\u00f3 cl\u00e0ssica de preguntes i respostes, on guanya l\u2019equip que acumula m\u00e9s encerts.<br \/>\nCal recordar que l\u2019IES Gabriela Mistral ja va guanyar ambd\u00f3s premis a la darrera edici\u00f3 del Dia de l\u2019Emprenedor, i el concurs d\u2019emprenedors ara fa dos anys.<\/p>\n<p>Aquesta jornada pret\u00e9n fomentar les idees i l\u2019emprenedoria de l\u2019alumnat de secund\u00e0ria. Est\u00e0 organitzat pels municipis de la Vall Baixa, amb la col\u00b7laboraci\u00f3 de la Jove Cambra Internacional i la Diputaci\u00f3 de Barcelona. L\u2019acte va comptar amb la pon\u00e8ncia \u201cTens una idea per\u00f2 encara no ho saps\u201d de l\u2019emprenedor Pau Garc\u00eda-Mil\u00e0, director general d\u2019eyeOS, i tamb\u00e9 amb l\u2019experi\u00e8ncia d\u2019altres joves emprenedors membres de la Jove Cambra Internacional, com Victor Rubio, fundador de la plataforma WOW, i Juan Castilla, fundador de Talent Factory.<\/p>\n<p>Poden escoltar l&#8217;entrevista sencera a la professora Mar Lapac\u00f3 a partir del minut 20:50.<\/p>\n<p><iframe loading=\"lazy\" src=\"http:\/\/enacast.com\/iframe\/21622\" width=\"600\" height=\"220\" frameborder=\"0\" allowfullscreen=\"allowfullscreen\"><\/iframe><\/p>\n<p>&nbsp;<\/p>\n<p><script src=\"\/\/e.issuu.com\/embed.js\" async=\"true\" type=\"text\/javascript\"><\/script><\/p>\n<p>Font: \u00a0<a title=\"NOTA DE PREMSA\" href=\"http:\/\/www.svh.cat\/actualitat\/noticies\/lies-gabriela-mistral-guanya-per-tercer-any-consecutiu-els-concursos-del-dia-de-lemprenedor-de-la-vall-baixa-.html\" target=\"_blank\">Ajuntament de Sant Vicen\u00e7 dels Horts<\/a> |PREMSA i COMUNICACI\u00d3|<br \/>\nDilluns, 25 de novembre de 2013 a les 10:25<\/p>\n","protected":false},"excerpt":{"rendered":"<p>L\u2019Institut Gabriela Mistral guanya, de nou, els premis a millor idea innovadora i al concurs multiresposta d\u2019emprenedors del Dia de l\u2019Emprenedor de la Vall Baixa del Baix Llobregat. La 9a edici\u00f3 de l\u2019acte\u00a0va tenir lloc el passat dijous a l\u2019institut Bernat el Ferrer de Molins de Rei. Els alumnes vicentins competien entre m\u00e9s de 150 [&hellip;]<\/p>\n","protected":false},"author":1,"featured_media":4396,"comment_status":"open","ping_status":"open","sticky":false,"template":"","format":"standard","meta":{"_bbp_topic_count":0,"_bbp_reply_count":0,"_bbp_total_topic_count":0,"_bbp_total_reply_count":0,"_bbp_voice_count":0,"_bbp_anonymous_reply_count":0,"_bbp_topic_count_hidden":0,"_bbp_reply_count_hidden":0,"_bbp_forum_subforum_count":0,"site-sidebar-layout":"default","site-content-layout":"","ast-site-content-layout":"","site-content-style":"default","site-sidebar-style":"default","ast-global-header-display":"","ast-banner-title-visibility":"","ast-main-header-display":"","ast-hfb-above-header-display":"","ast-hfb-below-header-display":"","ast-hfb-mobile-header-display":"","site-post-title":"","ast-breadcrumbs-content":"","ast-featured-img":"","footer-sml-layout":"","theme-transparent-header-meta":"","adv-header-id-meta":"","stick-header-meta":"","header-above-stick-meta":"","header-main-stick-meta":"","header-below-stick-meta":"","astra-migrate-meta-layouts":"default","ast-page-background-enabled":"default","ast-page-background-meta":{"desktop":{"background-color":"var(--ast-global-color-4)","background-image":"","background-repeat":"repeat","background-position":"center center","background-size":"auto","background-attachment":"scroll","background-type":"","background-media":"","overlay-type":"","overlay-color":"","overlay-opacity":"","overlay-gradient":""},"tablet":{"background-color":"","background-image":"","background-repeat":"repeat","background-position":"center center","background-size":"auto","background-attachment":"scroll","background-type":"","background-media":"","overlay-type":"","overlay-color":"","overlay-opacity":"","overlay-gradient":""},"mobile":{"background-color":"","background-image":"","background-repeat":"repeat","background-position":"center center","background-size":"auto","background-attachment":"scroll","background-type":"","background-media":"","overlay-type":"","overlay-color":"","overlay-opacity":"","overlay-gradient":""}},"ast-content-background-meta":{"desktop":{"background-color":"var(--ast-global-color-5)","background-image":"","background-repeat":"repeat","background-position":"center center","background-size":"auto","background-attachment":"scroll","background-type":"","background-media":"","overlay-type":"","overlay-color":"","overlay-opacity":"","overlay-gradient":""},"tablet":{"background-color":"var(--ast-global-color-5)","background-image":"","background-repeat":"repeat","background-position":"center center","background-size":"auto","background-attachment":"scroll","background-type":"","background-media":"","overlay-type":"","overlay-color":"","overlay-opacity":"","overlay-gradient":""},"mobile":{"background-color":"var(--ast-global-color-5)","background-image":"","background-repeat":"repeat","background-position":"center center","background-size":"auto","background-attachment":"scroll","background-type":"","background-media":"","overlay-type":"","overlay-color":"","overlay-opacity":"","overlay-gradient":""}},"footnotes":""},"categories":[70],"tags":[447,89,643,907],"class_list":["post-4395","post","type-post","status-publish","format-standard","has-post-thumbnail","hentry","category-forum-treballs-de-recerca","tag-educacio-secundaria","tag-emprenedoria","tag-institut-gabriela-mistral","tag-sant-vicenc-dels-horts"],"post_mailing_queue_ids":[],"_links":{"self":[{"href":"https:\/\/serveiseducatius.xtec.cat\/baixllobregat6\/wp-json\/wp\/v2\/posts\/4395","targetHints":{"allow":["GET"]}}],"collection":[{"href":"https:\/\/serveiseducatius.xtec.cat\/baixllobregat6\/wp-json\/wp\/v2\/posts"}],"about":[{"href":"https:\/\/serveiseducatius.xtec.cat\/baixllobregat6\/wp-json\/wp\/v2\/types\/post"}],"author":[{"embeddable":true,"href":"https:\/\/serveiseducatius.xtec.cat\/baixllobregat6\/wp-json\/wp\/v2\/users\/1"}],"replies":[{"embeddable":true,"href":"https:\/\/serveiseducatius.xtec.cat\/baixllobregat6\/wp-json\/wp\/v2\/comments?post=4395"}],"version-history":[{"count":2,"href":"https:\/\/serveiseducatius.xtec.cat\/baixllobregat6\/wp-json\/wp\/v2\/posts\/4395\/revisions"}],"predecessor-version":[{"id":5909,"href":"https:\/\/serveiseducatius.xtec.cat\/baixllobregat6\/wp-json\/wp\/v2\/posts\/4395\/revisions\/5909"}],"wp:featuredmedia":[{"embeddable":true,"href":"https:\/\/serveiseducatius.xtec.cat\/baixllobregat6\/wp-json\/wp\/v2\/media\/4396"}],"wp:attachment":[{"href":"https:\/\/serveiseducatius.xtec.cat\/baixllobregat6\/wp-json\/wp\/v2\/media?parent=4395"}],"wp:term":[{"taxonomy":"category","embeddable":true,"href":"https:\/\/serveiseducatius.xtec.cat\/baixllobregat6\/wp-json\/wp\/v2\/categories?post=4395"},{"taxonomy":"post_tag","embeddable":true,"href":"https:\/\/serveiseducatius.xtec.cat\/baixllobregat6\/wp-json\/wp\/v2\/tags?post=4395"}],"curies":[{"name":"wp","href":"https:\/\/api.w.org\/{rel}","templated":true}]}}