{"id":4314,"date":"2013-11-07T08:14:40","date_gmt":"2013-11-07T07:14:40","guid":{"rendered":"http:\/\/reporteducacio.cat\/?p=4314"},"modified":"2016-02-23T13:03:10","modified_gmt":"2016-02-23T12:03:10","slug":"els-dimarts-el-meu-oncle-i-els-extraterrestres-la-visio-del-trastorn-bipolar-a-traves-dels-ulls-dun-nen","status":"publish","type":"post","link":"https:\/\/serveiseducatius.xtec.cat\/baixllobregat6\/diversitat-en-xarxa\/conducta\/els-dimarts-el-meu-oncle-i-els-extraterrestres-la-visio-del-trastorn-bipolar-a-traves-dels-ulls-dun-nen\/","title":{"rendered":"\u00abEls dimarts, el meu oncle i els extraterrestres, la visi\u00f3 del trastorn bipolar a trav\u00e9s dels ulls d&#8217;un nen\u00bb"},"content":{"rendered":"<p><a href=\"http:\/\/serveiseducatius.xtec.cat\/se-baixllobregat6\/wp-content\/uploads\/usu778\/2013\/11\/elsdimartselmeutiet.jpg\"><img loading=\"lazy\" decoding=\"async\" class=\"alignleft  wp-image-4315\" alt=\"elsdimartselmeutiet\" src=\"http:\/\/serveiseducatius.xtec.cat\/se-baixllobregat6\/wp-content\/uploads\/usu778\/2013\/11\/elsdimartselmeutiet.jpg\" width=\"312\" height=\"232\" srcset=\"https:\/\/serveiseducatius.xtec.cat\/baixllobregat6\/wp-content\/uploads\/usu778\/2013\/11\/elsdimartselmeutiet.jpg 520w, https:\/\/serveiseducatius.xtec.cat\/baixllobregat6\/wp-content\/uploads\/usu778\/2013\/11\/elsdimartselmeutiet-300x223.jpg 300w, https:\/\/serveiseducatius.xtec.cat\/baixllobregat6\/wp-content\/uploads\/usu778\/2013\/11\/elsdimartselmeutiet-200x150.jpg 200w\" sizes=\"auto, (max-width: 312px) 100vw, 312px\" \/><\/a>L\u2019estigmatitzaci\u00f3 que en algunes ocasions pateixen els pacients amb trastorn bipolar aix\u00ed com les persones que els envolten a causa, sobretot, del gran desconeixement que existeix avui dia sobre la malaltia fa necessari<!--more--> que s\u2019incrementi la conscienciaci\u00f3 sobre una malaltia psiqui\u00e0trica que afecta ja al 5% de la poblaci\u00f3 a Catalunya.<\/p>\n<p>Aquest \u00e9s el principal motiu que ha animat a l\u2019Associaci\u00f3 de Bipolars de Catalunya (ABC) a l\u2019edici\u00f3 del conte \u201cEls dimarts, el meu oncle i els extraterrestres\u201d, que es presenta avui. Es tracta d\u2019una hist\u00f2ria que de forma amena i did\u00e0ctica explica en qu\u00e8 consisteix aquesta malaltia i serveix com a eina perqu\u00e8 els pares puguin explicar als seus fills els principals s\u00edmptomes del trastorn bipolar.<\/p>\n<p>\u201dA trav\u00e9s de les viv\u00e8ncies d\u2019un nen al costat del seu oncle, que pateix la malaltia, es parla d\u2019una manera totalment senzilla sobre la malaltia. Si alguna fa que es distingeix aquesta obra \u00e9s el respecte amb qu\u00e8 es tracta el trastorn bipolar\u201d, explica Maria Prats, vocal de relacions institucionals de l\u2019Associaci\u00f3 de Bipolars de Catalunya.\u201d \u00c9s important que des dels m\u00e9s petits als m\u00e9s grans coneguin qu\u00e8 \u00e9s el trastorn bipolar i els canvis d\u2019humor que el caracteritzen per aix\u00ed contribuir a la desestigmatitzaci\u00f3 de les persones amb aquesta malaltia\u201d<\/p>\n<p>Aquesta eina ha comptat amb l\u2019autoria de <strong>D\u00eddac Mical\u00f3<\/strong> i la revisi\u00f3 cient\u00edfica del doctor <strong>Francesc Colom<\/strong>, pertanyent a l\u2019equip del<em><strong> Programa de Trastorn Bipolar,<\/strong><\/em> l\u2019Hospital Cl\u00ednic de Barcelona. \u00a0Segons explica el doctor Colom, la desinformaci\u00f3 sobre la malaltia \u00e9s la principal barrera per entendre-la. \u201c<strong><em>El problema no \u00e9s la falta d\u2019informaci\u00f3, sin\u00f3 la informaci\u00f3 excessiva i de poca qualitat, el que fa que es pugui arribar a incrementar l\u2019estigma<\/em><\/strong>\u201d.<\/p>\n<p>\u201dLa poblaci\u00f3 infantil t\u00e9 el do de poder explicar de forma senzilla i imaginativa qualsevol cosa\u201d, explica D\u00eddac Mical\u00f3: \u201cAquesta \u00e9s una de les raons per les quals el protagonista de la hist\u00f2ria, el que s\u2019encarrega d\u2019explicar el que li passa al seu oncle i com se sent, \u00e9s un nen. A m\u00e9s, aix\u00ed els pares compten amb una eina educativa entretinguda en la qual recolzar-se per formar els seus fills sobre aquesta malaltia psiqui\u00e0trica\u201d.<br \/>\nL\u2019 Associaci\u00f3 de Bipolars de Catalunya presenta un conte per ajudar els m\u00e9s petits a entendre la malaltia.<\/p>\n<blockquote><p>I llavors la meva mare em diu que el meu oncle, de vegades, viu les coses com si fos el seu aniversari i sembla un extraterrestre feli\u00e7 per haver trobat un planeta nou, i altres, les viu com si li estiguessin tallant les ungles dels peus i sembla un extraterrestre que no sap com tornar a casa\u201d. D\u2019aquesta manera, l\u2019autor del llibre posa en boca d\u2019un nen la definici\u00f3 de trastorn bipolar i les fluctuacions en l\u2019humor, passant de l\u2019euf\u00f2ria a la depressi\u00f3, que el caracteritzen.<\/p><\/blockquote>\n<p>\u201cAquest conte tracta d\u2019ensenyar en un primer moment als nens qu\u00e8 s\u00f3n les emocions i com aquestes poden variar, per a despr\u00e9s explicar-los que tamb\u00e9 aquestes emocions poden tenir malalties tal com ho fan altres parts del nostre cos\u201d, tal com apunta el doctor Francesc Colom, Des de petits eduquem els nostres fills en conductes, per\u00f2 no en les emocions, el que pot comportar que d\u2019adults no siguin capa\u00e7os d\u2019identificar-les\u201d.<\/p>\n<p>Un altre dels punts en qu\u00e8 es posa l\u2019accent en \u201cEls dimarts, el meu oncle i els extraterrestres\u201d \u00e9s que, tal com passa amb altres malalties, cap persona \u00e9s responsable del trastorn bipolar.<\/p>\n<p>\u201cEls nens han de perdre la por a les malalties mentals, per aix\u00f2 \u00e9s important sempre traslladar un missatge optimista i dir-los que amb el tractament adequat les emocions de la persona bipolar no canvien tant\u201d, subratlla el doctor Colom.\u201d Aquest llibre d\u00f3na resposta a una necessitat no coberta fins al moment, ja que comptem amb molts i molt bons materials sobre la malaltia dirigits a un p\u00fablic adult, per\u00f2 no hi ha cap llibre enfocat en els m\u00e9s petits\u201d.<\/p>\n<p><strong>APROPAR LA MALALTIA A LA SOCIETAT<\/strong><\/p>\n<p>Segons Maria Prats, \u201chem d\u2019aconseguir acostar aquesta malaltia a la societat, aix\u00ed com el missatge que el d\u2019informaci\u00f3 a tots els nivells, que comporta manca d\u2019inter\u00e8s i recursos per part de l\u2019administraci\u00f3 i endarreriment en la recerca d\u2019assist\u00e8ncia m\u00e8dica per part dels afectats o els seus familiars \u201c.<\/p>\n<p>Les associacions juguen un paper fonamental en aquest acostament del trastorn bipolar a tota la societat.\u201dProfessionals i afectats han de treballar de la m\u00e0 per divulgar que aquests pacients s\u00f3n persones perfectament normals i capacitades i alhora fer pressi\u00f3 perqu\u00e8 compten amb tots els seus drets\u201d, conclou el doctor Colom.<\/p>\n<p><strong>L\u2019 ASSOCIACI\u00d3 DE BIPOLARS DE CATALUNYA<\/strong><\/p>\n<p>L\u2019ABC (Associaci\u00f3 de Bipolars de Catalunya) est\u00e0 formada per un grup d\u2019afectats i els seus familiars que conscienciats de la import\u00e0ncia d\u2019una bona informaci\u00f3, comprensi\u00f3 i suport per al curs favorable de la malaltia, han decidit unir els seus esfor\u00e7os en una tasca social sense \u00e0nim de lucre.<\/p>\n<p>Comptant amb un bon assessorament professional, l\u2019ABC pret\u00e9n facilitar informaci\u00f3 i ajuda als afectats, especialment en aquells casos en qu\u00e8 la malaltia tot just comen\u00e7a i tant l\u2019afectat com la seva fam\u00edlia entren en contacte, per primera vegada, amb els serveis socials i de salut.<\/p>\n<p>El testimoni d\u2019altres afectats fent vida normal i acceptant el seu diagn\u00f2stic i la necessitat de tractament farmacol\u00f2gic, \u00e9s d\u2019extraordinari valor per a qui acaba de rebre l\u2019impacte de la malaltia.<\/p>\n<p>Font:\u00a0<a title=\"Bipolars\" href=\"http:\/\/www.bipolars.org\/\" target=\"_blank\">Associaci\u00f3 de Bipolars de Catalunya<\/a>.<\/p>\n","protected":false},"excerpt":{"rendered":"<p>L\u2019estigmatitzaci\u00f3 que en algunes ocasions pateixen els pacients amb trastorn bipolar aix\u00ed com les persones que els envolten a causa, sobretot, del gran desconeixement que existeix avui dia sobre la malaltia fa necessari<\/p>\n","protected":false},"author":1,"featured_media":4315,"comment_status":"open","ping_status":"open","sticky":false,"template":"","format":"standard","meta":{"_bbp_topic_count":0,"_bbp_reply_count":0,"_bbp_total_topic_count":0,"_bbp_total_reply_count":0,"_bbp_voice_count":0,"_bbp_anonymous_reply_count":0,"_bbp_topic_count_hidden":0,"_bbp_reply_count_hidden":0,"_bbp_forum_subforum_count":0,"site-sidebar-layout":"default","site-content-layout":"","ast-site-content-layout":"","site-content-style":"default","site-sidebar-style":"default","ast-global-header-display":"","ast-banner-title-visibility":"","ast-main-header-display":"","ast-hfb-above-header-display":"","ast-hfb-below-header-display":"","ast-hfb-mobile-header-display":"","site-post-title":"","ast-breadcrumbs-content":"","ast-featured-img":"","footer-sml-layout":"","theme-transparent-header-meta":"","adv-header-id-meta":"","stick-header-meta":"","header-above-stick-meta":"","header-main-stick-meta":"","header-below-stick-meta":"","astra-migrate-meta-layouts":"default","ast-page-background-enabled":"default","ast-page-background-meta":{"desktop":{"background-color":"var(--ast-global-color-4)","background-image":"","background-repeat":"repeat","background-position":"center center","background-size":"auto","background-attachment":"scroll","background-type":"","background-media":"","overlay-type":"","overlay-color":"","overlay-opacity":"","overlay-gradient":""},"tablet":{"background-color":"","background-image":"","background-repeat":"repeat","background-position":"center center","background-size":"auto","background-attachment":"scroll","background-type":"","background-media":"","overlay-type":"","overlay-color":"","overlay-opacity":"","overlay-gradient":""},"mobile":{"background-color":"","background-image":"","background-repeat":"repeat","background-position":"center center","background-size":"auto","background-attachment":"scroll","background-type":"","background-media":"","overlay-type":"","overlay-color":"","overlay-opacity":"","overlay-gradient":""}},"ast-content-background-meta":{"desktop":{"background-color":"var(--ast-global-color-5)","background-image":"","background-repeat":"repeat","background-position":"center center","background-size":"auto","background-attachment":"scroll","background-type":"","background-media":"","overlay-type":"","overlay-color":"","overlay-opacity":"","overlay-gradient":""},"tablet":{"background-color":"var(--ast-global-color-5)","background-image":"","background-repeat":"repeat","background-position":"center center","background-size":"auto","background-attachment":"scroll","background-type":"","background-media":"","overlay-type":"","overlay-color":"","overlay-opacity":"","overlay-gradient":""},"mobile":{"background-color":"var(--ast-global-color-5)","background-image":"","background-repeat":"repeat","background-position":"center center","background-size":"auto","background-attachment":"scroll","background-type":"","background-media":"","overlay-type":"","overlay-color":"","overlay-opacity":"","overlay-gradient":""}},"footnotes":""},"categories":[1496],"tags":[693,1499,868,968],"class_list":["post-4314","post","type-post","status-publish","format-standard","has-post-thumbnail","hentry","category-conducta","tag-literatura-infantil","tag-mestresee","tag-psicopedagogia","tag-trastorn-bipolar"],"post_mailing_queue_ids":[],"_links":{"self":[{"href":"https:\/\/serveiseducatius.xtec.cat\/baixllobregat6\/wp-json\/wp\/v2\/posts\/4314","targetHints":{"allow":["GET"]}}],"collection":[{"href":"https:\/\/serveiseducatius.xtec.cat\/baixllobregat6\/wp-json\/wp\/v2\/posts"}],"about":[{"href":"https:\/\/serveiseducatius.xtec.cat\/baixllobregat6\/wp-json\/wp\/v2\/types\/post"}],"author":[{"embeddable":true,"href":"https:\/\/serveiseducatius.xtec.cat\/baixllobregat6\/wp-json\/wp\/v2\/users\/1"}],"replies":[{"embeddable":true,"href":"https:\/\/serveiseducatius.xtec.cat\/baixllobregat6\/wp-json\/wp\/v2\/comments?post=4314"}],"version-history":[{"count":1,"href":"https:\/\/serveiseducatius.xtec.cat\/baixllobregat6\/wp-json\/wp\/v2\/posts\/4314\/revisions"}],"predecessor-version":[{"id":5816,"href":"https:\/\/serveiseducatius.xtec.cat\/baixllobregat6\/wp-json\/wp\/v2\/posts\/4314\/revisions\/5816"}],"wp:featuredmedia":[{"embeddable":true,"href":"https:\/\/serveiseducatius.xtec.cat\/baixllobregat6\/wp-json\/wp\/v2\/media\/4315"}],"wp:attachment":[{"href":"https:\/\/serveiseducatius.xtec.cat\/baixllobregat6\/wp-json\/wp\/v2\/media?parent=4314"}],"wp:term":[{"taxonomy":"category","embeddable":true,"href":"https:\/\/serveiseducatius.xtec.cat\/baixllobregat6\/wp-json\/wp\/v2\/categories?post=4314"},{"taxonomy":"post_tag","embeddable":true,"href":"https:\/\/serveiseducatius.xtec.cat\/baixllobregat6\/wp-json\/wp\/v2\/tags?post=4314"}],"curies":[{"name":"wp","href":"https:\/\/api.w.org\/{rel}","templated":true}]}}