{"id":4255,"date":"2013-10-07T13:26:43","date_gmt":"2013-10-07T12:26:43","guid":{"rendered":"http:\/\/reporteducacio.cat\/?p=4255"},"modified":"2015-12-23T18:54:20","modified_gmt":"2015-12-23T17:54:20","slug":"presentacio-del-darrer-llibre-de-santi-balmes","status":"publish","type":"post","link":"https:\/\/serveiseducatius.xtec.cat\/baixllobregat6\/actualitat\/presentacio-del-darrer-llibre-de-santi-balmes\/","title":{"rendered":"Presentaci\u00f3 del darrer llibre de Santi Balmes"},"content":{"rendered":"<p><a href=\"http:\/\/serveiseducatius.xtec.cat\/se-baixllobregat6\/wp-content\/uploads\/usu778\/2013\/10\/llibresantibalme.jpg\"><img loading=\"lazy\" decoding=\"async\" class=\"alignleft  wp-image-4259\" alt=\"llibresantibalme\" src=\"http:\/\/serveiseducatius.xtec.cat\/se-baixllobregat6\/wp-content\/uploads\/usu778\/2013\/10\/llibresantibalme.jpg\" width=\"300\" height=\"383\" srcset=\"https:\/\/serveiseducatius.xtec.cat\/baixllobregat6\/wp-content\/uploads\/usu778\/2013\/10\/llibresantibalme.jpg 500w, https:\/\/serveiseducatius.xtec.cat\/baixllobregat6\/wp-content\/uploads\/usu778\/2013\/10\/llibresantibalme-235x300.jpg 235w\" sizes=\"auto, (max-width: 300px) 100vw, 300px\" \/><\/a>El vicent\u00ed, <strong>Santi Balmes<\/strong>, cantant de <em>Love of Lesbian<\/em> i escriptor, presentar\u00e0 el proper dimecres 9 d&#8217;octubre a les 18h i a la biblioteca &#8220;Les Voltes&#8221;, el seu darrer llibre: \u00bfPor qu\u00e9 me comprasteis un walkie talkie si era hijo \u00fanico? : una historia bizarra en 2D \/ amb il\u00b7lustracions de <strong>Ricardo Cavolo<\/strong>.<\/p>\n<p>L&#8217;obra versa de com sent fill \u00fanic pot semblar un gran avantatge, es reben m\u00e9s atencions i es concentra l&#8217;estima del pare i de la mare, i el protragonisme a la llar \u00e9s absolut; tanmateix \u00bfqu\u00e8 passa amb la soledat i amb la manca d&#8217;un aliat per a les aventures infantils?<\/p>\n<p>&nbsp;<\/p>\n<p><\/br><br \/>\n<em>A continuaci\u00f3 podeu veure una entrevista amb els autors del llibre emesa en el p<\/em><span>rograma &#8220;<strong><em>Para Todos La<\/em> 2<\/strong>.<\/span><\/p>\n<div class=\"VideoContainer f16x9\"><object width=\"425\" height=\"239\" classid=\"clsid:d27cdb6e-ae6d-11cf-96b8-444553540000\" codebase=\"http:\/\/download.macromedia.com\/pub\/shockwave\/cabs\/flash\/swflash.cab#version=6,0,40,0\"><param name=\"allowScriptAccess\" value=\"always\" \/><param name=\"allowFullScreen\" value=\"true\" \/><param name=\"flashvars\" value=\"assetID=1608236_es_videos&amp;location=embed_videos\" \/><param name=\"wmode\" value=\"opaque\" \/><param name=\"quality\" value=\"high\" \/><param name=\"src\" value=\"http:\/\/www.irtve.es\/swf\/4.2.8\/RTVEPlayerVideo.swf\" \/><param name=\"allowscriptaccess\" value=\"always\" \/><param name=\"allowfullscreen\" value=\"true\" \/><embed width=\"425\" height=\"239\" type=\"application\/x-shockwave-flash\" src=\"http:\/\/www.irtve.es\/swf\/4.2.8\/RTVEPlayerVideo.swf\" allowScriptAccess=\"always\" allowFullScreen=\"true\" flashvars=\"assetID=1608236_es_videos&amp;location=embed_videos\" wmode=\"opaque\" quality=\"high\" allowscriptaccess=\"always\" allowfullscreen=\"true\" \/><\/object><\/div>\n","protected":false},"excerpt":{"rendered":"<p>El vicent\u00ed, Santi Balmes, cantant de Love of Lesbian i escriptor, presentar\u00e0 el proper dimecres 9 d&#8217;octubre a les 18h i a la biblioteca &#8220;Les Voltes&#8221;, el seu darrer llibre: \u00bfPor qu\u00e9 me comprasteis un walkie talkie si era hijo \u00fanico? : una historia bizarra en 2D \/ amb il\u00b7lustracions de Ricardo Cavolo. L&#8217;obra versa [&hellip;]<\/p>\n","protected":false},"author":1,"featured_media":4259,"comment_status":"open","ping_status":"open","sticky":false,"template":"","format":"standard","meta":{"_bbp_topic_count":0,"_bbp_reply_count":0,"_bbp_total_topic_count":0,"_bbp_total_reply_count":0,"_bbp_voice_count":0,"_bbp_anonymous_reply_count":0,"_bbp_topic_count_hidden":0,"_bbp_reply_count_hidden":0,"_bbp_forum_subforum_count":0,"site-sidebar-layout":"default","site-content-layout":"","ast-site-content-layout":"","site-content-style":"default","site-sidebar-style":"default","ast-global-header-display":"","ast-banner-title-visibility":"","ast-main-header-display":"","ast-hfb-above-header-display":"","ast-hfb-below-header-display":"","ast-hfb-mobile-header-display":"","site-post-title":"","ast-breadcrumbs-content":"","ast-featured-img":"","footer-sml-layout":"","theme-transparent-header-meta":"","adv-header-id-meta":"","stick-header-meta":"","header-above-stick-meta":"","header-main-stick-meta":"","header-below-stick-meta":"","astra-migrate-meta-layouts":"default","ast-page-background-enabled":"default","ast-page-background-meta":{"desktop":{"background-color":"var(--ast-global-color-4)","background-image":"","background-repeat":"repeat","background-position":"center center","background-size":"auto","background-attachment":"scroll","background-type":"","background-media":"","overlay-type":"","overlay-color":"","overlay-opacity":"","overlay-gradient":""},"tablet":{"background-color":"","background-image":"","background-repeat":"repeat","background-position":"center center","background-size":"auto","background-attachment":"scroll","background-type":"","background-media":"","overlay-type":"","overlay-color":"","overlay-opacity":"","overlay-gradient":""},"mobile":{"background-color":"","background-image":"","background-repeat":"repeat","background-position":"center center","background-size":"auto","background-attachment":"scroll","background-type":"","background-media":"","overlay-type":"","overlay-color":"","overlay-opacity":"","overlay-gradient":""}},"ast-content-background-meta":{"desktop":{"background-color":"var(--ast-global-color-5)","background-image":"","background-repeat":"repeat","background-position":"center center","background-size":"auto","background-attachment":"scroll","background-type":"","background-media":"","overlay-type":"","overlay-color":"","overlay-opacity":"","overlay-gradient":""},"tablet":{"background-color":"var(--ast-global-color-5)","background-image":"","background-repeat":"repeat","background-position":"center center","background-size":"auto","background-attachment":"scroll","background-type":"","background-media":"","overlay-type":"","overlay-color":"","overlay-opacity":"","overlay-gradient":""},"mobile":{"background-color":"var(--ast-global-color-5)","background-image":"","background-repeat":"repeat","background-position":"center center","background-size":"auto","background-attachment":"scroll","background-type":"","background-media":"","overlay-type":"","overlay-color":"","overlay-opacity":"","overlay-gradient":""}},"footnotes":""},"categories":[162],"tags":[691,907,909],"class_list":["post-4255","post","type-post","status-publish","format-standard","has-post-thumbnail","hentry","category-actualitat","tag-literatura","tag-sant-vicenc-dels-horts","tag-santi-balmes"],"post_mailing_queue_ids":[],"_links":{"self":[{"href":"https:\/\/serveiseducatius.xtec.cat\/baixllobregat6\/wp-json\/wp\/v2\/posts\/4255","targetHints":{"allow":["GET"]}}],"collection":[{"href":"https:\/\/serveiseducatius.xtec.cat\/baixllobregat6\/wp-json\/wp\/v2\/posts"}],"about":[{"href":"https:\/\/serveiseducatius.xtec.cat\/baixllobregat6\/wp-json\/wp\/v2\/types\/post"}],"author":[{"embeddable":true,"href":"https:\/\/serveiseducatius.xtec.cat\/baixllobregat6\/wp-json\/wp\/v2\/users\/1"}],"replies":[{"embeddable":true,"href":"https:\/\/serveiseducatius.xtec.cat\/baixllobregat6\/wp-json\/wp\/v2\/comments?post=4255"}],"version-history":[{"count":1,"href":"https:\/\/serveiseducatius.xtec.cat\/baixllobregat6\/wp-json\/wp\/v2\/posts\/4255\/revisions"}],"predecessor-version":[{"id":6084,"href":"https:\/\/serveiseducatius.xtec.cat\/baixllobregat6\/wp-json\/wp\/v2\/posts\/4255\/revisions\/6084"}],"wp:featuredmedia":[{"embeddable":true,"href":"https:\/\/serveiseducatius.xtec.cat\/baixllobregat6\/wp-json\/wp\/v2\/media\/4259"}],"wp:attachment":[{"href":"https:\/\/serveiseducatius.xtec.cat\/baixllobregat6\/wp-json\/wp\/v2\/media?parent=4255"}],"wp:term":[{"taxonomy":"category","embeddable":true,"href":"https:\/\/serveiseducatius.xtec.cat\/baixllobregat6\/wp-json\/wp\/v2\/categories?post=4255"},{"taxonomy":"post_tag","embeddable":true,"href":"https:\/\/serveiseducatius.xtec.cat\/baixllobregat6\/wp-json\/wp\/v2\/tags?post=4255"}],"curies":[{"name":"wp","href":"https:\/\/api.w.org\/{rel}","templated":true}]}}