{"id":4067,"date":"2013-09-09T11:24:31","date_gmt":"2013-09-09T10:24:31","guid":{"rendered":"http:\/\/reporteducacio.cat\/?p=4067"},"modified":"2015-12-24T08:13:54","modified_gmt":"2015-12-24T07:13:54","slug":"els-cervello-el-born-i-sant-vicenc-dels-horts","status":"publish","type":"post","link":"https:\/\/serveiseducatius.xtec.cat\/baixllobregat6\/actualitat\/els-cervello-el-born-i-sant-vicenc-dels-horts\/","title":{"rendered":"Els Cervell\u00f3, el Born i Sant Vicen\u00e7 dels Horts"},"content":{"rendered":"<p><a href=\"http:\/\/serveiseducatius.xtec.cat\/se-baixllobregat6\/wp-content\/uploads\/usu778\/2013\/09\/bornsvh.png\"><img loading=\"lazy\" decoding=\"async\" class=\"alignleft  wp-image-4068\" alt=\"bornsvh\" src=\"http:\/\/serveiseducatius.xtec.cat\/se-baixllobregat6\/wp-content\/uploads\/usu778\/2013\/09\/bornsvh.png\" width=\"312\" height=\"168\" srcset=\"https:\/\/serveiseducatius.xtec.cat\/baixllobregat6\/wp-content\/uploads\/usu778\/2013\/09\/bornsvh.png 520w, https:\/\/serveiseducatius.xtec.cat\/baixllobregat6\/wp-content\/uploads\/usu778\/2013\/09\/bornsvh-300x162.png 300w\" sizes=\"auto, (max-width: 312px) 100vw, 312px\" \/><\/a>L\u2019estudi del comportament de la noblesa catalana a l\u2019entorn de la guerra de Successi\u00f3 encara \u00e9s una tasca pendent. Sabem moltes coses dels caps m\u00e9s rellevants\u00a0del bra\u00e7 militar, per\u00f2 desconeixem les estrat\u00e8gies de la petita i mitjana noblesa per sobreviure al conflicte. No sabem com es van anar adaptant a la nova situaci\u00f3 i\u00a0desconeixem com van jugar les dues cartes quan els va convenir i, en definitiva, no sabem com s\u2019ho van fer per surar o enfonsar-se enmig de la baralla.<\/p>\n<p>A Sant Vicen\u00e7 dels Horts comptem amb la hist\u00f2ria d\u2019un d\u2019aquests nobles, el bar\u00f3 de Cervell\u00f3. No es tracta, certament, d\u2019un personatge destacat en el conflicte; \u00e9s m\u00e9s aviat un noble que segurament no sabia massa b\u00e9 quin b\u00e0ndol triar; les circumst\u00e0ncies el van acostar al camp austriacista, hom sospita que sense massa conviccions, per\u00f2 la mort el va alliberar de veure el resultat de l\u2019elecci\u00f3. L\u2019alian\u00e7a dels Cervell\u00f3 amb els partidaris de l\u2019arxiduc es va fer gr\u00e0cies a les noces d\u2019una de les seves filles amb un membre de la fam\u00edlia aristocr\u00e0tica dels Copons.<\/p>\n<p>Quan la causa de l\u2019arxiduc d\u2019\u00c0ustria va ser una causa perduda, la filla i el gendre van haver d\u2019emigrar i el seu dest\u00ed va ser Viena. L\u2019hereu del comtat va haver de veure com el palau familiar de Barcelona quedava afectat a causa de les obres de la Ciutadella i tota la fam\u00edlia es va traslladar a Sant Vicen\u00e7 dels Horts. La casualitat ha fet que, quasi tres segles despr\u00e9s, que se&#8217;n desenterri la hist\u00f2ria.<\/p>\n<p>En aquesta il\u00b7lustraci\u00f3 podeu observar la situaci\u00f3 de la\u00a0<strong>Casa del Bar\u00f3 de Sant Vicen\u00e7<\/strong>\u00a0(Casa 2) en les ru\u00efnes que formen el jaciment arqueol\u00f2gic de Born:<\/p>\n<figure id=\"attachment_4073\" aria-describedby=\"caption-attachment-4073\" style=\"width: 480px\" class=\"wp-caption aligncenter\"><a href=\"http:\/\/serveiseducatius.xtec.cat\/se-baixllobregat6\/wp-content\/uploads\/usu778\/2013\/09\/planolborn.jpg\"><img loading=\"lazy\" decoding=\"async\" class=\"wp-image-4073 \" alt=\"planolborn\" src=\"http:\/\/serveiseducatius.xtec.cat\/se-baixllobregat6\/wp-content\/uploads\/usu778\/2013\/09\/planolborn.jpg\" width=\"480\" height=\"432\" srcset=\"https:\/\/serveiseducatius.xtec.cat\/baixllobregat6\/wp-content\/uploads\/usu778\/2013\/09\/planolborn.jpg 600w, https:\/\/serveiseducatius.xtec.cat\/baixllobregat6\/wp-content\/uploads\/usu778\/2013\/09\/planolborn-300x270.jpg 300w\" sizes=\"auto, (max-width: 480px) 100vw, 480px\" \/><\/a><figcaption id=\"caption-attachment-4073\" class=\"wp-caption-text\">Font: Codex Arqueologia i Patrimoni<\/figcaption><\/figure>\n<p>Aquest edifici en un primer moment, al primer pis hi havia cuina, avantsala, sala d&#8217;estar, capella, una cambra gran i una de petita, una bany, un estudi i un guarda-roba, tot equipat amb mobles de luxe. El 1716, abans del seu enderroc, s&#8217;havia dividit en tres cases.<\/p>\n<p>I per aproximar-se m\u00e9s directament a la figura de la baronia de Cervell\u00f3, es disposa de dos documents:<\/p>\n<ul>\n<li><a title=\"memo excavaci\u00f3\" href=\"https:\/\/docs.google.com\/a\/xtec.cat\/file\/d\/0B6sV5Rm24wT-Z21GRUtoZkN1VzA\/edit\" target=\"_blank\"><strong>Excavaci\u00f3 de la tomba del Bar\u00f3 de Cervell\u00f3<\/strong>. \u00a0Mem\u00f2ria. Sant Vicen\u00e7 dels Horts. 2008<\/a><\/li>\n<li><a title=\"Els Cervell\u00f3, el Born i Sant Vicen\u00e7 dels Horts\" href=\"http:\/\/guerradesuccessio.cat\/images\/documents\/Elbaro4.pdf\" target=\"_blank\"><strong>Un noble catal\u00e0 a la Guerra de Successi\u00f3<\/strong>. Exhumaci\u00f3 de la tomba del bar\u00f3 de Cervell\u00f3. Nayra Llonch, Marta Pujol i Joan Santacana. Ed. Llibres de Matr\u00edcula. Barcelona: 2009.<\/a><\/li>\n<\/ul>\n<p>&nbsp;<\/p>\n","protected":false},"excerpt":{"rendered":"<p>L\u2019estudi del comportament de la noblesa catalana a l\u2019entorn de la guerra de Successi\u00f3 encara \u00e9s una tasca pendent. Sabem moltes coses dels caps m\u00e9s rellevants\u00a0del bra\u00e7 militar, per\u00f2 desconeixem les estrat\u00e8gies de la petita i mitjana noblesa per sobreviure al conflicte. No sabem com es van anar adaptant a la nova situaci\u00f3 i\u00a0desconeixem com [&hellip;]<\/p>\n","protected":false},"author":1,"featured_media":4068,"comment_status":"open","ping_status":"open","sticky":false,"template":"","format":"standard","meta":{"_bbp_topic_count":0,"_bbp_reply_count":0,"_bbp_total_topic_count":0,"_bbp_total_reply_count":0,"_bbp_voice_count":0,"_bbp_anonymous_reply_count":0,"_bbp_topic_count_hidden":0,"_bbp_reply_count_hidden":0,"_bbp_forum_subforum_count":0,"site-sidebar-layout":"default","site-content-layout":"","ast-site-content-layout":"","site-content-style":"default","site-sidebar-style":"default","ast-global-header-display":"","ast-banner-title-visibility":"","ast-main-header-display":"","ast-hfb-above-header-display":"","ast-hfb-below-header-display":"","ast-hfb-mobile-header-display":"","site-post-title":"","ast-breadcrumbs-content":"","ast-featured-img":"","footer-sml-layout":"","theme-transparent-header-meta":"","adv-header-id-meta":"","stick-header-meta":"","header-above-stick-meta":"","header-main-stick-meta":"","header-below-stick-meta":"","astra-migrate-meta-layouts":"default","ast-page-background-enabled":"default","ast-page-background-meta":{"desktop":{"background-color":"var(--ast-global-color-4)","background-image":"","background-repeat":"repeat","background-position":"center center","background-size":"auto","background-attachment":"scroll","background-type":"","background-media":"","overlay-type":"","overlay-color":"","overlay-opacity":"","overlay-gradient":""},"tablet":{"background-color":"","background-image":"","background-repeat":"repeat","background-position":"center center","background-size":"auto","background-attachment":"scroll","background-type":"","background-media":"","overlay-type":"","overlay-color":"","overlay-opacity":"","overlay-gradient":""},"mobile":{"background-color":"","background-image":"","background-repeat":"repeat","background-position":"center center","background-size":"auto","background-attachment":"scroll","background-type":"","background-media":"","overlay-type":"","overlay-color":"","overlay-opacity":"","overlay-gradient":""}},"ast-content-background-meta":{"desktop":{"background-color":"var(--ast-global-color-5)","background-image":"","background-repeat":"repeat","background-position":"center center","background-size":"auto","background-attachment":"scroll","background-type":"","background-media":"","overlay-type":"","overlay-color":"","overlay-opacity":"","overlay-gradient":""},"tablet":{"background-color":"var(--ast-global-color-5)","background-image":"","background-repeat":"repeat","background-position":"center center","background-size":"auto","background-attachment":"scroll","background-type":"","background-media":"","overlay-type":"","overlay-color":"","overlay-opacity":"","overlay-gradient":""},"mobile":{"background-color":"var(--ast-global-color-5)","background-image":"","background-repeat":"repeat","background-position":"center center","background-size":"auto","background-attachment":"scroll","background-type":"","background-media":"","overlay-type":"","overlay-color":"","overlay-opacity":"","overlay-gradient":""}},"footnotes":""},"categories":[162],"tags":[187,240,308,455,597,599,907,976],"class_list":["post-4067","post","type-post","status-publish","format-standard","has-post-thumbnail","hentry","category-actualitat","tag-187","tag-arquelogia","tag-cervello","tag-el-born","tag-historia","tag-historia-de-catalunya","tag-sant-vicenc-dels-horts","tag-tricentenari"],"post_mailing_queue_ids":[],"_links":{"self":[{"href":"https:\/\/serveiseducatius.xtec.cat\/baixllobregat6\/wp-json\/wp\/v2\/posts\/4067","targetHints":{"allow":["GET"]}}],"collection":[{"href":"https:\/\/serveiseducatius.xtec.cat\/baixllobregat6\/wp-json\/wp\/v2\/posts"}],"about":[{"href":"https:\/\/serveiseducatius.xtec.cat\/baixllobregat6\/wp-json\/wp\/v2\/types\/post"}],"author":[{"embeddable":true,"href":"https:\/\/serveiseducatius.xtec.cat\/baixllobregat6\/wp-json\/wp\/v2\/users\/1"}],"replies":[{"embeddable":true,"href":"https:\/\/serveiseducatius.xtec.cat\/baixllobregat6\/wp-json\/wp\/v2\/comments?post=4067"}],"version-history":[{"count":1,"href":"https:\/\/serveiseducatius.xtec.cat\/baixllobregat6\/wp-json\/wp\/v2\/posts\/4067\/revisions"}],"predecessor-version":[{"id":6202,"href":"https:\/\/serveiseducatius.xtec.cat\/baixllobregat6\/wp-json\/wp\/v2\/posts\/4067\/revisions\/6202"}],"wp:featuredmedia":[{"embeddable":true,"href":"https:\/\/serveiseducatius.xtec.cat\/baixllobregat6\/wp-json\/wp\/v2\/media\/4068"}],"wp:attachment":[{"href":"https:\/\/serveiseducatius.xtec.cat\/baixllobregat6\/wp-json\/wp\/v2\/media?parent=4067"}],"wp:term":[{"taxonomy":"category","embeddable":true,"href":"https:\/\/serveiseducatius.xtec.cat\/baixllobregat6\/wp-json\/wp\/v2\/categories?post=4067"},{"taxonomy":"post_tag","embeddable":true,"href":"https:\/\/serveiseducatius.xtec.cat\/baixllobregat6\/wp-json\/wp\/v2\/tags?post=4067"}],"curies":[{"name":"wp","href":"https:\/\/api.w.org\/{rel}","templated":true}]}}