{"id":3798,"date":"2013-04-23T14:00:48","date_gmt":"2013-04-23T13:00:48","guid":{"rendered":"http:\/\/reporteducacio.cat\/?p=3798"},"modified":"2015-12-24T13:25:17","modified_gmt":"2015-12-24T12:25:17","slug":"amb-espriu-de-rerafons-es-presenta-la-48a-escola-destiu","status":"publish","type":"post","link":"https:\/\/serveiseducatius.xtec.cat\/baixllobregat6\/formacio\/amb-espriu-de-rerafons-es-presenta-la-48a-escola-destiu\/","title":{"rendered":"Amb Espriu de rerefons, es presenta la 48a Escola d&#8217;Estiu Rosa Sensat"},"content":{"rendered":"<p><a href=\"http:\/\/serveiseducatius.xtec.cat\/se-baixllobregat6\/wp-content\/uploads\/usu778\/2013\/04\/escolaestiurosasensat2013.jpg\"><img loading=\"lazy\" decoding=\"async\" class=\"alignleft\" alt=\"escolaestiurosasensat2013\" src=\"http:\/\/serveiseducatius.xtec.cat\/se-baixllobregat6\/wp-content\/uploads\/usu778\/2013\/04\/escolaestiurosasensat2013.jpg\" width=\"263\" height=\"117\" \/><\/a><\/p>\n<p>Quan arriba el moment de presentar l\u2019Escola d\u2019Estiu, els pensaments prenen inevitablement una triple direcci\u00f3. L\u00f2gicament, la primera \u00e9s el present. Un present, el d\u2019enguany, amarat de contradiccions, com a conseq\u00fc\u00e8ncia d\u2019una realitat adversa en tots els nivells educatius, un ambient enrarit, que genera des\u00e0nim. Per\u00f2 alhora, en aquest context dur del present, un grup de mestres i professors han preparat amb entusiasme el programa que aqu\u00ed us oferim, perqu\u00e8 s\u00f3n dels que no estan disposats a caure en el des\u00e0nim, especialment perqu\u00e8 s\u00f3n coneixedors de realitats educatives tan interessants, tan potents, tan valuoses, que els han servit d\u2019est\u00edmul per organitzar el contingut que ara tens a les mans. Aix\u00ed, doncs, mireu-vos-el amb l\u2019estima amb qu\u00e8 ha estat fet, pensant en vosaltres.<br \/>\nL\u2019Escola d\u2019Estiu \u00e9s tamb\u00e9 una manera de mirar al futur, perqu\u00e8 per a molts mestres i professors, ha estat i \u00e9s aquella activitat que, un cop finalitzat el curs, serveix per encomanar entusiasme, complicitat, per descobrir noves experi\u00e8ncies, per enfortir velles conviccions i potser per construir-ne de noves. L\u2019Escola d\u2019Estiu \u00e9s com un gran cant coral, on totes les veus s\u00f3n necess\u00e0ries, perqu\u00e8 comparteixen la tossuda voluntat de millorar cada dia l\u2019escola. S\u2019hi apleguen mestres de totes les edats que estan enamorats i s\u2019estimen la seva feina, sempre disposats i encuriosits per aprendre, per saber-ne m\u00e9s, per fer-ho millor. Potser per aix\u00f2 cada Escola d\u2019Estiu \u00e9s \u00fanica, perqu\u00e8 no est\u00e0 al marge de la realitat, sin\u00f3 que \u00e9s la realitat mateixa, sempre diferent,<br \/>\nsempre estimulant. \u00c9s una manera de mirar al futur sense enyoran\u00e7a, perqu\u00e8 de l\u2019Escola d\u2019Estiu en surten projectes personals i col\u2022lectius per afrontar el repte del proper curs, sempre ple d\u2019interrogants o incerteses, i precisament per aix\u00f2 tan estimulant, sabent que no estem sols.<br \/>\nI mirant enrere, per\u00f2 tamb\u00e9 a l\u2019avui i al dem\u00e0, en aquesta 48a Escola d\u2019Estiu correspon fer especial refer\u00e8ncia a l\u2019any dels poetes, com Joana Raspall, que el dia 1 de juliol far\u00e0 cent anys, o l\u2019enyorat Vicent Andr\u00e9s Estell\u00e9s, i el tan respectat Salvador Espriu, que d\u00f3na vida amb la seva lletra a la imatge d\u2019aquesta Escola d\u2019Estiu amb la carta que el 1981 va escriure als mestres<br \/>\nde Catalunya amb motiu de la 16a Escola d\u2019Estiu de Rosa Sensat, la primera organitzada com a Associaci\u00f3 de Mestres, i en la qual hi participaren 5.081 mestres. La carta del poeta, com tota la seva obra, \u00e9s d\u2019una exquisida precisi\u00f3, i encara, trenta-dos anys despr\u00e9s, d\u2019una gran actualitat, que ens convida a reflexionar sobre la nostra responsabilitat com a mestres.<br \/>\nEns agradaria pensar que la prosa del poeta impregnar\u00e0 l\u2019Escola d\u2019Estiu.<\/p>\n<p>(Transcripci\u00f3 literal del pr\u00f2leg de la 48a Escola d&#8217;Estiu, redactat per \u00a0l&#8217;AM Rosa Sensat)<\/p>\n<p>|<a title=\"ESCOLA D'ESTIU ROSA SENSAT\" href=\"http:\/\/www.rosasensat.org\/cursos\/85\/86\/\" target=\"_blank\">ACC\u00c9S AL PROGRAMA<\/a>|<\/p>\n<p><a href=\"http:\/\/serveiseducatius.xtec.cat\/se-baixllobregat6\/wp-content\/uploads\/usu778\/2013\/04\/escolaestiurosasensat2013.jpg\">\u00a0<\/a><\/p>\n","protected":false},"excerpt":{"rendered":"<p>Quan arriba el moment de presentar l\u2019Escola d\u2019Estiu, els pensaments prenen inevitablement una triple direcci\u00f3. L\u00f2gicament, la primera \u00e9s el present. Un present, el d\u2019enguany, amarat de contradiccions, com a conseq\u00fc\u00e8ncia d\u2019una realitat adversa en tots els nivells educatius, un ambient enrarit, que genera des\u00e0nim. Per\u00f2 alhora, en aquest context dur del present, un grup [&hellip;]<\/p>\n","protected":false},"author":1,"featured_media":3799,"comment_status":"open","ping_status":"open","sticky":false,"template":"","format":"standard","meta":{"_bbp_topic_count":0,"_bbp_reply_count":0,"_bbp_total_topic_count":0,"_bbp_total_reply_count":0,"_bbp_voice_count":0,"_bbp_anonymous_reply_count":0,"_bbp_topic_count_hidden":0,"_bbp_reply_count_hidden":0,"_bbp_forum_subforum_count":0,"site-sidebar-layout":"default","site-content-layout":"","ast-site-content-layout":"","site-content-style":"default","site-sidebar-style":"default","ast-global-header-display":"","ast-banner-title-visibility":"","ast-main-header-display":"","ast-hfb-above-header-display":"","ast-hfb-below-header-display":"","ast-hfb-mobile-header-display":"","site-post-title":"","ast-breadcrumbs-content":"","ast-featured-img":"","footer-sml-layout":"","theme-transparent-header-meta":"","adv-header-id-meta":"","stick-header-meta":"","header-above-stick-meta":"","header-main-stick-meta":"","header-below-stick-meta":"","astra-migrate-meta-layouts":"default","ast-page-background-enabled":"default","ast-page-background-meta":{"desktop":{"background-color":"var(--ast-global-color-4)","background-image":"","background-repeat":"repeat","background-position":"center center","background-size":"auto","background-attachment":"scroll","background-type":"","background-media":"","overlay-type":"","overlay-color":"","overlay-opacity":"","overlay-gradient":""},"tablet":{"background-color":"","background-image":"","background-repeat":"repeat","background-position":"center center","background-size":"auto","background-attachment":"scroll","background-type":"","background-media":"","overlay-type":"","overlay-color":"","overlay-opacity":"","overlay-gradient":""},"mobile":{"background-color":"","background-image":"","background-repeat":"repeat","background-position":"center center","background-size":"auto","background-attachment":"scroll","background-type":"","background-media":"","overlay-type":"","overlay-color":"","overlay-opacity":"","overlay-gradient":""}},"ast-content-background-meta":{"desktop":{"background-color":"var(--ast-global-color-5)","background-image":"","background-repeat":"repeat","background-position":"center center","background-size":"auto","background-attachment":"scroll","background-type":"","background-media":"","overlay-type":"","overlay-color":"","overlay-opacity":"","overlay-gradient":""},"tablet":{"background-color":"var(--ast-global-color-5)","background-image":"","background-repeat":"repeat","background-position":"center center","background-size":"auto","background-attachment":"scroll","background-type":"","background-media":"","overlay-type":"","overlay-color":"","overlay-opacity":"","overlay-gradient":""},"mobile":{"background-color":"var(--ast-global-color-5)","background-image":"","background-repeat":"repeat","background-position":"center center","background-size":"auto","background-attachment":"scroll","background-type":"","background-media":"","overlay-type":"","overlay-color":"","overlay-opacity":"","overlay-gradient":""}},"footnotes":""},"categories":[163],"tags":[190,223,416,446,447,489,854],"class_list":["post-3798","post","type-post","status-publish","format-standard","has-post-thumbnail","hentry","category-formacio","tag-190","tag-am-rosa-sensat","tag-dormacio-continuada","tag-educacio-primaria","tag-educacio-secundaria","tag-escola-destiu","tag-professorat"],"post_mailing_queue_ids":[],"_links":{"self":[{"href":"https:\/\/serveiseducatius.xtec.cat\/baixllobregat6\/wp-json\/wp\/v2\/posts\/3798","targetHints":{"allow":["GET"]}}],"collection":[{"href":"https:\/\/serveiseducatius.xtec.cat\/baixllobregat6\/wp-json\/wp\/v2\/posts"}],"about":[{"href":"https:\/\/serveiseducatius.xtec.cat\/baixllobregat6\/wp-json\/wp\/v2\/types\/post"}],"author":[{"embeddable":true,"href":"https:\/\/serveiseducatius.xtec.cat\/baixllobregat6\/wp-json\/wp\/v2\/users\/1"}],"replies":[{"embeddable":true,"href":"https:\/\/serveiseducatius.xtec.cat\/baixllobregat6\/wp-json\/wp\/v2\/comments?post=3798"}],"version-history":[{"count":1,"href":"https:\/\/serveiseducatius.xtec.cat\/baixllobregat6\/wp-json\/wp\/v2\/posts\/3798\/revisions"}],"predecessor-version":[{"id":6302,"href":"https:\/\/serveiseducatius.xtec.cat\/baixllobregat6\/wp-json\/wp\/v2\/posts\/3798\/revisions\/6302"}],"wp:featuredmedia":[{"embeddable":true,"href":"https:\/\/serveiseducatius.xtec.cat\/baixllobregat6\/wp-json\/wp\/v2\/media\/3799"}],"wp:attachment":[{"href":"https:\/\/serveiseducatius.xtec.cat\/baixllobregat6\/wp-json\/wp\/v2\/media?parent=3798"}],"wp:term":[{"taxonomy":"category","embeddable":true,"href":"https:\/\/serveiseducatius.xtec.cat\/baixllobregat6\/wp-json\/wp\/v2\/categories?post=3798"},{"taxonomy":"post_tag","embeddable":true,"href":"https:\/\/serveiseducatius.xtec.cat\/baixllobregat6\/wp-json\/wp\/v2\/tags?post=3798"}],"curies":[{"name":"wp","href":"https:\/\/api.w.org\/{rel}","templated":true}]}}