{"id":3789,"date":"2013-04-15T17:26:52","date_gmt":"2013-04-15T16:26:52","guid":{"rendered":"http:\/\/reporteducacio.cat\/?p=3789"},"modified":"2015-12-22T11:18:13","modified_gmt":"2015-12-22T10:18:13","slug":"un-equip-del-centre-educatiu-salesians-de-sant-vicenc-dels-horts-a-punt-per-lintermon-oxfam-trailwalker","status":"publish","type":"post","link":"https:\/\/serveiseducatius.xtec.cat\/baixllobregat6\/comunitat\/activitat-dels-centres\/un-equip-del-centre-educatiu-salesians-de-sant-vicenc-dels-horts-a-punt-per-lintermon-oxfam-trailwalker\/","title":{"rendered":"Un equip del centre Educatiu Salesians de Sant Vicen\u00e7 dels Horts a punt per l&#8217;Interm\u00f3n Oxfam Trailwalker"},"content":{"rendered":"<p><span style=\"font-size: 13px;\"><a href=\"http:\/\/serveiseducatius.xtec.cat\/se-baixllobregat6\/wp-content\/uploads\/usu778\/2013\/04\/intermontw.jpg\"><img loading=\"lazy\" decoding=\"async\" class=\"alignleft  wp-image-3790\" alt=\"Interm\u00f3n Oxfam Trailwalker 2011\" src=\"http:\/\/serveiseducatius.xtec.cat\/se-baixllobregat6\/wp-content\/uploads\/usu778\/2013\/04\/intermontw.jpg\" width=\"324\" height=\"217\" srcset=\"https:\/\/serveiseducatius.xtec.cat\/baixllobregat6\/wp-content\/uploads\/usu778\/2013\/04\/intermontw.jpg 540w, https:\/\/serveiseducatius.xtec.cat\/baixllobregat6\/wp-content\/uploads\/usu778\/2013\/04\/intermontw-300x201.jpg 300w\" sizes=\"auto, (max-width: 324px) 100vw, 324px\" \/><\/a>Interm\u00f3n Oxfam Trailwalker \u00e9s el major desafiament esportiu per equips del m\u00f3n per lluitar contra la pobresa. <!--more-->El desafiament consisteix a\u00a0<\/span>rec\u00f3rrer a peu 100 km en un m\u00e0xim de 32 hores amb equips de quatre persones<span style=\"font-size: 13px;\">. Els membres de l\u2019equip han de comen\u00e7ar, caminar i acabar junts.<\/span><\/p>\n<p>L\u2019objectiu?\u00a0<strong>Lluitar contra la pobresa i la injust\u00edcia al m\u00f3n<\/strong>. Per aix\u00f2 els equips es comprometen a aconseguir donatius que Interm\u00f3n Oxfam\u00a0destinem a m\u00e9s de 400 projectes de cooperaci\u00f3, acci\u00f3 humanit\u00e0ria, comer\u00e7 just i sensibilitzaci\u00f3, a 40 pa\u00efsos.<\/p>\n<p>El Trailwalker era un exercici d&#8217;entrenament militar a Hong Kong. El 1981 va passar a convertir-se en un esdeveniment Oxfam per recaptar donatius. Avui \u00e9s un dels principals desafiaments esportius del m\u00f3n, amb\u00a0<strong>16 esdeveniments a 11 pa\u00efsos<\/strong>.<\/p>\n<p><strong>A la primera edici\u00f3\u00a0<\/strong>d&#8217;Interm\u00f3n Oxfam (2011) s&#8217;inscriuen 210 equips dels quals 200 aconsegueixen els fons necessaris i prenen la sortida el 7 de maig. 143 equips arriben a meta en menys de 36 hores, recorrent els 100 quil\u00f2metres de la ruta \u2018Els 3 monts\u2019, a Barcelona.\u00a0<strong>La iniciativa va recaptar 473.297 \u20ac<\/strong>.<\/p>\n<p>En la segona edici\u00f3 s&#8217;inscriuen 295 equips, 287 prenen la sortida i 270 completen els 100 quil\u00f2metres de la Via Verda d&#8217;Olot fins a Sant Feliu de Gu\u00edxols.\u00a0<strong>Recaptem 770.606 \u20ac<\/strong>.<\/p>\n<p>En la tercera edici\u00f3 (20 d&#8217;abril) repetim ruta. El dia a dia dels entrenaments, les activitats per recaptar fons, la causa solid\u00e0ria i la conviv\u00e8ncia en xarxes socials i amb la resta d&#8217;equips, s\u00f3n una oportunitat \u00fanica de transcendir les relacions personals m\u00e9s enll\u00e0 del merament esportiu.Si vols formar part d&#8217;aquesta increible experi\u00e8ncia&#8230;<\/p>\n<p>M\u00e9s info:<\/p>\n<p><a title=\"web Interm\u00f3n TW\" href=\"http:\/\/trailwalker.intermonoxfam.org\/ca\" target=\"_blank\">Web de l&#8217;esdeveniment<\/a><\/p>\n<p><a title=\"WEB CES Salesians SVH\" href=\"http:\/\/santvicenc.salesians.cat\/\" target=\"_blank\">Web CES Salesians de Sant Vicen\u00e7 dels Horts<\/a><\/p>\n<p><a href=\"http:\/\/twitter.com\/Salesians_SVH\" target=\"_blank\">Twiter de CES Salesians<\/a><\/p>\n<pre><em>fotografia de la not\u00edcia \u00a9 Nil Bohigas<\/em><\/pre>\n","protected":false},"excerpt":{"rendered":"<p>Interm\u00f3n Oxfam Trailwalker \u00e9s el major desafiament esportiu per equips del m\u00f3n per lluitar contra la pobresa.<\/p>\n","protected":false},"author":1,"featured_media":3790,"comment_status":"open","ping_status":"open","sticky":false,"template":"","format":"standard","meta":{"_bbp_topic_count":0,"_bbp_reply_count":0,"_bbp_total_topic_count":0,"_bbp_total_reply_count":0,"_bbp_voice_count":0,"_bbp_anonymous_reply_count":0,"_bbp_topic_count_hidden":0,"_bbp_reply_count_hidden":0,"_bbp_forum_subforum_count":0,"site-sidebar-layout":"default","site-content-layout":"","ast-site-content-layout":"","site-content-style":"default","site-sidebar-style":"default","ast-global-header-display":"","ast-banner-title-visibility":"","ast-main-header-display":"","ast-hfb-above-header-display":"","ast-hfb-below-header-display":"","ast-hfb-mobile-header-display":"","site-post-title":"","ast-breadcrumbs-content":"","ast-featured-img":"","footer-sml-layout":"","theme-transparent-header-meta":"","adv-header-id-meta":"","stick-header-meta":"","header-above-stick-meta":"","header-main-stick-meta":"","header-below-stick-meta":"","astra-migrate-meta-layouts":"default","ast-page-background-enabled":"default","ast-page-background-meta":{"desktop":{"background-color":"var(--ast-global-color-4)","background-image":"","background-repeat":"repeat","background-position":"center center","background-size":"auto","background-attachment":"scroll","background-type":"","background-media":"","overlay-type":"","overlay-color":"","overlay-opacity":"","overlay-gradient":""},"tablet":{"background-color":"","background-image":"","background-repeat":"repeat","background-position":"center center","background-size":"auto","background-attachment":"scroll","background-type":"","background-media":"","overlay-type":"","overlay-color":"","overlay-opacity":"","overlay-gradient":""},"mobile":{"background-color":"","background-image":"","background-repeat":"repeat","background-position":"center center","background-size":"auto","background-attachment":"scroll","background-type":"","background-media":"","overlay-type":"","overlay-color":"","overlay-opacity":"","overlay-gradient":""}},"ast-content-background-meta":{"desktop":{"background-color":"var(--ast-global-color-5)","background-image":"","background-repeat":"repeat","background-position":"center center","background-size":"auto","background-attachment":"scroll","background-type":"","background-media":"","overlay-type":"","overlay-color":"","overlay-opacity":"","overlay-gradient":""},"tablet":{"background-color":"var(--ast-global-color-5)","background-image":"","background-repeat":"repeat","background-position":"center center","background-size":"auto","background-attachment":"scroll","background-type":"","background-media":"","overlay-type":"","overlay-color":"","overlay-opacity":"","overlay-gradient":""},"mobile":{"background-color":"var(--ast-global-color-5)","background-image":"","background-repeat":"repeat","background-position":"center center","background-size":"auto","background-attachment":"scroll","background-type":"","background-media":"","overlay-type":"","overlay-color":"","overlay-opacity":"","overlay-gradient":""}},"footnotes":""},"categories":[1036],"tags":[237,309,447,652,829,907,939],"class_list":["post-3789","post","type-post","status-publish","format-standard","has-post-thumbnail","hentry","category-activitat-dels-centres","tag-aprenentatge-i-servei","tag-ces-salesians","tag-educacio-secundaria","tag-intermon-oxfam","tag-pobresa","tag-sant-vicenc-dels-horts","tag-solidaritat"],"post_mailing_queue_ids":[],"_links":{"self":[{"href":"https:\/\/serveiseducatius.xtec.cat\/baixllobregat6\/wp-json\/wp\/v2\/posts\/3789","targetHints":{"allow":["GET"]}}],"collection":[{"href":"https:\/\/serveiseducatius.xtec.cat\/baixllobregat6\/wp-json\/wp\/v2\/posts"}],"about":[{"href":"https:\/\/serveiseducatius.xtec.cat\/baixllobregat6\/wp-json\/wp\/v2\/types\/post"}],"author":[{"embeddable":true,"href":"https:\/\/serveiseducatius.xtec.cat\/baixllobregat6\/wp-json\/wp\/v2\/users\/1"}],"replies":[{"embeddable":true,"href":"https:\/\/serveiseducatius.xtec.cat\/baixllobregat6\/wp-json\/wp\/v2\/comments?post=3789"}],"version-history":[{"count":1,"href":"https:\/\/serveiseducatius.xtec.cat\/baixllobregat6\/wp-json\/wp\/v2\/posts\/3789\/revisions"}],"predecessor-version":[{"id":6034,"href":"https:\/\/serveiseducatius.xtec.cat\/baixllobregat6\/wp-json\/wp\/v2\/posts\/3789\/revisions\/6034"}],"wp:featuredmedia":[{"embeddable":true,"href":"https:\/\/serveiseducatius.xtec.cat\/baixllobregat6\/wp-json\/wp\/v2\/media\/3790"}],"wp:attachment":[{"href":"https:\/\/serveiseducatius.xtec.cat\/baixllobregat6\/wp-json\/wp\/v2\/media?parent=3789"}],"wp:term":[{"taxonomy":"category","embeddable":true,"href":"https:\/\/serveiseducatius.xtec.cat\/baixllobregat6\/wp-json\/wp\/v2\/categories?post=3789"},{"taxonomy":"post_tag","embeddable":true,"href":"https:\/\/serveiseducatius.xtec.cat\/baixllobregat6\/wp-json\/wp\/v2\/tags?post=3789"}],"curies":[{"name":"wp","href":"https:\/\/api.w.org\/{rel}","templated":true}]}}