{"id":3780,"date":"2013-04-15T08:16:38","date_gmt":"2013-04-15T07:16:38","guid":{"rendered":"http:\/\/reporteducacio.cat\/?p=3780"},"modified":"2016-02-23T13:03:37","modified_gmt":"2016-02-23T12:03:37","slug":"99-actes-i-una-carta-una-aproximacio-al-discurs-sobre-el-fracas-escolar","status":"publish","type":"post","link":"https:\/\/serveiseducatius.xtec.cat\/baixllobregat6\/diversitat-en-xarxa\/trastorns-de-laprenentatge\/99-actes-i-una-carta-una-aproximacio-al-discurs-sobre-el-fracas-escolar\/","title":{"rendered":"99 actes i una carta: una aproximaci\u00f3 al discurs sobre el frac\u00e0s escolar"},"content":{"rendered":"<p><a href=\"http:\/\/serveiseducatius.xtec.cat\/se-baixllobregat6\/wp-content\/uploads\/usu778\/2013\/04\/articlenuriatria.jpg\"><img loading=\"lazy\" decoding=\"async\" class=\"alignleft\" src=\"http:\/\/serveiseducatius.xtec.cat\/se-baixllobregat6\/wp-content\/uploads\/usu778\/2013\/04\/articlenuriatria.jpg\" alt=\"articlenuriatria\" width=\"312\" height=\"187\" \/><\/a><span style=\"color: #333333;\">Aquest\u00a0article fa una aproximaci\u00f3 al discurs sobre l\u2019anomenat frac\u00e0s escolar analitzant un conjunt de fonts prim\u00e0ries documentals i amb Sant Vicen\u00e7 dels Horts com a context de refer\u00e8ncia. <\/span><\/p>\n<p><span style=\"color: #333333;\">Aix\u00ed, amb l\u2019objectiu de comprendre qu\u00e8 passa quan diem que un alumne fracassa, s&#8217;analitzen quins termes es fan servir quan es parla de frac\u00e0s escolar i quin significat tenen. Analitzant el llenguatge es constata com es classifiquen els alumnes, com s\u2019argumenten les intervencions, com el significat d\u2019algunes categories nom\u00e9s s\u2019ent\u00e9n des del seu \u00fas i com l\u2019orientaci\u00f3 i l\u2019acompanyament dels alumnes s\u00f3n conceptes amb una forta c\u00e0rrega ideol\u00f2gica.\u00a0<\/span>L\u2019an\u00e0lisi perment concloure que el discurs sobre el frac\u00e0s escolar no \u00e9s un discurs monol\u00edtic i que el treball en xarxa, entenent-lo tamb\u00e9 en l\u2019\u00e0mbit simb\u00f2lic, permet fer\u00a0visible les m\u00faltiples veus del discurs educatiu, tamb\u00e9 les veus dissonants.<\/p>\n<p>L&#8217;autora \u00a0N\u00faria Tria Parareda , \u00e9s estudiant del M\u00e0ster en Pedagogia Social &#8211; Universitat Ramon Llull.<\/p>\n<p>|<a title=\"article N\u00faria Tria\" href=\"https:\/\/docs.google.com\/file\/d\/0B58Brw5wa9U1SDZhSU56aEI0ZUU\/edit?usp=sharing\" target=\"_blank\">ACC\u00c9S A L&#8217;ARTICLE<\/a>|<\/p>\n<p>Refer\u00e8ncia original:<\/p>\n<h4><a title=\"Article Tria Paradera\" href=\"http:\/\/www.raco.cat\/index.php\/EducacioSocial\/article\/view\/262622\/350049\" target=\"_blank\">Educaci\u00f3 social: revista d&#8217;intervenci\u00f3 s\u00f2cioeducativa<\/a><\/h4>\n<p>ISSN paper: 1135-805X<\/p>\n<h6>Educaci\u00f3 social vol contribuir a la reflexi\u00f3 te\u00f2rica, al debat metodol\u00f2gic i a l&#8217;intercanvi d&#8217;experi\u00e8ncies en el camp de l&#8217;Educaci\u00f3 Social, no tan sols des d&#8217;una perspectiva professional sin\u00f3 tamb\u00e9 acad\u00e8mica i cient\u00edfica.<\/h6>\n","protected":false},"excerpt":{"rendered":"<p>Aquest\u00a0article fa una aproximaci\u00f3 al discurs sobre l\u2019anomenat frac\u00e0s escolar analitzant un conjunt de fonts prim\u00e0ries documentals i amb Sant Vicen\u00e7 dels Horts com a context de refer\u00e8ncia. Aix\u00ed, amb l\u2019objectiu de comprendre qu\u00e8 passa quan diem que un alumne fracassa, s&#8217;analitzen quins termes es fan servir quan es parla de frac\u00e0s escolar i quin [&hellip;]<\/p>\n","protected":false},"author":1,"featured_media":3781,"comment_status":"open","ping_status":"open","sticky":false,"template":"","format":"standard","meta":{"_bbp_topic_count":0,"_bbp_reply_count":0,"_bbp_total_topic_count":0,"_bbp_total_reply_count":0,"_bbp_voice_count":0,"_bbp_anonymous_reply_count":0,"_bbp_topic_count_hidden":0,"_bbp_reply_count_hidden":0,"_bbp_forum_subforum_count":0,"site-sidebar-layout":"default","site-content-layout":"","ast-site-content-layout":"","site-content-style":"default","site-sidebar-style":"default","ast-global-header-display":"","ast-banner-title-visibility":"","ast-main-header-display":"","ast-hfb-above-header-display":"","ast-hfb-below-header-display":"","ast-hfb-mobile-header-display":"","site-post-title":"","ast-breadcrumbs-content":"","ast-featured-img":"","footer-sml-layout":"","theme-transparent-header-meta":"","adv-header-id-meta":"","stick-header-meta":"","header-above-stick-meta":"","header-main-stick-meta":"","header-below-stick-meta":"","astra-migrate-meta-layouts":"default","ast-page-background-enabled":"default","ast-page-background-meta":{"desktop":{"background-color":"var(--ast-global-color-4)","background-image":"","background-repeat":"repeat","background-position":"center center","background-size":"auto","background-attachment":"scroll","background-type":"","background-media":"","overlay-type":"","overlay-color":"","overlay-opacity":"","overlay-gradient":""},"tablet":{"background-color":"","background-image":"","background-repeat":"repeat","background-position":"center center","background-size":"auto","background-attachment":"scroll","background-type":"","background-media":"","overlay-type":"","overlay-color":"","overlay-opacity":"","overlay-gradient":""},"mobile":{"background-color":"","background-image":"","background-repeat":"repeat","background-position":"center center","background-size":"auto","background-attachment":"scroll","background-type":"","background-media":"","overlay-type":"","overlay-color":"","overlay-opacity":"","overlay-gradient":""}},"ast-content-background-meta":{"desktop":{"background-color":"var(--ast-global-color-5)","background-image":"","background-repeat":"repeat","background-position":"center center","background-size":"auto","background-attachment":"scroll","background-type":"","background-media":"","overlay-type":"","overlay-color":"","overlay-opacity":"","overlay-gradient":""},"tablet":{"background-color":"var(--ast-global-color-5)","background-image":"","background-repeat":"repeat","background-position":"center center","background-size":"auto","background-attachment":"scroll","background-type":"","background-media":"","overlay-type":"","overlay-color":"","overlay-opacity":"","overlay-gradient":""},"mobile":{"background-color":"var(--ast-global-color-5)","background-image":"","background-repeat":"repeat","background-position":"center center","background-size":"auto","background-attachment":"scroll","background-type":"","background-media":"","overlay-type":"","overlay-color":"","overlay-opacity":"","overlay-gradient":""}},"footnotes":""},"categories":[1487],"tags":[408,430,559,1499,824,839,907,953,972],"class_list":["post-3780","post","type-post","status-publish","format-standard","has-post-thumbnail","hentry","category-trastorns-de-laprenentatge","tag-discurs","tag-educacio","tag-fracas-escolar","tag-mestresee","tag-pla-educatiu-dentorn","tag-praxi-social","tag-sant-vicenc-dels-horts","tag-teoria-critica","tag-treball-en-xarxa"],"post_mailing_queue_ids":[],"_links":{"self":[{"href":"https:\/\/serveiseducatius.xtec.cat\/baixllobregat6\/wp-json\/wp\/v2\/posts\/3780","targetHints":{"allow":["GET"]}}],"collection":[{"href":"https:\/\/serveiseducatius.xtec.cat\/baixllobregat6\/wp-json\/wp\/v2\/posts"}],"about":[{"href":"https:\/\/serveiseducatius.xtec.cat\/baixllobregat6\/wp-json\/wp\/v2\/types\/post"}],"author":[{"embeddable":true,"href":"https:\/\/serveiseducatius.xtec.cat\/baixllobregat6\/wp-json\/wp\/v2\/users\/1"}],"replies":[{"embeddable":true,"href":"https:\/\/serveiseducatius.xtec.cat\/baixllobregat6\/wp-json\/wp\/v2\/comments?post=3780"}],"version-history":[{"count":2,"href":"https:\/\/serveiseducatius.xtec.cat\/baixllobregat6\/wp-json\/wp\/v2\/posts\/3780\/revisions"}],"predecessor-version":[{"id":7793,"href":"https:\/\/serveiseducatius.xtec.cat\/baixllobregat6\/wp-json\/wp\/v2\/posts\/3780\/revisions\/7793"}],"wp:featuredmedia":[{"embeddable":true,"href":"https:\/\/serveiseducatius.xtec.cat\/baixllobregat6\/wp-json\/wp\/v2\/media\/3781"}],"wp:attachment":[{"href":"https:\/\/serveiseducatius.xtec.cat\/baixllobregat6\/wp-json\/wp\/v2\/media?parent=3780"}],"wp:term":[{"taxonomy":"category","embeddable":true,"href":"https:\/\/serveiseducatius.xtec.cat\/baixllobregat6\/wp-json\/wp\/v2\/categories?post=3780"},{"taxonomy":"post_tag","embeddable":true,"href":"https:\/\/serveiseducatius.xtec.cat\/baixllobregat6\/wp-json\/wp\/v2\/tags?post=3780"}],"curies":[{"name":"wp","href":"https:\/\/api.w.org\/{rel}","templated":true}]}}