{"id":3742,"date":"2013-04-08T11:00:49","date_gmt":"2013-04-08T10:00:49","guid":{"rendered":"http:\/\/reporteducacio.cat\/?p=3742"},"modified":"2015-12-24T12:59:03","modified_gmt":"2015-12-24T11:59:03","slug":"teatre-en-catala-a-les-escoles-de-sant-vicenc-dels-horts-enguany-fa-cinc-anys-que-fa-vint-anys","status":"publish","type":"post","link":"https:\/\/serveiseducatius.xtec.cat\/baixllobregat6\/pee020\/teatre-en-catala-a-les-escoles-de-sant-vicenc-dels-horts-enguany-fa-cinc-anys-que-fa-vint-anys\/","title":{"rendered":"Teatre en catal\u00e0 a les escoles de Sant Vicen\u00e7 dels Horts: enguany fa cinc anys que fa vint anys"},"content":{"rendered":"<p><a href=\"http:\/\/serveiseducatius.xtec.cat\/se-baixllobregat6\/wp-content\/uploads\/usu778\/2013\/04\/icoteatresvh.jpg\"><img loading=\"lazy\" decoding=\"async\" class=\"alignleft\" alt=\"icoteatresvh\" src=\"http:\/\/serveiseducatius.xtec.cat\/se-baixllobregat6\/wp-content\/uploads\/usu778\/2013\/04\/icoteatresvh.jpg\" width=\"312\" height=\"208\" \/><\/a><\/p>\n<p>Aquest article descriu una experi\u00e8ncia d\u2019aprenentatge servei que es va iniciar com una estrat\u00e8gia per donar suport educatiu a la did\u00e0ctica de\u00a0la llengua catalana, l\u2019impacte de la qual l\u2019ha fet arrelar i ampliar, de manera que ha resultat un esdeveniment de molt ress\u00f2 a les escoles i a la poblaci\u00f3 de Sant Vicen\u00e7 dels Horts.<\/p>\n<p>El motiu que el recuperem per a la lectura \u00e9s que enguany cobra actualitat at\u00e8s que es commemoraran els vint-i-cinc anys de la Mostra de Teatre Escolar, previstos per al proper 10 de maig i dels quals se n&#8217;informar\u00e0 ben aviat.<\/p>\n<p>L&#8217;article:\u00a0\u201c<em>Vint anys de teatre en catal\u00e0 a les escoles de Sant Vicen\u00e7 dels Horts\u201d. Una experi\u00e8ncia educativa per la cohesi\u00f3 d\u2019una llengua i d\u2019un pa\u00eds<\/em>, escrit per Elisenda Seras,\u00a0\u00a0tot i que ja fa cinc anys que va ser redactat, t\u00e9 plena vig\u00e8ncia i \u00e9s molt recomanable recuperar-lo per a la seva consulta.<\/p>\n<p><a title=\"mostra teatre escolar i aps\" href=\"http:\/\/www.aprenentatgeservei.org\/intra\/aps\/documents\/Elisenda%20Seras%20plantilla.pdf\" target=\"_blank\">Acc\u00e9s a la lectura<\/a><\/p>\n<p><a href=\"http:\/\/serveiseducatius.xtec.cat\/se-baixllobregat6\/wp-content\/uploads\/usu778\/2013\/04\/icoteatresvh.jpg\">\u00a0<\/a><\/p>\n","protected":false},"excerpt":{"rendered":"<p>Aquest article descriu una experi\u00e8ncia d\u2019aprenentatge servei que es va iniciar com una estrat\u00e8gia per donar suport educatiu a la did\u00e0ctica de\u00a0la llengua catalana, l\u2019impacte de la qual l\u2019ha fet arrelar i ampliar, de manera que ha resultat un esdeveniment de molt ress\u00f2 a les escoles i a la poblaci\u00f3 de Sant Vicen\u00e7 dels Horts. [&hellip;]<\/p>\n","protected":false},"author":1,"featured_media":3743,"comment_status":"open","ping_status":"open","sticky":false,"template":"","format":"standard","meta":{"_bbp_topic_count":0,"_bbp_reply_count":0,"_bbp_total_topic_count":0,"_bbp_total_reply_count":0,"_bbp_voice_count":0,"_bbp_anonymous_reply_count":0,"_bbp_topic_count_hidden":0,"_bbp_reply_count_hidden":0,"_bbp_forum_subforum_count":0,"site-sidebar-layout":"default","site-content-layout":"","ast-site-content-layout":"","site-content-style":"default","site-sidebar-style":"default","ast-global-header-display":"","ast-banner-title-visibility":"","ast-main-header-display":"","ast-hfb-above-header-display":"","ast-hfb-below-header-display":"","ast-hfb-mobile-header-display":"","site-post-title":"","ast-breadcrumbs-content":"","ast-featured-img":"","footer-sml-layout":"","theme-transparent-header-meta":"","adv-header-id-meta":"","stick-header-meta":"","header-above-stick-meta":"","header-main-stick-meta":"","header-below-stick-meta":"","astra-migrate-meta-layouts":"default","ast-page-background-enabled":"default","ast-page-background-meta":{"desktop":{"background-color":"var(--ast-global-color-4)","background-image":"","background-repeat":"repeat","background-position":"center center","background-size":"auto","background-attachment":"scroll","background-type":"","background-media":"","overlay-type":"","overlay-color":"","overlay-opacity":"","overlay-gradient":""},"tablet":{"background-color":"","background-image":"","background-repeat":"repeat","background-position":"center center","background-size":"auto","background-attachment":"scroll","background-type":"","background-media":"","overlay-type":"","overlay-color":"","overlay-opacity":"","overlay-gradient":""},"mobile":{"background-color":"","background-image":"","background-repeat":"repeat","background-position":"center center","background-size":"auto","background-attachment":"scroll","background-type":"","background-media":"","overlay-type":"","overlay-color":"","overlay-opacity":"","overlay-gradient":""}},"ast-content-background-meta":{"desktop":{"background-color":"var(--ast-global-color-5)","background-image":"","background-repeat":"repeat","background-position":"center center","background-size":"auto","background-attachment":"scroll","background-type":"","background-media":"","overlay-type":"","overlay-color":"","overlay-opacity":"","overlay-gradient":""},"tablet":{"background-color":"var(--ast-global-color-5)","background-image":"","background-repeat":"repeat","background-position":"center center","background-size":"auto","background-attachment":"scroll","background-type":"","background-media":"","overlay-type":"","overlay-color":"","overlay-opacity":"","overlay-gradient":""},"mobile":{"background-color":"var(--ast-global-color-5)","background-image":"","background-repeat":"repeat","background-position":"center center","background-size":"auto","background-attachment":"scroll","background-type":"","background-media":"","overlay-type":"","overlay-color":"","overlay-opacity":"","overlay-gradient":""}},"footnotes":""},"categories":[75],"tags":[237,446,447,703,907,40],"class_list":["post-3742","post","type-post","status-publish","format-standard","has-post-thumbnail","hentry","category-pee020","tag-aprenentatge-i-servei","tag-educacio-primaria","tag-educacio-secundaria","tag-llengua-catalana","tag-sant-vicenc-dels-horts","tag-teatre"],"post_mailing_queue_ids":[],"_links":{"self":[{"href":"https:\/\/serveiseducatius.xtec.cat\/baixllobregat6\/wp-json\/wp\/v2\/posts\/3742","targetHints":{"allow":["GET"]}}],"collection":[{"href":"https:\/\/serveiseducatius.xtec.cat\/baixllobregat6\/wp-json\/wp\/v2\/posts"}],"about":[{"href":"https:\/\/serveiseducatius.xtec.cat\/baixllobregat6\/wp-json\/wp\/v2\/types\/post"}],"author":[{"embeddable":true,"href":"https:\/\/serveiseducatius.xtec.cat\/baixllobregat6\/wp-json\/wp\/v2\/users\/1"}],"replies":[{"embeddable":true,"href":"https:\/\/serveiseducatius.xtec.cat\/baixllobregat6\/wp-json\/wp\/v2\/comments?post=3742"}],"version-history":[{"count":1,"href":"https:\/\/serveiseducatius.xtec.cat\/baixllobregat6\/wp-json\/wp\/v2\/posts\/3742\/revisions"}],"predecessor-version":[{"id":6252,"href":"https:\/\/serveiseducatius.xtec.cat\/baixllobregat6\/wp-json\/wp\/v2\/posts\/3742\/revisions\/6252"}],"wp:featuredmedia":[{"embeddable":true,"href":"https:\/\/serveiseducatius.xtec.cat\/baixllobregat6\/wp-json\/wp\/v2\/media\/3743"}],"wp:attachment":[{"href":"https:\/\/serveiseducatius.xtec.cat\/baixllobregat6\/wp-json\/wp\/v2\/media?parent=3742"}],"wp:term":[{"taxonomy":"category","embeddable":true,"href":"https:\/\/serveiseducatius.xtec.cat\/baixllobregat6\/wp-json\/wp\/v2\/categories?post=3742"},{"taxonomy":"post_tag","embeddable":true,"href":"https:\/\/serveiseducatius.xtec.cat\/baixllobregat6\/wp-json\/wp\/v2\/tags?post=3742"}],"curies":[{"name":"wp","href":"https:\/\/api.w.org\/{rel}","templated":true}]}}