{"id":3705,"date":"2013-03-19T16:54:30","date_gmt":"2013-03-19T15:54:30","guid":{"rendered":"http:\/\/reporteducacio.cat\/?p=3705"},"modified":"2015-12-23T18:56:07","modified_gmt":"2015-12-23T17:56:07","slug":"video-de-promo-de-el-cant-de-la-mallerenga-ruta-literaria-i-historica-per-sant-vicenc-dels-horts","status":"publish","type":"post","link":"https:\/\/serveiseducatius.xtec.cat\/baixllobregat6\/pee020\/video-de-promo-de-el-cant-de-la-mallerenga-ruta-literaria-i-historica-per-sant-vicenc-dels-horts\/","title":{"rendered":"V\u00eddeo de promo de \u00abEl cant de la Mallerenga\u00bb. Ruta liter\u00e0ria i hist\u00f2rica per Sant Vicen\u00e7 dels Horts"},"content":{"rendered":"<h3><a href=\"http:\/\/serveiseducatius.xtec.cat\/se-baixllobregat6\/wp-content\/uploads\/usu778\/2013\/03\/videorutamallerenga.jpg\"><img loading=\"lazy\" decoding=\"async\" class=\"alignleft  wp-image-3706\" alt=\"videorutamallerenga\" src=\"http:\/\/serveiseducatius.xtec.cat\/se-baixllobregat6\/wp-content\/uploads\/usu778\/2013\/03\/videorutamallerenga.jpg\" width=\"312\" height=\"206\" srcset=\"https:\/\/serveiseducatius.xtec.cat\/baixllobregat6\/wp-content\/uploads\/usu778\/2013\/03\/videorutamallerenga.jpg 520w, https:\/\/serveiseducatius.xtec.cat\/baixllobregat6\/wp-content\/uploads\/usu778\/2013\/03\/videorutamallerenga-300x198.jpg 300w\" sizes=\"auto, (max-width: 312px) 100vw, 312px\" \/><\/a>La novel\u2022la \u00a0\u00abEl cant de la Mallerenga\u00bb, publicada a l\u2019Editorial Bamb\u00fa, es basa en records i viv\u00e8ncies<!--more--> familiars de Joaquim Pastor, mestre de l&#8217;Escola Sant Vicen\u00e7.<\/h3>\n<div>\n<p>El llibre \u00a0s\u2019adre\u00e7a a lectors majors de 15 anys i es basa en records i viv\u00e8ncies familiars de l\u2019autor.<br \/>\nEl Roget, un nen de nou anys p\u00e8l-roig i intr\u00e8pid, veu estroncada la seva infantesa per la lluita armada, que li ha robat all\u00f2 que m\u00e9s estima: el seu pare. La seva antiga vida sembla molt llunyana ara, quan ha de contemplar amb r\u00e0bia com la seva fam\u00edlia es veu obligada a allotjar tres militars franquistes, el cap dels quals, conegut com el Coix, pret\u00e9n la seva mare.<\/p>\n<p>Per tal de promocionar la ruta liter\u00e0ria basada en aquesta obra, s&#8217;ha produ\u00eft un espot que us presentem tot seguit, \u00a0que \u00e9s una iniciativa del <a title=\"CELSVH\" href=\"http:\/\/celsvh.blogspot.com\/\" target=\"_blank\">Centre d&#8217;Estudis Locals de Sant Vicen\u00e7 dels Horts<\/a>\u00a0i que ha estat realitzat per <a title=\"Labsus \" href=\"http:\/\/labsus.tv\/LABSUS-FILMS-MOTION-GRAPHICSRealitzacio-i-muntatge-1\" target=\"_blank\">Labsus Films, Motion &amp; Graphics<\/a><\/p>\n<\/div>\n<p><iframe loading=\"lazy\" src=\"http:\/\/www.youtube.com\/embed\/OZI-3U2PtpU\" height=\"315\" width=\"560\" allowfullscreen=\"\" frameborder=\"0\"><\/iframe><\/p>\n<p>I dintre de les accions de din\u00e0mica educativa del Pla educatiu d&#8217;entorn, s&#8217;ofereix als instituts de la ciutat, aix\u00ed com tamb\u00e9, en paral\u00b7lel al p\u00fablic en general, la possibilitat de fer una ruta liter\u00e0ria pels indrets m\u00e9s emblem\u00e0tics narrats en aquest obra i acompanyats per l&#8217;autor.<\/p>\n<p>Heus aqu\u00ed, el material did\u00e0ctic general al respecte:<\/p>\n<ul>\n<li><a href=\"https:\/\/docs.google.com\/file\/d\/0B9kbO7XwPkh4SlNhWTRZRG0tWGc\/edit?pli=1\" target=\"_blank\">Guia de lectura,\u00a0<em>El cant de la Mallerenga<\/em><\/a><\/li>\n<li><a href=\"https:\/\/docs.google.com\/file\/d\/0B9kbO7XwPkh4X2lFT1ZPNVBZMlE\/edit\" target=\"_blank\">Quadern de ruta per als alumnes d\u2019ESO<\/a><\/li>\n<li><a href=\"https:\/\/docs.google.com\/file\/d\/0B9kbO7XwPkh4c0FSODY3U3ZMVjg\/edit\" target=\"_blank\">Llibret de documents<\/a><\/li>\n<\/ul>\n<p><a href=\"http:\/\/serveiseducatius.xtec.cat\/se-baixllobregat6\/wp-content\/uploads\/usu778\/2013\/03\/cartellrutamallerenga.jpg\"><img loading=\"lazy\" decoding=\"async\" class=\"alignleft size-full wp-image-3707\" alt=\"cartellrutamallerenga\" src=\"http:\/\/serveiseducatius.xtec.cat\/se-baixllobregat6\/wp-content\/uploads\/usu778\/2013\/03\/cartellrutamallerenga.jpg\" width=\"445\" height=\"586\" srcset=\"https:\/\/serveiseducatius.xtec.cat\/baixllobregat6\/wp-content\/uploads\/usu778\/2013\/03\/cartellrutamallerenga.jpg 445w, https:\/\/serveiseducatius.xtec.cat\/baixllobregat6\/wp-content\/uploads\/usu778\/2013\/03\/cartellrutamallerenga-228x300.jpg 228w\" sizes=\"auto, (max-width: 445px) 100vw, 445px\" \/><\/a><\/p>\n","protected":false},"excerpt":{"rendered":"<p>La novel\u2022la \u00a0\u00abEl cant de la Mallerenga\u00bb, publicada a l\u2019Editorial Bamb\u00fa, es basa en records i viv\u00e8ncies<\/p>\n","protected":false},"author":1,"featured_media":3706,"comment_status":"open","ping_status":"open","sticky":false,"template":"","format":"standard","meta":{"_bbp_topic_count":0,"_bbp_reply_count":0,"_bbp_total_topic_count":0,"_bbp_total_reply_count":0,"_bbp_voice_count":0,"_bbp_anonymous_reply_count":0,"_bbp_topic_count_hidden":0,"_bbp_reply_count_hidden":0,"_bbp_forum_subforum_count":0,"site-sidebar-layout":"default","site-content-layout":"","ast-site-content-layout":"","site-content-style":"default","site-sidebar-style":"default","ast-global-header-display":"","ast-banner-title-visibility":"","ast-main-header-display":"","ast-hfb-above-header-display":"","ast-hfb-below-header-display":"","ast-hfb-mobile-header-display":"","site-post-title":"","ast-breadcrumbs-content":"","ast-featured-img":"","footer-sml-layout":"","theme-transparent-header-meta":"","adv-header-id-meta":"","stick-header-meta":"","header-above-stick-meta":"","header-main-stick-meta":"","header-below-stick-meta":"","astra-migrate-meta-layouts":"default","ast-page-background-enabled":"default","ast-page-background-meta":{"desktop":{"background-color":"var(--ast-global-color-4)","background-image":"","background-repeat":"repeat","background-position":"center center","background-size":"auto","background-attachment":"scroll","background-type":"","background-media":"","overlay-type":"","overlay-color":"","overlay-opacity":"","overlay-gradient":""},"tablet":{"background-color":"","background-image":"","background-repeat":"repeat","background-position":"center center","background-size":"auto","background-attachment":"scroll","background-type":"","background-media":"","overlay-type":"","overlay-color":"","overlay-opacity":"","overlay-gradient":""},"mobile":{"background-color":"","background-image":"","background-repeat":"repeat","background-position":"center center","background-size":"auto","background-attachment":"scroll","background-type":"","background-media":"","overlay-type":"","overlay-color":"","overlay-opacity":"","overlay-gradient":""}},"ast-content-background-meta":{"desktop":{"background-color":"var(--ast-global-color-5)","background-image":"","background-repeat":"repeat","background-position":"center center","background-size":"auto","background-attachment":"scroll","background-type":"","background-media":"","overlay-type":"","overlay-color":"","overlay-opacity":"","overlay-gradient":""},"tablet":{"background-color":"var(--ast-global-color-5)","background-image":"","background-repeat":"repeat","background-position":"center center","background-size":"auto","background-attachment":"scroll","background-type":"","background-media":"","overlay-type":"","overlay-color":"","overlay-opacity":"","overlay-gradient":""},"mobile":{"background-color":"var(--ast-global-color-5)","background-image":"","background-repeat":"repeat","background-position":"center center","background-size":"auto","background-attachment":"scroll","background-type":"","background-media":"","overlay-type":"","overlay-color":"","overlay-opacity":"","overlay-gradient":""}},"footnotes":""},"categories":[75],"tags":[457,589,597,665,691,824,900,907],"class_list":["post-3705","post","type-post","status-publish","format-standard","has-post-thumbnail","hentry","category-pee020","tag-el-cant-de-la-mallerenga","tag-guerra-1936-1939","tag-historia","tag-joaquim-pastor","tag-literatura","tag-pla-educatiu-dentorn","tag-ruta-literaria","tag-sant-vicenc-dels-horts"],"post_mailing_queue_ids":[],"_links":{"self":[{"href":"https:\/\/serveiseducatius.xtec.cat\/baixllobregat6\/wp-json\/wp\/v2\/posts\/3705","targetHints":{"allow":["GET"]}}],"collection":[{"href":"https:\/\/serveiseducatius.xtec.cat\/baixllobregat6\/wp-json\/wp\/v2\/posts"}],"about":[{"href":"https:\/\/serveiseducatius.xtec.cat\/baixllobregat6\/wp-json\/wp\/v2\/types\/post"}],"author":[{"embeddable":true,"href":"https:\/\/serveiseducatius.xtec.cat\/baixllobregat6\/wp-json\/wp\/v2\/users\/1"}],"replies":[{"embeddable":true,"href":"https:\/\/serveiseducatius.xtec.cat\/baixllobregat6\/wp-json\/wp\/v2\/comments?post=3705"}],"version-history":[{"count":1,"href":"https:\/\/serveiseducatius.xtec.cat\/baixllobregat6\/wp-json\/wp\/v2\/posts\/3705\/revisions"}],"predecessor-version":[{"id":6086,"href":"https:\/\/serveiseducatius.xtec.cat\/baixllobregat6\/wp-json\/wp\/v2\/posts\/3705\/revisions\/6086"}],"wp:featuredmedia":[{"embeddable":true,"href":"https:\/\/serveiseducatius.xtec.cat\/baixllobregat6\/wp-json\/wp\/v2\/media\/3706"}],"wp:attachment":[{"href":"https:\/\/serveiseducatius.xtec.cat\/baixllobregat6\/wp-json\/wp\/v2\/media?parent=3705"}],"wp:term":[{"taxonomy":"category","embeddable":true,"href":"https:\/\/serveiseducatius.xtec.cat\/baixllobregat6\/wp-json\/wp\/v2\/categories?post=3705"},{"taxonomy":"post_tag","embeddable":true,"href":"https:\/\/serveiseducatius.xtec.cat\/baixllobregat6\/wp-json\/wp\/v2\/tags?post=3705"}],"curies":[{"name":"wp","href":"https:\/\/api.w.org\/{rel}","templated":true}]}}