{"id":3696,"date":"2013-03-12T10:06:06","date_gmt":"2013-03-12T09:06:06","guid":{"rendered":"http:\/\/reporteducacio.cat\/?p=3696"},"modified":"2015-12-24T13:01:55","modified_gmt":"2015-12-24T12:01:55","slug":"les-mestres-de-la-republica","status":"publish","type":"post","link":"https:\/\/serveiseducatius.xtec.cat\/baixllobregat6\/actualitat\/les-mestres-de-la-republica\/","title":{"rendered":"Les Mestres de la Rep\u00fablica"},"content":{"rendered":"<p><a href=\"http:\/\/serveiseducatius.xtec.cat\/se-baixllobregat6\/wp-content\/uploads\/usu778\/2013\/03\/mestresrepublica.png\"><img loading=\"lazy\" decoding=\"async\" class=\"alignleft  wp-image-3697\" alt=\"mestresrepublica\" src=\"http:\/\/serveiseducatius.xtec.cat\/se-baixllobregat6\/wp-content\/uploads\/usu778\/2013\/03\/mestresrepublica.png\" width=\"312\" height=\"205\" srcset=\"https:\/\/serveiseducatius.xtec.cat\/baixllobregat6\/wp-content\/uploads\/usu778\/2013\/03\/mestresrepublica.png 520w, https:\/\/serveiseducatius.xtec.cat\/baixllobregat6\/wp-content\/uploads\/usu778\/2013\/03\/mestresrepublica-300x197.png 300w\" sizes=\"auto, (max-width: 312px) 100vw, 312px\" \/><\/a><\/p>\n<p>Aquest documental \u00e9s una producci\u00f3 de FETE-UGT i TRANSIT producciones.<\/p>\n<p>A l&#8217;espai web es disposa d&#8217;una \u00e0mplia informaci\u00f3 sobre el projecte i que contempla des de la informaci\u00f3 t\u00e8cnica del film, fins a un espai de desc\u00e0rregues i, sobretot, una secci\u00f3 amb propostes did\u00e0ctiques.<\/p>\n<p>Us deixem amb el tr\u00e0iler del documental, no sense abans reproduir el breu text de presentaci\u00f3 que ofereixen els promotors d&#8217;aquesta iniciativa als visitants del seu espai web:<\/p>\n<blockquote><p>Las Maestras Republicanas fueron unas mujeres valientes y comprometidas que participaron en la conquista de los derechos de las mujeres y en la modernizaci\u00f3n de la educaci\u00f3n, basada en los principios de la escuela p\u00fablica y democr\u00e1tica.<\/p>\n<p>Este documental a trav\u00e9s de la recreaci\u00f3n de una maestra de la \u00e9poca, e im\u00e1genes de archivo in\u00e9ditas, nos descubre el maravilloso legado que nos han dejado las maestras republicanas y que ha llegado hasta nuestros d\u00edas.<\/p>\n<p>Articulado en base a testimonios de investigadores y familiares, vamos a conocer el momento hist\u00f3rico que vivieron estas docentes y su participaci\u00f3n en la transformaci\u00f3n social de nuestro pa\u00eds a trav\u00e9s de la educaci\u00f3n.<\/p><\/blockquote>\n<p>&nbsp;<br \/>\n<iframe loading=\"lazy\" width=\"560\" height=\"315\" src=\"http:\/\/www.youtube.com\/embed\/yOh6usIllCM\" frameborder=\"0\" allowfullscreen><\/iframe><\/p>\n","protected":false},"excerpt":{"rendered":"<p>Aquest documental \u00e9s una producci\u00f3 de FETE-UGT i TRANSIT producciones. A l&#8217;espai web es disposa d&#8217;una \u00e0mplia informaci\u00f3 sobre el projecte i que contempla des de la informaci\u00f3 t\u00e8cnica del film, fins a un espai de desc\u00e0rregues i, sobretot, una secci\u00f3 amb propostes did\u00e0ctiques. Us deixem amb el tr\u00e0iler del documental, no sense abans reproduir [&hellip;]<\/p>\n","protected":false},"author":1,"featured_media":3697,"comment_status":"open","ping_status":"open","sticky":false,"template":"","format":"standard","meta":{"_bbp_topic_count":0,"_bbp_reply_count":0,"_bbp_total_topic_count":0,"_bbp_total_reply_count":0,"_bbp_voice_count":0,"_bbp_anonymous_reply_count":0,"_bbp_topic_count_hidden":0,"_bbp_reply_count_hidden":0,"_bbp_forum_subforum_count":0,"site-sidebar-layout":"default","site-content-layout":"","ast-site-content-layout":"","site-content-style":"default","site-sidebar-style":"default","ast-global-header-display":"","ast-banner-title-visibility":"","ast-main-header-display":"","ast-hfb-above-header-display":"","ast-hfb-below-header-display":"","ast-hfb-mobile-header-display":"","site-post-title":"","ast-breadcrumbs-content":"","ast-featured-img":"","footer-sml-layout":"","theme-transparent-header-meta":"","adv-header-id-meta":"","stick-header-meta":"","header-above-stick-meta":"","header-main-stick-meta":"","header-below-stick-meta":"","astra-migrate-meta-layouts":"default","ast-page-background-enabled":"default","ast-page-background-meta":{"desktop":{"background-color":"var(--ast-global-color-4)","background-image":"","background-repeat":"repeat","background-position":"center center","background-size":"auto","background-attachment":"scroll","background-type":"","background-media":"","overlay-type":"","overlay-color":"","overlay-opacity":"","overlay-gradient":""},"tablet":{"background-color":"","background-image":"","background-repeat":"repeat","background-position":"center center","background-size":"auto","background-attachment":"scroll","background-type":"","background-media":"","overlay-type":"","overlay-color":"","overlay-opacity":"","overlay-gradient":""},"mobile":{"background-color":"","background-image":"","background-repeat":"repeat","background-position":"center center","background-size":"auto","background-attachment":"scroll","background-type":"","background-media":"","overlay-type":"","overlay-color":"","overlay-opacity":"","overlay-gradient":""}},"ast-content-background-meta":{"desktop":{"background-color":"var(--ast-global-color-5)","background-image":"","background-repeat":"repeat","background-position":"center center","background-size":"auto","background-attachment":"scroll","background-type":"","background-media":"","overlay-type":"","overlay-color":"","overlay-opacity":"","overlay-gradient":""},"tablet":{"background-color":"var(--ast-global-color-5)","background-image":"","background-repeat":"repeat","background-position":"center center","background-size":"auto","background-attachment":"scroll","background-type":"","background-media":"","overlay-type":"","overlay-color":"","overlay-opacity":"","overlay-gradient":""},"mobile":{"background-color":"var(--ast-global-color-5)","background-image":"","background-repeat":"repeat","background-position":"center center","background-size":"auto","background-attachment":"scroll","background-type":"","background-media":"","overlay-type":"","overlay-color":"","overlay-opacity":"","overlay-gradient":""}},"footnotes":""},"categories":[162],"tags":[388,415,539,541,716,736,889],"class_list":["post-3696","post","type-post","status-publish","format-standard","has-post-thumbnail","hentry","category-actualitat","tag-democracia","tag-dona","tag-feminisme","tag-fete-ugt","tag-magisteri","tag-mestres","tag-republica"],"post_mailing_queue_ids":[],"_links":{"self":[{"href":"https:\/\/serveiseducatius.xtec.cat\/baixllobregat6\/wp-json\/wp\/v2\/posts\/3696","targetHints":{"allow":["GET"]}}],"collection":[{"href":"https:\/\/serveiseducatius.xtec.cat\/baixllobregat6\/wp-json\/wp\/v2\/posts"}],"about":[{"href":"https:\/\/serveiseducatius.xtec.cat\/baixllobregat6\/wp-json\/wp\/v2\/types\/post"}],"author":[{"embeddable":true,"href":"https:\/\/serveiseducatius.xtec.cat\/baixllobregat6\/wp-json\/wp\/v2\/users\/1"}],"replies":[{"embeddable":true,"href":"https:\/\/serveiseducatius.xtec.cat\/baixllobregat6\/wp-json\/wp\/v2\/comments?post=3696"}],"version-history":[{"count":1,"href":"https:\/\/serveiseducatius.xtec.cat\/baixllobregat6\/wp-json\/wp\/v2\/posts\/3696\/revisions"}],"predecessor-version":[{"id":6255,"href":"https:\/\/serveiseducatius.xtec.cat\/baixllobregat6\/wp-json\/wp\/v2\/posts\/3696\/revisions\/6255"}],"wp:featuredmedia":[{"embeddable":true,"href":"https:\/\/serveiseducatius.xtec.cat\/baixllobregat6\/wp-json\/wp\/v2\/media\/3697"}],"wp:attachment":[{"href":"https:\/\/serveiseducatius.xtec.cat\/baixllobregat6\/wp-json\/wp\/v2\/media?parent=3696"}],"wp:term":[{"taxonomy":"category","embeddable":true,"href":"https:\/\/serveiseducatius.xtec.cat\/baixllobregat6\/wp-json\/wp\/v2\/categories?post=3696"},{"taxonomy":"post_tag","embeddable":true,"href":"https:\/\/serveiseducatius.xtec.cat\/baixllobregat6\/wp-json\/wp\/v2\/tags?post=3696"}],"curies":[{"name":"wp","href":"https:\/\/api.w.org\/{rel}","templated":true}]}}