{"id":3673,"date":"2013-03-08T08:25:14","date_gmt":"2013-03-08T07:25:14","guid":{"rendered":"http:\/\/reporteducacio.cat\/?p=3673"},"modified":"2015-12-24T13:03:15","modified_gmt":"2015-12-24T12:03:15","slug":"52-tallats-i-un-tovallo-un-any-amb-els-punt-de-vista-daquells-que-mes-destaquen","status":"publish","type":"post","link":"https:\/\/serveiseducatius.xtec.cat\/baixllobregat6\/actualitat\/52-tallats-i-un-tovallo-un-any-amb-els-punt-de-vista-daquells-que-mes-destaquen\/","title":{"rendered":"52 tallats i un tovall\u00f3 : Un any amb els punt de vista d\u2019aquells que m\u00e9s destaquen"},"content":{"rendered":"<p><a href=\"http:\/\/serveiseducatius.xtec.cat\/se-baixllobregat6\/wp-content\/uploads\/usu778\/2013\/03\/52tallats.png\"><img loading=\"lazy\" decoding=\"async\" class=\"alignleft  wp-image-3674\" alt=\"52tallats\" src=\"http:\/\/serveiseducatius.xtec.cat\/se-baixllobregat6\/wp-content\/uploads\/usu778\/2013\/03\/52tallats.png\" width=\"312\" height=\"168\" srcset=\"https:\/\/serveiseducatius.xtec.cat\/baixllobregat6\/wp-content\/uploads\/usu778\/2013\/03\/52tallats.png 520w, https:\/\/serveiseducatius.xtec.cat\/baixllobregat6\/wp-content\/uploads\/usu778\/2013\/03\/52tallats-300x162.png 300w\" sizes=\"auto, (max-width: 312px) 100vw, 312px\" \/><\/a><\/p>\n<p>Aquest projecte pret\u00e9n mostrar les diferents opinions i punts de vista de 52 persones rellevants en diferents camps (cultura, comunicaci\u00f3, cinema, pol\u00edtica\u2026) tant d\u2019\u00e0mbit nacional, comarcal o internacional.<\/p>\n<p>La finalitat d&#8217;aquesta iniciativa de la <a href=\"http:\/\/www.masalborna.org\" target=\"_blank\">Fundaci\u00f3 Mas Alborn\u00e0<\/a> \u00a0\u00e9s fer una\u00a0<strong>tert\u00falia<\/strong>\u00a0sobre un tema que poc sovint apareix com a tema de debat o de \u201cxerrada\u201d:\u00a0<strong>la discapacitat i el trastorn mental<\/strong>. Es proposa, doncs, durant un any (52 setmanes) una entrevista fresca i directa a una persona que ens parlar\u00e0 sobre la seva visi\u00f3 particular i personal de la discapacitat i el trastorn mental, tingui o no relaci\u00f3 amb el sector.<\/p>\n<p>Les opinions de les persones s\u00f3n el millor bar\u00f2metre per saber l\u2019estat d\u2019opini\u00f3 o el nivell de coneixement d\u2019un tema, col\u00b7lectiu, etc.<\/p>\n<p>I aquesta \u00e9s la finalitat de la iniciativa.<\/p>\n<p><strong>Per qu\u00e8 52 tallats i un tovall\u00f3<\/strong>?<\/p>\n<p>El nom del projecte es deu als tres elements clau que el defineixen:<\/p>\n<ul>\n<li><strong>52:<\/strong>\u00a0s\u00f3n el repte, el nombre d\u2019entrevistes que es realitzaran i que s\u00f3n les setmanes que t\u00e9 un any<\/li>\n<li><strong>Tallats<\/strong>: s\u00edmbol d\u2019all\u00f2 que \u00e9s quotidi\u00e0 i normal i que \u00e9s alhora escenari de tert\u00falies i xerrades.<\/li>\n<li><strong>Tovall\u00f3:<\/strong>\u00a0lloc on apuntes les coses importants que vols recordar quan et trobes en una conversa informal i \u201cde cafeteria\u201d com la que plantegem al projecte.<\/li>\n<\/ul>\n<p><strong>Qui ha participat en aquesta iniciativa?<\/strong><\/p>\n<p><strong>Pol\u00edtics<\/strong><br \/>\n<strong>Artur Mas:<\/strong>\u00a0President de la Generalitat<br \/>\n<strong>Josep Llu\u00eds Cleries:<\/strong>\u00a0exConseller de Benestar i Fam\u00edlia<br \/>\n<strong>Jordi Pujol<\/strong>: expresident de la Generalitat de Catalunya<br \/>\n<strong>F. Xavier Mena:<\/strong>\u00a0exConseller d\u2019Empresa i Ocupaci\u00f3<br \/>\n<strong>Joan Herrera:<\/strong>\u00a0cap d\u2019ICV a Catalunya<br \/>\n<strong>Oriol Junqueras:<\/strong>\u00a0cap d\u2019ERC<br \/>\n<strong>Albert Rivera:<\/strong>\u00a0secretari Ciutadans- Partit per la Ciutadania<br \/>\n<strong>David Fern\u00e0ndez:<\/strong>\u00a0representant de la CUP<\/p>\n<p><strong>Periodistes, professors<br \/>\nJordi Bast\u00e9:<\/strong>\u00a0Rac 1<br \/>\n<strong>M\u00f2nica Terribas:<\/strong>\u00a0Diari ARA, ex directora TV3 i<br \/>\n<strong>Ricard Rafecas:<\/strong>\u00a0El 3 de vuit<br \/>\n<strong>Vicent Sanchis:<\/strong>\u00a0Rac1, Diari Avui<br \/>\n<strong>Carles Capdevila:<\/strong>\u00a0director diari ARA<br \/>\n<strong>Francesc Marc \u00c1lvaro:<\/strong>\u00a0periodista i professor a la URL<\/p>\n<p><strong>Empreses, Bancs<\/strong><br \/>\n<strong>Joan Vila:<\/strong>, director de Sandhar<br \/>\n<strong>Xavier Serra:<\/strong>\u00a0director General d\u2019Affinity Petcare<br \/>\n<strong>Isidre Fain\u00e9:<\/strong>\u00a0president CaixaBank<br \/>\n<strong>Albert F\u00e0brega:<\/strong>\u00a0director de Caf\u00e8s Lider<br \/>\n<strong>Carme Ruscalleda:<\/strong>\u00a0cuinera i empres\u00e0ria<br \/>\n<strong><br \/>\nArtistes, escriptors, organitzacions<\/strong><br \/>\n<strong>Toni Alb\u00e0<\/strong>: \u00a0actor<br \/>\n<strong>Merc\u00e8 Sampietro:<\/strong>\u00a0actriu \u201cLa Riera\u201d<br \/>\n<strong>Ferran Carvajal:<\/strong>\u00a0actor<br \/>\n<strong>Merc\u00e8 Foradada:<\/strong>\u00a0escriptora<br \/>\n<strong>Joel Joan:<\/strong>\u00a0president de l\u2019Acad\u00e8mia Catalana de Cinema. Actor<br \/>\n<strong>Muriel Casals:<\/strong>\u00a0presidenta \u00d2mnium Cultural<br \/>\n<strong>Carme Forcadell:<\/strong>\u00a0presidenta Assemblea Nacional de Catalunya<br \/>\n<strong>Jordi Ferrer:<\/strong>\u00a0director 9 editorial<br \/>\n<strong>Josep Maria Sol\u00e9:<\/strong>\u00a0Pare Abat de Montserrat<br \/>\n<strong>Carme Portaceli:<\/strong>\u00a0directora teatral i professora institut del teatre<\/p>\n<p><strong>Experts, doctors<br \/>\nDr. Jos\u00e9 Manuel Larraz:\u00a0<\/strong>Director M\u00e8dic Hospital Psiqui\u00e0tric de Martorell<br \/>\n<strong>Xavier Trabado:<\/strong>\u00a0President de Salut Mental Catalunya<br \/>\n<strong>Mart\u00ed Sol\u00e9:<\/strong>\u00a0\u00a0President de Fundaci\u00f3 Mas Alborn\u00e0<br \/>\n<strong>Dr. Joan Corbella<\/strong><br \/>\n<strong>Tom\u00e0s Molina:<\/strong>\u00a0\u00a0meteor\u00f2leg<br \/>\n<strong>Joaquim Barraquer:<\/strong>\u00a0oftalm\u00f2leg<\/p>\n<p>|<a title=\"52 TALLATS\" href=\"http:\/\/www.52tallats.cat\/\" target=\"_blank\">ACC\u00c9S A L&#8217;ESPAI WEB<\/a>|<\/p>\n","protected":false},"excerpt":{"rendered":"<p>Aquest projecte pret\u00e9n mostrar les diferents opinions i punts de vista de 52 persones rellevants en diferents camps (cultura, comunicaci\u00f3, cinema, pol\u00edtica\u2026) tant d\u2019\u00e0mbit nacional, comarcal o internacional. La finalitat d&#8217;aquesta iniciativa de la Fundaci\u00f3 Mas Alborn\u00e0 \u00a0\u00e9s fer una\u00a0tert\u00falia\u00a0sobre un tema que poc sovint apareix com a tema de debat o de \u201cxerrada\u201d:\u00a0la discapacitat [&hellip;]<\/p>\n","protected":false},"author":1,"featured_media":3674,"comment_status":"open","ping_status":"open","sticky":false,"template":"","format":"standard","meta":{"_bbp_topic_count":0,"_bbp_reply_count":0,"_bbp_total_topic_count":0,"_bbp_total_reply_count":0,"_bbp_voice_count":0,"_bbp_anonymous_reply_count":0,"_bbp_topic_count_hidden":0,"_bbp_reply_count_hidden":0,"_bbp_forum_subforum_count":0,"site-sidebar-layout":"default","site-content-layout":"","ast-site-content-layout":"","site-content-style":"default","site-sidebar-style":"default","ast-global-header-display":"","ast-banner-title-visibility":"","ast-main-header-display":"","ast-hfb-above-header-display":"","ast-hfb-below-header-display":"","ast-hfb-mobile-header-display":"","site-post-title":"","ast-breadcrumbs-content":"","ast-featured-img":"","footer-sml-layout":"","theme-transparent-header-meta":"","adv-header-id-meta":"","stick-header-meta":"","header-above-stick-meta":"","header-main-stick-meta":"","header-below-stick-meta":"","astra-migrate-meta-layouts":"default","ast-page-background-enabled":"default","ast-page-background-meta":{"desktop":{"background-color":"var(--ast-global-color-4)","background-image":"","background-repeat":"repeat","background-position":"center center","background-size":"auto","background-attachment":"scroll","background-type":"","background-media":"","overlay-type":"","overlay-color":"","overlay-opacity":"","overlay-gradient":""},"tablet":{"background-color":"","background-image":"","background-repeat":"repeat","background-position":"center center","background-size":"auto","background-attachment":"scroll","background-type":"","background-media":"","overlay-type":"","overlay-color":"","overlay-opacity":"","overlay-gradient":""},"mobile":{"background-color":"","background-image":"","background-repeat":"repeat","background-position":"center center","background-size":"auto","background-attachment":"scroll","background-type":"","background-media":"","overlay-type":"","overlay-color":"","overlay-opacity":"","overlay-gradient":""}},"ast-content-background-meta":{"desktop":{"background-color":"var(--ast-global-color-5)","background-image":"","background-repeat":"repeat","background-position":"center center","background-size":"auto","background-attachment":"scroll","background-type":"","background-media":"","overlay-type":"","overlay-color":"","overlay-opacity":"","overlay-gradient":""},"tablet":{"background-color":"var(--ast-global-color-5)","background-image":"","background-repeat":"repeat","background-position":"center center","background-size":"auto","background-attachment":"scroll","background-type":"","background-media":"","overlay-type":"","overlay-color":"","overlay-opacity":"","overlay-gradient":""},"mobile":{"background-color":"var(--ast-global-color-5)","background-image":"","background-repeat":"repeat","background-position":"center center","background-size":"auto","background-attachment":"scroll","background-type":"","background-media":"","overlay-type":"","overlay-color":"","overlay-opacity":"","overlay-gradient":""}},"footnotes":""},"categories":[162],"tags":[410,969],"class_list":["post-3673","post","type-post","status-publish","format-standard","has-post-thumbnail","hentry","category-actualitat","tag-diversitat","tag-trastorn-mental"],"post_mailing_queue_ids":[],"_links":{"self":[{"href":"https:\/\/serveiseducatius.xtec.cat\/baixllobregat6\/wp-json\/wp\/v2\/posts\/3673","targetHints":{"allow":["GET"]}}],"collection":[{"href":"https:\/\/serveiseducatius.xtec.cat\/baixllobregat6\/wp-json\/wp\/v2\/posts"}],"about":[{"href":"https:\/\/serveiseducatius.xtec.cat\/baixllobregat6\/wp-json\/wp\/v2\/types\/post"}],"author":[{"embeddable":true,"href":"https:\/\/serveiseducatius.xtec.cat\/baixllobregat6\/wp-json\/wp\/v2\/users\/1"}],"replies":[{"embeddable":true,"href":"https:\/\/serveiseducatius.xtec.cat\/baixllobregat6\/wp-json\/wp\/v2\/comments?post=3673"}],"version-history":[{"count":1,"href":"https:\/\/serveiseducatius.xtec.cat\/baixllobregat6\/wp-json\/wp\/v2\/posts\/3673\/revisions"}],"predecessor-version":[{"id":6257,"href":"https:\/\/serveiseducatius.xtec.cat\/baixllobregat6\/wp-json\/wp\/v2\/posts\/3673\/revisions\/6257"}],"wp:featuredmedia":[{"embeddable":true,"href":"https:\/\/serveiseducatius.xtec.cat\/baixllobregat6\/wp-json\/wp\/v2\/media\/3674"}],"wp:attachment":[{"href":"https:\/\/serveiseducatius.xtec.cat\/baixllobregat6\/wp-json\/wp\/v2\/media?parent=3673"}],"wp:term":[{"taxonomy":"category","embeddable":true,"href":"https:\/\/serveiseducatius.xtec.cat\/baixllobregat6\/wp-json\/wp\/v2\/categories?post=3673"},{"taxonomy":"post_tag","embeddable":true,"href":"https:\/\/serveiseducatius.xtec.cat\/baixllobregat6\/wp-json\/wp\/v2\/tags?post=3673"}],"curies":[{"name":"wp","href":"https:\/\/api.w.org\/{rel}","templated":true}]}}