{"id":3619,"date":"2013-02-05T11:06:15","date_gmt":"2013-02-05T10:06:15","guid":{"rendered":"http:\/\/reporteducacio.cat\/?p=3619"},"modified":"2015-12-24T13:03:31","modified_gmt":"2015-12-24T12:03:31","slug":"acte-de-commemoracio-del-centenari-de-les-normes-ortografiques-de-liec","status":"publish","type":"post","link":"https:\/\/serveiseducatius.xtec.cat\/baixllobregat6\/actualitat\/acte-de-commemoracio-del-centenari-de-les-normes-ortografiques-de-liec\/","title":{"rendered":"Acte de commemoraci\u00f3 del centenari de les Normes ortogr\u00e0fiques de l\u2019IEC"},"content":{"rendered":"<p><a href=\"http:\/\/serveiseducatius.xtec.cat\/se-baixllobregat6\/wp-content\/uploads\/usu778\/2013\/02\/icounitatllenguaIEC.jpg\"><img loading=\"lazy\" decoding=\"async\" class=\"alignleft  wp-image-3620\" alt=\"Acte Unitat de la Llengua\" src=\"http:\/\/serveiseducatius.xtec.cat\/se-baixllobregat6\/wp-content\/uploads\/usu778\/2013\/02\/icounitatllenguaIEC.jpg\" width=\"314\" height=\"209\" srcset=\"https:\/\/serveiseducatius.xtec.cat\/baixllobregat6\/wp-content\/uploads\/usu778\/2013\/02\/icounitatllenguaIEC.jpg 873w, https:\/\/serveiseducatius.xtec.cat\/baixllobregat6\/wp-content\/uploads\/usu778\/2013\/02\/icounitatllenguaIEC-300x200.jpg 300w\" sizes=\"auto, (max-width: 314px) 100vw, 314px\" \/><\/a>Emissi\u00f3 en diferit de l\u2019acte institucional amb qu\u00e8 es va iniciar el 31 de gener, la commemoraci\u00f3 del centenari de les Normes ortogr\u00e0fiques de l\u2019IEC va ser presidit per Salvador Giner, president de l\u2019Institut, i hi van intervenir Josep Massot, Mila Segarra i Joan Francesc Mira.<\/p>\n<p>&nbsp;<br \/>\n<object width=\"448\" height=\"336\" classid=\"clsid:d27cdb6e-ae6d-11cf-96b8-444553540000\" codebase=\"http:\/\/download.macromedia.com\/pub\/shockwave\/cabs\/flash\/swflash.cab#version=6,0,40,0\" bgcolor=\"660000\"><param name=\"src\" value=\"http:\/\/videoteca.iec.cat\/player.swf\" \/><param name=\"allowscriptaccess\" value=\"always\" \/><param name=\"allowfullscreen\" value=\"true\" \/><param name=\"flashvars\" value=\"&amp;autostart%20=true&amp;backcolor=660000&amp;file=31012013_1.flv&amp;frontcolor=EEEEEE&amp;image=http%3A%2F%2Fvideoteca.iec.cat%2Fimatges%2F31012013_1.jpg&amp;lightcolor=EEEEEE&amp;plugins=viral-2&amp;provider=Institut%20d%C2%B4Estudis%20Catalans&amp;streamer=rtmp%3A%2F%2Fdifusio.iec.cat%2Fvod%2F\" \/><embed width=\"448\" height=\"336\" type=\"application\/x-shockwave-flash\" src=\"http:\/\/videoteca.iec.cat\/player.swf\" allowscriptaccess=\"always\" allowfullscreen=\"true\" flashvars=\"&amp;autostart%20=true&amp;backcolor=660000&amp;file=31012013_1.flv&amp;frontcolor=EEEEEE&amp;image=http%3A%2F%2Fvideoteca.iec.cat%2Fimatges%2F31012013_1.jpg&amp;lightcolor=EEEEEE&amp;plugins=viral-2&amp;provider=Institut%20d%C2%B4Estudis%20Catalans&amp;streamer=rtmp%3A%2F%2Fdifusio.iec.cat%2Fvod%2F\" bgcolor=\"660000\" \/><\/object><\/p>\n","protected":false},"excerpt":{"rendered":"<p>Emissi\u00f3 en diferit de l\u2019acte institucional amb qu\u00e8 es va iniciar el 31 de gener, la commemoraci\u00f3 del centenari de les Normes ortogr\u00e0fiques de l\u2019IEC va ser presidit per Salvador Giner, president de l\u2019Institut, i hi van intervenir Josep Massot, Mila Segarra i Joan Francesc Mira. &nbsp;<\/p>\n","protected":false},"author":1,"featured_media":3620,"comment_status":"open","ping_status":"open","sticky":false,"template":"","format":"standard","meta":{"_bbp_topic_count":0,"_bbp_reply_count":0,"_bbp_total_topic_count":0,"_bbp_total_reply_count":0,"_bbp_voice_count":0,"_bbp_anonymous_reply_count":0,"_bbp_topic_count_hidden":0,"_bbp_reply_count_hidden":0,"_bbp_forum_subforum_count":0,"site-sidebar-layout":"default","site-content-layout":"","ast-site-content-layout":"","site-content-style":"default","site-sidebar-style":"default","ast-global-header-display":"","ast-banner-title-visibility":"","ast-main-header-display":"","ast-hfb-above-header-display":"","ast-hfb-below-header-display":"","ast-hfb-mobile-header-display":"","site-post-title":"","ast-breadcrumbs-content":"","ast-featured-img":"","footer-sml-layout":"","theme-transparent-header-meta":"","adv-header-id-meta":"","stick-header-meta":"","header-above-stick-meta":"","header-main-stick-meta":"","header-below-stick-meta":"","astra-migrate-meta-layouts":"default","ast-page-background-enabled":"default","ast-page-background-meta":{"desktop":{"background-color":"var(--ast-global-color-4)","background-image":"","background-repeat":"repeat","background-position":"center center","background-size":"auto","background-attachment":"scroll","background-type":"","background-media":"","overlay-type":"","overlay-color":"","overlay-opacity":"","overlay-gradient":""},"tablet":{"background-color":"","background-image":"","background-repeat":"repeat","background-position":"center center","background-size":"auto","background-attachment":"scroll","background-type":"","background-media":"","overlay-type":"","overlay-color":"","overlay-opacity":"","overlay-gradient":""},"mobile":{"background-color":"","background-image":"","background-repeat":"repeat","background-position":"center center","background-size":"auto","background-attachment":"scroll","background-type":"","background-media":"","overlay-type":"","overlay-color":"","overlay-opacity":"","overlay-gradient":""}},"ast-content-background-meta":{"desktop":{"background-color":"var(--ast-global-color-5)","background-image":"","background-repeat":"repeat","background-position":"center center","background-size":"auto","background-attachment":"scroll","background-type":"","background-media":"","overlay-type":"","overlay-color":"","overlay-opacity":"","overlay-gradient":""},"tablet":{"background-color":"var(--ast-global-color-5)","background-image":"","background-repeat":"repeat","background-position":"center center","background-size":"auto","background-attachment":"scroll","background-type":"","background-media":"","overlay-type":"","overlay-color":"","overlay-opacity":"","overlay-gradient":""},"mobile":{"background-color":"var(--ast-global-color-5)","background-image":"","background-repeat":"repeat","background-position":"center center","background-size":"auto","background-attachment":"scroll","background-type":"","background-media":"","overlay-type":"","overlay-color":"","overlay-opacity":"","overlay-gradient":""}},"footnotes":""},"categories":[162],"tags":[639,700,703,794],"class_list":["post-3619","post","type-post","status-publish","format-standard","has-post-thumbnail","hentry","category-actualitat","tag-institut-destudis-catalans","tag-llengua","tag-llengua-catalana","tag-paisos-catalans"],"post_mailing_queue_ids":[],"_links":{"self":[{"href":"https:\/\/serveiseducatius.xtec.cat\/baixllobregat6\/wp-json\/wp\/v2\/posts\/3619","targetHints":{"allow":["GET"]}}],"collection":[{"href":"https:\/\/serveiseducatius.xtec.cat\/baixllobregat6\/wp-json\/wp\/v2\/posts"}],"about":[{"href":"https:\/\/serveiseducatius.xtec.cat\/baixllobregat6\/wp-json\/wp\/v2\/types\/post"}],"author":[{"embeddable":true,"href":"https:\/\/serveiseducatius.xtec.cat\/baixllobregat6\/wp-json\/wp\/v2\/users\/1"}],"replies":[{"embeddable":true,"href":"https:\/\/serveiseducatius.xtec.cat\/baixllobregat6\/wp-json\/wp\/v2\/comments?post=3619"}],"version-history":[{"count":1,"href":"https:\/\/serveiseducatius.xtec.cat\/baixllobregat6\/wp-json\/wp\/v2\/posts\/3619\/revisions"}],"predecessor-version":[{"id":6258,"href":"https:\/\/serveiseducatius.xtec.cat\/baixllobregat6\/wp-json\/wp\/v2\/posts\/3619\/revisions\/6258"}],"wp:featuredmedia":[{"embeddable":true,"href":"https:\/\/serveiseducatius.xtec.cat\/baixllobregat6\/wp-json\/wp\/v2\/media\/3620"}],"wp:attachment":[{"href":"https:\/\/serveiseducatius.xtec.cat\/baixllobregat6\/wp-json\/wp\/v2\/media?parent=3619"}],"wp:term":[{"taxonomy":"category","embeddable":true,"href":"https:\/\/serveiseducatius.xtec.cat\/baixllobregat6\/wp-json\/wp\/v2\/categories?post=3619"},{"taxonomy":"post_tag","embeddable":true,"href":"https:\/\/serveiseducatius.xtec.cat\/baixllobregat6\/wp-json\/wp\/v2\/tags?post=3619"}],"curies":[{"name":"wp","href":"https:\/\/api.w.org\/{rel}","templated":true}]}}