{"id":3503,"date":"2012-12-11T14:04:10","date_gmt":"2012-12-11T14:04:10","guid":{"rendered":"http:\/\/reporteducacio.cat\/?p=3503"},"modified":"2012-12-11T14:04:10","modified_gmt":"2012-12-11T14:04:10","slug":"el-manifest-de-somescola-contra-la-wertgonya","status":"publish","type":"post","link":"https:\/\/serveiseducatius.xtec.cat\/baixllobregat6\/comunitat\/el-manifest-de-somescola-contra-la-wertgonya\/","title":{"rendered":"El manifest de #SomEscola contra la #Wertgonya"},"content":{"rendered":"<p><a href=\"http:\/\/serveiseducatius.xtec.cat\/se-baixllobregat6\/wp-content\/uploads\/usu778\/2012\/12\/icosomescoladesembre3.png\"><img loading=\"lazy\" decoding=\"async\" class=\"alignleft  wp-image-3507\" title=\"icosomescoladesembre\" src=\"http:\/\/serveiseducatius.xtec.cat\/se-baixllobregat6\/wp-content\/uploads\/usu778\/2012\/12\/icosomescoladesembre3.png\" alt=\"\" width=\"312\" height=\"168\" srcset=\"https:\/\/serveiseducatius.xtec.cat\/baixllobregat6\/wp-content\/uploads\/usu778\/2012\/12\/icosomescoladesembre3.png 520w, https:\/\/serveiseducatius.xtec.cat\/baixllobregat6\/wp-content\/uploads\/usu778\/2012\/12\/icosomescoladesembre3-300x162.png 300w\" sizes=\"auto, (max-width: 312px) 100vw, 312px\" \/><\/a><strong>Les entitats que formem Somescola.cat<\/strong> tornem, despr\u00e9s de gaireb\u00e9 dos anys, a la pla\u00e7a de Sant Jaume, s\u00edmbol del nostre govern, per afirmar ben fort i m\u00e9s conven\u00e7uts que mai: \u2018Per un pa\u00eds de tots, l\u2019escola en catal\u00e0!\u2019<\/p>\n<p>Ho fem avui, dia 10 de desembre, Dia Mundial dels Drets Humans, per exigir que el catal\u00e0, llengua pr\u00f2pia de Catalunya, ocupi a les nostres escoles el lloc que li correspon i continu\u00ef essent la llengua vehicular dels aprenentatges.<\/p>\n<p><strong>AFIRMEM<\/strong><br \/>\n\u2014Que considerem l&#8217;ensenyament un element clau de pa\u00eds i per aix\u00f2 refermem el nostre comprom\u00eds per una escola catalana, de qualitat, equitativa, que tingui ben present la cohesi\u00f3 social i que tendeixi a l&#8217;excel\u00b7l\u00e8ncia.<br \/>\n\u2014Que les lleng\u00fces no han de ser mai percebudes com un problema, sin\u00f3 com una oportunitat. Volem que, en acabar els seus estudis obligatoris, l&#8217;alumnat de Catalunya sigui, com a m\u00ednim, triling\u00fce. Aix\u00f2 vol dir que sigui competent \u2013i que ho demostri\u2013 en catal\u00e0, castell\u00e0 i una altra llengua estrangera. En el m\u00f3n global en qu\u00e8 vivim, el coneixement de lleng\u00fces ens obre portes i ens fa competitius.<br \/>\n\u2014Que separar l&#8217;alumnat de les nostres escoles per raons ling\u00fc\u00edstiques seria un error pedag\u00f2gic molt greu que implicaria riscos molt elevats de fractura social.<br \/>\n\u2014Que \u00e9s al nostre parlament a qui correspon, d&#8217;acord amb les seves compet\u00e8ncies, dissenyar el model educatiu que es consideri m\u00e9s idoni per assolir els millors resultats i que \u00e9s al govern a qui correspon fer complir les lleis del Parlament. Per aix\u00f2, Somescola.cat demana al nostre govern que no cedeixi en cap dels aspectes que s&#8217;expressen al t\u00edtol II de la llei d\u2019educaci\u00f3 de Catalunya (LEC), pel que fa a la pol\u00edtica ling\u00fc\u00edstica, i li recorda que compta amb el nostre suport per defensar-los.<\/p>\n<p><strong>SUBRATLLEM<\/strong><br \/>\n\u2014Que l&#8217;avantprojecte de la nova llei d&#8217;educaci\u00f3 (LOMCE) del ministre Wert \u00e9s inacceptable a Catalunya, perqu\u00e8 proposa una contrareforma educativa retr\u00f2grada, recentralitzadora, harmonitzadora, in\u00fatil i que no serveix per preparar l&#8217;alumnat catal\u00e0 per fer front als reptes que la situaci\u00f3 actual planteja.<br \/>\n\u2014Que l\u2019avantprojecte de llei esmentat representa una ofensiva global contra la possibilitat d&#8217;establir curr\u00edculums adequats a la nostra realitat, conculca la capacitat del Parlament de Catalunya per decidir sobre el model educatiu i no respecta el que ha legislat el nostre Parlament a partir d&#8217;un ampl\u00edssim consens pol\u00edtic i social.<br \/>\n&#8211; \u00a0Que l&#8217;obsessi\u00f3 malaltissa i preconstitucional del senyor Wert envers la llengua catalana es concreta a equiparar-la a la categoria d&#8217;\u00abEspecialitat\u00bb \u2013al mateix nivell que la tercera llengua estrangera\u2013, anima a obrir definitivament la porta a la segregaci\u00f3 de l&#8217;alumnat per motius de llengua dintre del mateix centre educatiu i preveu la subvenci\u00f3 de centres de titularitat privada que s&#8217;avinguin a fer l&#8217;ensenyament en castell\u00e0.<\/p>\n<p><strong>EN CONSEQU<\/strong><strong>\u0308\u00c8NCIA<\/strong><br \/>\n\u2014Somescola.cat manifesta el seu rebuig frontal a aquest projecte de llei (LOMCE) i constata que la gravetat del moment \u00e9s m\u00e0xima. Mai ning\u00fa no s&#8217;havia atrevit a proposar-nos que esborr\u00e9ssim 35 anys d&#8217;escola democr\u00e0tica catalana, avalada i reconeguda com una experi\u00e8ncia d&#8217;\u00e8xit.<br \/>\n\u2014Somescola.cat demana al nostre Govern la m\u00e0xima contund\u00e8ncia en la defensa d&#8217;un patrimoni pedag\u00f2gic que hem constru\u00eft entre tots.<br \/>\n\u2014Somescola.cat es compromet a continuar treballant units, la societat civil i tots els centres escolars i educatius de Catalunya, en defensa de la nostra escola, que \u00e9s garantia de futur per als nostres joves i per al pa\u00eds sencer.<\/p>\n<p><strong>PER UN PA\u00cdS DE TOTS, L\u2019ESCOLA EN CATAL\u00c0!<\/strong><\/p>\n<p>&nbsp;<\/p>\n<p>Versi\u00f3 en v\u00eddeo de la lectura del manifest:<br \/>\n<iframe loading=\"lazy\" src=\"http:\/\/player.vimeo.com\/video\/55302153?title=0&amp;byline=0&amp;portrait=0&amp;color=ff9933\" frameborder=\"0\" width=\"400\" height=\"300\"><\/iframe><br \/>\n[<a title=\"Info gencat per a la defensa de la Llengua Catalana\" href=\"http:\/\/www20.gencat.cat\/portal\/site\/Llengcat\/menuitem.7146237d0006f0e7a129d410b0c0e1a0\/?vgnextoid=47b57e69b0418310VgnVCM2000009b0c1e0aRCRD&amp;vgnextchannel=47b57e69b0418310VgnVCM2000009b0c1e0aRCRD&amp;vgnextfmt=default\" target=\"_blank\">M\u00e9s info a l&#8217;espai de la Generalitat de Catalunya en defensa de la Llengua Catalana<\/a>]<\/p>\n","protected":false},"excerpt":{"rendered":"<p>Les entitats que formem Somescola.cat tornem, despr\u00e9s de gaireb\u00e9 dos anys, a la pla\u00e7a de Sant Jaume, s\u00edmbol del nostre govern, per afirmar ben fort i m\u00e9s conven\u00e7uts que mai: \u2018Per un pa\u00eds de tots, l\u2019escola en catal\u00e0!\u2019 Ho fem avui, dia 10 de desembre, Dia Mundial dels Drets Humans, per exigir que el catal\u00e0, [&hellip;]<\/p>\n","protected":false},"author":1,"featured_media":0,"comment_status":"open","ping_status":"open","sticky":false,"template":"","format":"standard","meta":{"_bbp_topic_count":0,"_bbp_reply_count":0,"_bbp_total_topic_count":0,"_bbp_total_reply_count":0,"_bbp_voice_count":0,"_bbp_anonymous_reply_count":0,"_bbp_topic_count_hidden":0,"_bbp_reply_count_hidden":0,"_bbp_forum_subforum_count":0,"site-sidebar-layout":"default","site-content-layout":"","ast-site-content-layout":"","site-content-style":"default","site-sidebar-style":"default","ast-global-header-display":"","ast-banner-title-visibility":"","ast-main-header-display":"","ast-hfb-above-header-display":"","ast-hfb-below-header-display":"","ast-hfb-mobile-header-display":"","site-post-title":"","ast-breadcrumbs-content":"","ast-featured-img":"","footer-sml-layout":"","theme-transparent-header-meta":"","adv-header-id-meta":"","stick-header-meta":"","header-above-stick-meta":"","header-main-stick-meta":"","header-below-stick-meta":"","astra-migrate-meta-layouts":"default","ast-page-background-enabled":"default","ast-page-background-meta":{"desktop":{"background-color":"var(--ast-global-color-4)","background-image":"","background-repeat":"repeat","background-position":"center center","background-size":"auto","background-attachment":"scroll","background-type":"","background-media":"","overlay-type":"","overlay-color":"","overlay-opacity":"","overlay-gradient":""},"tablet":{"background-color":"","background-image":"","background-repeat":"repeat","background-position":"center center","background-size":"auto","background-attachment":"scroll","background-type":"","background-media":"","overlay-type":"","overlay-color":"","overlay-opacity":"","overlay-gradient":""},"mobile":{"background-color":"","background-image":"","background-repeat":"repeat","background-position":"center center","background-size":"auto","background-attachment":"scroll","background-type":"","background-media":"","overlay-type":"","overlay-color":"","overlay-opacity":"","overlay-gradient":""}},"ast-content-background-meta":{"desktop":{"background-color":"var(--ast-global-color-5)","background-image":"","background-repeat":"repeat","background-position":"center center","background-size":"auto","background-attachment":"scroll","background-type":"","background-media":"","overlay-type":"","overlay-color":"","overlay-opacity":"","overlay-gradient":""},"tablet":{"background-color":"var(--ast-global-color-5)","background-image":"","background-repeat":"repeat","background-position":"center center","background-size":"auto","background-attachment":"scroll","background-type":"","background-media":"","overlay-type":"","overlay-color":"","overlay-opacity":"","overlay-gradient":""},"mobile":{"background-color":"var(--ast-global-color-5)","background-image":"","background-repeat":"repeat","background-position":"center center","background-size":"auto","background-attachment":"scroll","background-type":"","background-media":"","overlay-type":"","overlay-color":"","overlay-opacity":"","overlay-gradient":""}},"footnotes":""},"categories":[162,64],"tags":[297,703,941],"class_list":["post-3503","post","type-post","status-publish","format-standard","hentry","category-actualitat","category-comunitat","tag-catalunya","tag-llengua-catalana","tag-som-escola"],"post_mailing_queue_ids":[],"_links":{"self":[{"href":"https:\/\/serveiseducatius.xtec.cat\/baixllobregat6\/wp-json\/wp\/v2\/posts\/3503","targetHints":{"allow":["GET"]}}],"collection":[{"href":"https:\/\/serveiseducatius.xtec.cat\/baixllobregat6\/wp-json\/wp\/v2\/posts"}],"about":[{"href":"https:\/\/serveiseducatius.xtec.cat\/baixllobregat6\/wp-json\/wp\/v2\/types\/post"}],"author":[{"embeddable":true,"href":"https:\/\/serveiseducatius.xtec.cat\/baixllobregat6\/wp-json\/wp\/v2\/users\/1"}],"replies":[{"embeddable":true,"href":"https:\/\/serveiseducatius.xtec.cat\/baixllobregat6\/wp-json\/wp\/v2\/comments?post=3503"}],"version-history":[{"count":0,"href":"https:\/\/serveiseducatius.xtec.cat\/baixllobregat6\/wp-json\/wp\/v2\/posts\/3503\/revisions"}],"wp:attachment":[{"href":"https:\/\/serveiseducatius.xtec.cat\/baixllobregat6\/wp-json\/wp\/v2\/media?parent=3503"}],"wp:term":[{"taxonomy":"category","embeddable":true,"href":"https:\/\/serveiseducatius.xtec.cat\/baixllobregat6\/wp-json\/wp\/v2\/categories?post=3503"},{"taxonomy":"post_tag","embeddable":true,"href":"https:\/\/serveiseducatius.xtec.cat\/baixllobregat6\/wp-json\/wp\/v2\/tags?post=3503"}],"curies":[{"name":"wp","href":"https:\/\/api.w.org\/{rel}","templated":true}]}}