{"id":3475,"date":"2012-12-04T11:13:28","date_gmt":"2012-12-04T10:13:28","guid":{"rendered":"http:\/\/reporteducacio.cat\/?p=3475"},"modified":"2015-12-23T19:34:11","modified_gmt":"2015-12-23T18:34:11","slug":"pengeu-cartells-i-pancartes-de-somescola-a-les-portes-dels-centres-educatius","status":"publish","type":"post","link":"https:\/\/serveiseducatius.xtec.cat\/baixllobregat6\/actualitat\/pengeu-cartells-i-pancartes-de-somescola-a-les-portes-dels-centres-educatius\/","title":{"rendered":"PROU D&#8217;ATACS AL NOSTRE IDIOMA: Pengeu cartells i pancartes de Somescola a les portes dels centres educatius"},"content":{"rendered":"<p><img loading=\"lazy\" decoding=\"async\" class=\"alignleft\" title=\"1SOMESCOLA\" src=\"http:\/\/serveiseducatius.xtec.cat\/se-baixllobregat6\/wp-content\/uploads\/usu778\/2012\/12\/1SOMESCOLA.jpg\" alt=\"\" width=\"112\" height=\"64\" \/><a title=\"Som Escola\" href=\"http:\/\/somescola.cat\" target=\"_blank\">Somescola.cat<\/a> fa una crida perqu\u00e8 tothom pengi cartells i pancartes amb el lema &#8220;<strong>Per un pa\u00eds de tots, l&#8217;escola en catal\u00e0<\/strong>&#8221; a les aules i portes dels centres educatius del pa\u00eds per tal de mostrar la unanimitat de la societat civil catalana <!--more-->en la defensa del model d&#8217;escola catalana que s&#8217;ha desenvolupat en els darrers 35 anys. \u00a0L&#8217;acci\u00f3 \u00e9s una primera resposta a l<a title=\"Font: vilaweb\" href=\"http:\/\/www.vilaweb.cat\/noticia\/4061598\/20121204\/ataca-wert-immersio-linguistica.html\" target=\"_blank\">&#8216;atac a la llengua catalana<\/a> que representa l&#8217;esborrany de llei que ha presentat el ministre espanyol Wert i que vol convertir el catal\u00e0 en una llengua residual. Descarregueu-vos aqu\u00ed el <a title=\"cartell\" href=\"http:\/\/www.somescola.cat\/docroot\/somescola\/pdfs\/cartell_Somescola.pdf\" target=\"_blank\">cartell<\/a> i la <a title=\"Pancarta\" href=\"http:\/\/www.somescola.cat\/docroot\/somescola\/pdfs\/Lona_somescola.pdf\" target=\"_blank\">pancarta<\/a> de <strong>Somescola<\/strong> que tenen com a lema &#8220;<em><strong>Per un pa\u00eds de tots, l&#8217;escola en catal\u00e0<\/strong><\/em>&#8220;.<\/p>\n<blockquote><p>I on se centra en aquest cas l&#8217;atac?<\/p>\n<p><a title=\"anteproyecto ley calidad educativa\" href=\"http:\/\/www.324.cat\/multimedia\/pdf\/7\/4\/1354631256847.pdf\" target=\"_blank\">Anteproyecto de ley org\u00e1nica para la mejora de la calidad educativa<\/a><\/p><\/blockquote>\n","protected":false},"excerpt":{"rendered":"<p>Somescola.cat fa una crida perqu\u00e8 tothom pengi cartells i pancartes amb el lema &#8220;Per un pa\u00eds de tots, l&#8217;escola en catal\u00e0&#8221; a les aules i portes dels centres educatius del pa\u00eds per tal de mostrar la unanimitat de la societat civil catalana<\/p>\n","protected":false},"author":1,"featured_media":0,"comment_status":"open","ping_status":"open","sticky":false,"template":"","format":"standard","meta":{"_bbp_topic_count":0,"_bbp_reply_count":0,"_bbp_total_topic_count":0,"_bbp_total_reply_count":0,"_bbp_voice_count":0,"_bbp_anonymous_reply_count":0,"_bbp_topic_count_hidden":0,"_bbp_reply_count_hidden":0,"_bbp_forum_subforum_count":0,"site-sidebar-layout":"default","site-content-layout":"","ast-site-content-layout":"","site-content-style":"default","site-sidebar-style":"default","ast-global-header-display":"","ast-banner-title-visibility":"","ast-main-header-display":"","ast-hfb-above-header-display":"","ast-hfb-below-header-display":"","ast-hfb-mobile-header-display":"","site-post-title":"","ast-breadcrumbs-content":"","ast-featured-img":"","footer-sml-layout":"","theme-transparent-header-meta":"","adv-header-id-meta":"","stick-header-meta":"","header-above-stick-meta":"","header-main-stick-meta":"","header-below-stick-meta":"","astra-migrate-meta-layouts":"default","ast-page-background-enabled":"default","ast-page-background-meta":{"desktop":{"background-color":"var(--ast-global-color-4)","background-image":"","background-repeat":"repeat","background-position":"center center","background-size":"auto","background-attachment":"scroll","background-type":"","background-media":"","overlay-type":"","overlay-color":"","overlay-opacity":"","overlay-gradient":""},"tablet":{"background-color":"","background-image":"","background-repeat":"repeat","background-position":"center center","background-size":"auto","background-attachment":"scroll","background-type":"","background-media":"","overlay-type":"","overlay-color":"","overlay-opacity":"","overlay-gradient":""},"mobile":{"background-color":"","background-image":"","background-repeat":"repeat","background-position":"center center","background-size":"auto","background-attachment":"scroll","background-type":"","background-media":"","overlay-type":"","overlay-color":"","overlay-opacity":"","overlay-gradient":""}},"ast-content-background-meta":{"desktop":{"background-color":"var(--ast-global-color-5)","background-image":"","background-repeat":"repeat","background-position":"center center","background-size":"auto","background-attachment":"scroll","background-type":"","background-media":"","overlay-type":"","overlay-color":"","overlay-opacity":"","overlay-gradient":""},"tablet":{"background-color":"var(--ast-global-color-5)","background-image":"","background-repeat":"repeat","background-position":"center center","background-size":"auto","background-attachment":"scroll","background-type":"","background-media":"","overlay-type":"","overlay-color":"","overlay-opacity":"","overlay-gradient":""},"mobile":{"background-color":"var(--ast-global-color-5)","background-image":"","background-repeat":"repeat","background-position":"center center","background-size":"auto","background-attachment":"scroll","background-type":"","background-media":"","overlay-type":"","overlay-color":"","overlay-opacity":"","overlay-gradient":""}},"footnotes":""},"categories":[162],"tags":[297,487,520,571,703],"class_list":["post-3475","post","type-post","status-publish","format-standard","hentry","category-actualitat","tag-catalunya","tag-escola-catalana","tag-espanya","tag-genocidi","tag-llengua-catalana"],"post_mailing_queue_ids":[],"_links":{"self":[{"href":"https:\/\/serveiseducatius.xtec.cat\/baixllobregat6\/wp-json\/wp\/v2\/posts\/3475","targetHints":{"allow":["GET"]}}],"collection":[{"href":"https:\/\/serveiseducatius.xtec.cat\/baixllobregat6\/wp-json\/wp\/v2\/posts"}],"about":[{"href":"https:\/\/serveiseducatius.xtec.cat\/baixllobregat6\/wp-json\/wp\/v2\/types\/post"}],"author":[{"embeddable":true,"href":"https:\/\/serveiseducatius.xtec.cat\/baixllobregat6\/wp-json\/wp\/v2\/users\/1"}],"replies":[{"embeddable":true,"href":"https:\/\/serveiseducatius.xtec.cat\/baixllobregat6\/wp-json\/wp\/v2\/comments?post=3475"}],"version-history":[{"count":1,"href":"https:\/\/serveiseducatius.xtec.cat\/baixllobregat6\/wp-json\/wp\/v2\/posts\/3475\/revisions"}],"predecessor-version":[{"id":6143,"href":"https:\/\/serveiseducatius.xtec.cat\/baixllobregat6\/wp-json\/wp\/v2\/posts\/3475\/revisions\/6143"}],"wp:attachment":[{"href":"https:\/\/serveiseducatius.xtec.cat\/baixllobregat6\/wp-json\/wp\/v2\/media?parent=3475"}],"wp:term":[{"taxonomy":"category","embeddable":true,"href":"https:\/\/serveiseducatius.xtec.cat\/baixllobregat6\/wp-json\/wp\/v2\/categories?post=3475"},{"taxonomy":"post_tag","embeddable":true,"href":"https:\/\/serveiseducatius.xtec.cat\/baixllobregat6\/wp-json\/wp\/v2\/tags?post=3475"}],"curies":[{"name":"wp","href":"https:\/\/api.w.org\/{rel}","templated":true}]}}