{"id":3374,"date":"2012-11-05T08:17:38","date_gmt":"2012-11-05T07:17:38","guid":{"rendered":"http:\/\/reporteducacio.cat\/?p=3374"},"modified":"2016-02-08T18:17:00","modified_gmt":"2016-02-08T17:17:00","slug":"lectura-rima-amb-aventura","status":"publish","type":"post","link":"https:\/\/serveiseducatius.xtec.cat\/baixllobregat6\/biblioteca-escolar\/seminari-de-biblioteques-escolars\/lectura-rima-amb-aventura\/","title":{"rendered":"Lectura rima amb aventura"},"content":{"rendered":"<p><a href=\"http:\/\/serveiseducatius.xtec.cat\/se-baixllobregat6\/wp-content\/uploads\/usu778\/2012\/11\/jaumecentelles.jpg\"><img loading=\"lazy\" decoding=\"async\" class=\"alignleft  wp-image-3375\" title=\"jaumecentelles\" src=\"http:\/\/serveiseducatius.xtec.cat\/se-baixllobregat6\/wp-content\/uploads\/usu778\/2012\/11\/jaumecentelles.jpg\" alt=\"\" width=\"300\" height=\"169\" srcset=\"https:\/\/serveiseducatius.xtec.cat\/baixllobregat6\/wp-content\/uploads\/usu778\/2012\/11\/jaumecentelles.jpg 500w, https:\/\/serveiseducatius.xtec.cat\/baixllobregat6\/wp-content\/uploads\/usu778\/2012\/11\/jaumecentelles-300x169.jpg 300w\" sizes=\"auto, (max-width: 300px) 100vw, 300px\" \/><\/a>\u00a0El dimarts, 13 de novembre de 2012, a les 5 de la tarda, en JAUME CENTELLES, dictar\u00e0 la\u00a0Confer\u00e8ncia\u00a0<em><strong>Lectura rima amb aventura. La biblioteca escolar i la creaci\u00f3 de contextos d\u2019invitaci\u00f3 a la lectura<\/strong><\/em><\/p>\n<p>Aquesta activitat es far\u00e0 a la sala d\u2019actes del Servei Educatiu Baix Llobregat-6. Carrer Albacete, 1. Sant Vicen\u00e7 dels Horts.<\/p>\n<p>En Jaume \u00e9s mestre de l&#8217;<strong>escola Sant Josep-El Pi<\/strong> de l&#8217;Hospitalet de Llobregat des de fa trenta-cinc anys. \u00a0Ha impulsat, conjuntament amb l&#8217;equip de biblioteca, un programa d&#8217;invitaci\u00f3 a la lectura que va ser mereixedor l&#8217;any 2008 del segon premi del <em>Concurso Nacional de Buenas Pr\u00e1cticas en Bibliotecas Escolares<\/em> que atorga el Ministerio de Educaci\u00f3n y Ciencia.<\/p>\n<p>Anteriorment, el 2004, havia guanyat el <strong>Premi de Pedagogia Rosa Sensat<\/strong>\u00a0amb el seu treball <em>\u00abLa biblioteca, el cor de l&#8217;escola\u00bb<\/em>. El 2012 ha estat guardonat amb el <strong>V Premi Carme Roman\u00ed<\/strong>, atorgat pel Grup de Treball de Biblioteques Infantils i Juvenils del Col\u00b7legi Oficial de Bibliotecaris i Documentalistes de Catalunya (COBDC).<\/p>\n<p>Coordina el grup de treball <em>\u00abLa lectura: passi\u00f3 o pressi\u00f3?\u00bb<\/em> de l&#8217;Associaci\u00f3 de Mestres Rosa Sensat de Barcelona i forma part del <strong>Grup de Recerca Poci\u00f3. Poesia i Educaci\u00f3<\/strong> adscrit a la UB que elaboren el web <em>Viu la poesia.\u00a0<\/em><\/p>\n<p><em><\/em>Col\u00b7labora amb el servei de biblioteques de l&#8217;Ajuntament de l&#8217;Hospitalet en la tria de les lectures que han de llegir els nois i les noies de cinqu\u00e8 de prim\u00e0ria que participen en l&#8217;activitat \u00abLa lliga dels llibres\u00bb.<\/p>\n<p>Col\u00b7labora mensualment a la revista <em>Guix<\/em> a la secci\u00f3 \u00abViure la lectura\u00bb i escriu habitualment a la revista <em>Mi biblioteca<\/em> on durant quatre anys ha elaborat els articles de la secci\u00f3 \u00abLa biblioteca escolar&#8230; de principio a fin\u00bb i actualment ha encetat la secci\u00f3 \u00abBibliotecas&#8230; de pel\u00edcula\u00bb.<\/p>\n<p>Suggerim que visiteu el seu bloc personal <strong><a href=\"http:\/\/jaumecentelles.cat\" target=\"_blank\">La invitaci\u00f3 a la lectura<\/a><\/strong><\/p>\n<p>&nbsp;<\/p>\n<p><a href=\"http:\/\/jaumecentelles.cat\" target=\"_blank\"><strong><br \/>\n<\/strong><\/a><\/p>\n","protected":false},"excerpt":{"rendered":"<p>\u00a0El dimarts, 13 de novembre de 2012, a les 5 de la tarda, en JAUME CENTELLES, dictar\u00e0 la\u00a0Confer\u00e8ncia\u00a0Lectura rima amb aventura. La biblioteca escolar i la creaci\u00f3 de contextos d\u2019invitaci\u00f3 a la lectura Aquesta activitat es far\u00e0 a la sala d\u2019actes del Servei Educatiu Baix Llobregat-6. Carrer Albacete, 1. Sant Vicen\u00e7 dels Horts. En Jaume [&hellip;]<\/p>\n","protected":false},"author":1,"featured_media":0,"comment_status":"open","ping_status":"open","sticky":false,"template":"","format":"standard","meta":{"_bbp_topic_count":0,"_bbp_reply_count":0,"_bbp_total_topic_count":0,"_bbp_total_reply_count":0,"_bbp_voice_count":0,"_bbp_anonymous_reply_count":0,"_bbp_topic_count_hidden":0,"_bbp_reply_count_hidden":0,"_bbp_forum_subforum_count":0,"site-sidebar-layout":"default","site-content-layout":"","ast-site-content-layout":"","site-content-style":"default","site-sidebar-style":"default","ast-global-header-display":"","ast-banner-title-visibility":"","ast-main-header-display":"","ast-hfb-above-header-display":"","ast-hfb-below-header-display":"","ast-hfb-mobile-header-display":"","site-post-title":"","ast-breadcrumbs-content":"","ast-featured-img":"","footer-sml-layout":"","theme-transparent-header-meta":"","adv-header-id-meta":"","stick-header-meta":"","header-above-stick-meta":"","header-main-stick-meta":"","header-below-stick-meta":"","astra-migrate-meta-layouts":"default","ast-page-background-enabled":"default","ast-page-background-meta":{"desktop":{"background-color":"var(--ast-global-color-4)","background-image":"","background-repeat":"repeat","background-position":"center center","background-size":"auto","background-attachment":"scroll","background-type":"","background-media":"","overlay-type":"","overlay-color":"","overlay-opacity":"","overlay-gradient":""},"tablet":{"background-color":"","background-image":"","background-repeat":"repeat","background-position":"center center","background-size":"auto","background-attachment":"scroll","background-type":"","background-media":"","overlay-type":"","overlay-color":"","overlay-opacity":"","overlay-gradient":""},"mobile":{"background-color":"","background-image":"","background-repeat":"repeat","background-position":"center center","background-size":"auto","background-attachment":"scroll","background-type":"","background-media":"","overlay-type":"","overlay-color":"","overlay-opacity":"","overlay-gradient":""}},"ast-content-background-meta":{"desktop":{"background-color":"var(--ast-global-color-5)","background-image":"","background-repeat":"repeat","background-position":"center center","background-size":"auto","background-attachment":"scroll","background-type":"","background-media":"","overlay-type":"","overlay-color":"","overlay-opacity":"","overlay-gradient":""},"tablet":{"background-color":"var(--ast-global-color-5)","background-image":"","background-repeat":"repeat","background-position":"center center","background-size":"auto","background-attachment":"scroll","background-type":"","background-media":"","overlay-type":"","overlay-color":"","overlay-opacity":"","overlay-gradient":""},"mobile":{"background-color":"var(--ast-global-color-5)","background-image":"","background-repeat":"repeat","background-position":"center center","background-size":"auto","background-attachment":"scroll","background-type":"","background-media":"","overlay-type":"","overlay-color":"","overlay-opacity":"","overlay-gradient":""}},"footnotes":""},"categories":[1071],"tags":[1436,272,404,592,100],"class_list":["post-3374","post","type-post","status-publish","format-standard","hentry","category-seminari-de-biblioteques-escolars","tag-biblioreport","tag-biblioteca-escolar","tag-dinamitzacio-lectora","tag-gust-per-la-lectura","tag-lectura"],"post_mailing_queue_ids":[],"_links":{"self":[{"href":"https:\/\/serveiseducatius.xtec.cat\/baixllobregat6\/wp-json\/wp\/v2\/posts\/3374","targetHints":{"allow":["GET"]}}],"collection":[{"href":"https:\/\/serveiseducatius.xtec.cat\/baixllobregat6\/wp-json\/wp\/v2\/posts"}],"about":[{"href":"https:\/\/serveiseducatius.xtec.cat\/baixllobregat6\/wp-json\/wp\/v2\/types\/post"}],"author":[{"embeddable":true,"href":"https:\/\/serveiseducatius.xtec.cat\/baixllobregat6\/wp-json\/wp\/v2\/users\/1"}],"replies":[{"embeddable":true,"href":"https:\/\/serveiseducatius.xtec.cat\/baixllobregat6\/wp-json\/wp\/v2\/comments?post=3374"}],"version-history":[{"count":1,"href":"https:\/\/serveiseducatius.xtec.cat\/baixllobregat6\/wp-json\/wp\/v2\/posts\/3374\/revisions"}],"predecessor-version":[{"id":6131,"href":"https:\/\/serveiseducatius.xtec.cat\/baixllobregat6\/wp-json\/wp\/v2\/posts\/3374\/revisions\/6131"}],"wp:attachment":[{"href":"https:\/\/serveiseducatius.xtec.cat\/baixllobregat6\/wp-json\/wp\/v2\/media?parent=3374"}],"wp:term":[{"taxonomy":"category","embeddable":true,"href":"https:\/\/serveiseducatius.xtec.cat\/baixllobregat6\/wp-json\/wp\/v2\/categories?post=3374"},{"taxonomy":"post_tag","embeddable":true,"href":"https:\/\/serveiseducatius.xtec.cat\/baixllobregat6\/wp-json\/wp\/v2\/tags?post=3374"}],"curies":[{"name":"wp","href":"https:\/\/api.w.org\/{rel}","templated":true}]}}