{"id":33725,"date":"2026-06-30T09:51:20","date_gmt":"2026-06-30T07:51:20","guid":{"rendered":"https:\/\/serveiseducatius.xtec.cat\/baixllobregat6\/?p=33725"},"modified":"2026-06-30T10:37:46","modified_gmt":"2026-06-30T08:37:46","slug":"subvencions-per-a-la-realitzacio-de-projectes-artistics-i-culturals","status":"publish","type":"post","link":"https:\/\/serveiseducatius.xtec.cat\/baixllobregat6\/se-baixllobregat6\/subvencions-per-a-la-realitzacio-de-projectes-artistics-i-culturals\/","title":{"rendered":"Subvencions per a la realitzaci\u00f3 de projectes art\u00edstics i culturals"},"content":{"rendered":"\n<figure class=\"wp-block-image alignleft size-full is-resized\"><img loading=\"lazy\" decoding=\"async\" width=\"738\" height=\"733\" src=\"https:\/\/serveiseducatius.xtec.cat\/baixllobregat6\/wp-content\/uploads\/usu778\/2026\/06\/xerrada.jpg\" alt=\"\" class=\"wp-image-33727\" style=\"width:399px;height:auto\" srcset=\"https:\/\/serveiseducatius.xtec.cat\/baixllobregat6\/wp-content\/uploads\/usu778\/2026\/06\/xerrada.jpg 738w, https:\/\/serveiseducatius.xtec.cat\/baixllobregat6\/wp-content\/uploads\/usu778\/2026\/06\/xerrada-520x516.jpg 520w, https:\/\/serveiseducatius.xtec.cat\/baixllobregat6\/wp-content\/uploads\/usu778\/2026\/06\/xerrada-150x150.jpg 150w\" sizes=\"auto, (max-width: 738px) 100vw, 738px\" \/><\/figure>\n\n\n\n<p>Us informem que el&nbsp;<strong>Programa de Cultura i Educaci\u00f3<\/strong>, dels Departaments de Cultura i d&#8217;Educaci\u00f3 i Formaci\u00f3 Professional, obre una nova convocat\u00f2ria de&nbsp;<a href=\"https:\/\/tramits.gencat.cat\/ca\/tramits\/tramits-temes\/Subvencions-per-a-realitzar-projectes-culturals-i-artistics-de-nova-creacio-i-de-caracter-innovador-als-centres-educatius-de-Catalunya-CLT542?category=740af80a-a82c-11e3-a972-000c29052e2c&amp;moda=1\" target=\"_blank\" rel=\"noreferrer noopener\"><strong><u>subvencions per a la realitzaci\u00f3 de projectes art\u00edstics i culturals amb finalitat educativa que vinculin equipaments culturals amb centres educatius de Catalunya (CLT542)<\/u><\/strong><\/a>.&nbsp;La l\u00ednia dona suport a projectes de mediaci\u00f3 cultural que connectin equipaments culturals amb centres educatius de prim\u00e0ria i secund\u00e0ria propers amb l&#8217;objectiu de fomentar l&#8217;aprenentatge, la sensibilitat art\u00edstica i la participaci\u00f3 de l&#8217;alumnat en processos creatius&nbsp;i culturals.&nbsp;<\/p>\n\n\n\n<p>Xerrada informativa que tindr\u00e0 lloc telem\u00e0ticament, aquest&nbsp;<strong>divendres 3 de juliol a les 12 h,&nbsp;<\/strong>amb l&#8217;objectiu resoldre dubtes relacionats amb l\u2019ajut. Podeu ampliar la informaci\u00f3 sobre la reuni\u00f3 informativa, per la qual \u00e9s necessari inscriure\u2019s:&nbsp;<a href=\"https:\/\/www.periferica.cat\/event\/xerrada-presentacio-de-les-bases-i-convocatoria-de-la-subvencio-per-realitzar-projectes-culturals-i-artistics-de-nova-creacio-i-de-caracter-innovador-als-centres-educatius-de-catalunya-2\/\" target=\"_blank\" rel=\"noreferrer noopener\"><u>ENLLA\u00c7 XERRADA INFORMATIVA&nbsp;<\/u><\/a>&nbsp;<\/p>\n\n\n\n<p>La convocat\u00f2ria estar\u00e0 oberta&nbsp;del 10 de juliol al 28 de juliol&nbsp;per tal que es pugui resoldre entre els mesos d\u2019octubre i novembre.<\/p>\n\n\n\n<p><\/p>\n","protected":false},"excerpt":{"rendered":"<p>Us informem que el&nbsp;Programa de Cultura i Educaci\u00f3, dels Departaments de Cultura i d&#8217;Educaci\u00f3 i Formaci\u00f3 Professional, obre una nova convocat\u00f2ria de&nbsp;subvencions per a la realitzaci\u00f3 de projectes art\u00edstics i culturals amb finalitat educativa que vinculin equipaments culturals amb centres educatius de Catalunya (CLT542).&nbsp;La l\u00ednia dona suport a projectes de mediaci\u00f3 cultural que connectin equipaments [&hellip;]<\/p>\n","protected":false},"author":1,"featured_media":33727,"comment_status":"closed","ping_status":"open","sticky":false,"template":"","format":"standard","meta":{"_bbp_topic_count":0,"_bbp_reply_count":0,"_bbp_total_topic_count":0,"_bbp_total_reply_count":0,"_bbp_voice_count":0,"_bbp_anonymous_reply_count":0,"_bbp_topic_count_hidden":0,"_bbp_reply_count_hidden":0,"_bbp_forum_subforum_count":0,"site-sidebar-layout":"default","site-content-layout":"","ast-site-content-layout":"default","site-content-style":"default","site-sidebar-style":"default","ast-global-header-display":"","ast-banner-title-visibility":"","ast-main-header-display":"","ast-hfb-above-header-display":"","ast-hfb-below-header-display":"","ast-hfb-mobile-header-display":"","site-post-title":"","ast-breadcrumbs-content":"","ast-featured-img":"","footer-sml-layout":"","theme-transparent-header-meta":"","adv-header-id-meta":"","stick-header-meta":"","header-above-stick-meta":"","header-main-stick-meta":"","header-below-stick-meta":"","astra-migrate-meta-layouts":"set","ast-page-background-enabled":"default","ast-page-background-meta":{"desktop":{"background-color":"var(--ast-global-color-4)","background-image":"","background-repeat":"repeat","background-position":"center center","background-size":"auto","background-attachment":"scroll","background-type":"","background-media":"","overlay-type":"","overlay-color":"","overlay-opacity":"","overlay-gradient":""},"tablet":{"background-color":"","background-image":"","background-repeat":"repeat","background-position":"center center","background-size":"auto","background-attachment":"scroll","background-type":"","background-media":"","overlay-type":"","overlay-color":"","overlay-opacity":"","overlay-gradient":""},"mobile":{"background-color":"","background-image":"","background-repeat":"repeat","background-position":"center center","background-size":"auto","background-attachment":"scroll","background-type":"","background-media":"","overlay-type":"","overlay-color":"","overlay-opacity":"","overlay-gradient":""}},"ast-content-background-meta":{"desktop":{"background-color":"var(--ast-global-color-5)","background-image":"","background-repeat":"repeat","background-position":"center center","background-size":"auto","background-attachment":"scroll","background-type":"","background-media":"","overlay-type":"","overlay-color":"","overlay-opacity":"","overlay-gradient":""},"tablet":{"background-color":"var(--ast-global-color-5)","background-image":"","background-repeat":"repeat","background-position":"center center","background-size":"auto","background-attachment":"scroll","background-type":"","background-media":"","overlay-type":"","overlay-color":"","overlay-opacity":"","overlay-gradient":""},"mobile":{"background-color":"var(--ast-global-color-5)","background-image":"","background-repeat":"repeat","background-position":"center center","background-size":"auto","background-attachment":"scroll","background-type":"","background-media":"","overlay-type":"","overlay-color":"","overlay-opacity":"","overlay-gradient":""}},"footnotes":""},"categories":[29],"tags":[243,377,3037],"class_list":["post-33725","post","type-post","status-publish","format-standard","has-post-thumbnail","hentry","category-se-baixllobregat6","tag-art","tag-cultura","tag-subvencio"],"post_mailing_queue_ids":[],"_links":{"self":[{"href":"https:\/\/serveiseducatius.xtec.cat\/baixllobregat6\/wp-json\/wp\/v2\/posts\/33725","targetHints":{"allow":["GET"]}}],"collection":[{"href":"https:\/\/serveiseducatius.xtec.cat\/baixllobregat6\/wp-json\/wp\/v2\/posts"}],"about":[{"href":"https:\/\/serveiseducatius.xtec.cat\/baixllobregat6\/wp-json\/wp\/v2\/types\/post"}],"author":[{"embeddable":true,"href":"https:\/\/serveiseducatius.xtec.cat\/baixllobregat6\/wp-json\/wp\/v2\/users\/1"}],"replies":[{"embeddable":true,"href":"https:\/\/serveiseducatius.xtec.cat\/baixllobregat6\/wp-json\/wp\/v2\/comments?post=33725"}],"version-history":[{"count":3,"href":"https:\/\/serveiseducatius.xtec.cat\/baixllobregat6\/wp-json\/wp\/v2\/posts\/33725\/revisions"}],"predecessor-version":[{"id":33730,"href":"https:\/\/serveiseducatius.xtec.cat\/baixllobregat6\/wp-json\/wp\/v2\/posts\/33725\/revisions\/33730"}],"wp:featuredmedia":[{"embeddable":true,"href":"https:\/\/serveiseducatius.xtec.cat\/baixllobregat6\/wp-json\/wp\/v2\/media\/33727"}],"wp:attachment":[{"href":"https:\/\/serveiseducatius.xtec.cat\/baixllobregat6\/wp-json\/wp\/v2\/media?parent=33725"}],"wp:term":[{"taxonomy":"category","embeddable":true,"href":"https:\/\/serveiseducatius.xtec.cat\/baixllobregat6\/wp-json\/wp\/v2\/categories?post=33725"},{"taxonomy":"post_tag","embeddable":true,"href":"https:\/\/serveiseducatius.xtec.cat\/baixllobregat6\/wp-json\/wp\/v2\/tags?post=33725"}],"curies":[{"name":"wp","href":"https:\/\/api.w.org\/{rel}","templated":true}]}}