{"id":3341,"date":"2012-10-25T09:28:02","date_gmt":"2012-10-25T08:28:02","guid":{"rendered":"http:\/\/reporteducacio.cat\/?p=3341"},"modified":"2015-12-24T13:04:04","modified_gmt":"2015-12-24T12:04:04","slug":"propostes-didactiques-i-documentacio-de-suport-accions-de-dinamica-educativa-de-sant-vicenc-dels-horts","status":"publish","type":"post","link":"https:\/\/serveiseducatius.xtec.cat\/baixllobregat6\/pee020\/propostes-didactiques-i-documentacio-de-suport-accions-de-dinamica-educativa-de-sant-vicenc-dels-horts\/","title":{"rendered":"Propostes did\u00e0ctiques i documentaci\u00f3 de suport. Accions de din\u00e0mica educativa de Sant Vicen\u00e7 dels Horts"},"content":{"rendered":"<p><img loading=\"lazy\" decoding=\"async\" class=\"wp-image-3164 aligncenter\" title=\"Accions de din\u00e0mica educativa\" alt=\"\" src=\"http:\/\/serveiseducatius.xtec.cat\/se-baixllobregat6\/wp-content\/uploads\/usu778\/2012\/09\/logoDinamicaSVH.jpg\" width=\"437\" height=\"196\" srcset=\"https:\/\/serveiseducatius.xtec.cat\/baixllobregat6\/wp-content\/uploads\/usu778\/2012\/09\/logoDinamicaSVH.jpg 560w, https:\/\/serveiseducatius.xtec.cat\/baixllobregat6\/wp-content\/uploads\/usu778\/2012\/09\/logoDinamicaSVH-300x135.jpg 300w\" sizes=\"auto, (max-width: 437px) 100vw, 437px\" \/><\/p>\n<p>Les <strong>accions de din\u00e0mica educativa<\/strong> s\u00f3n un conjunt d\u2019activitats que s&#8217;ofereixen des de l&#8217;Ajuntament de Sant Vicen\u00e7 dels Horts als centres educatius en col\u00b7laboraci\u00f3 amb el Servei Educatiu Baix Llobregat-6.<\/p>\n<p><!--more--><\/p>\n<blockquote><p>Acc\u00e9s al cat\u00e0leg d&#8217;<a href=\"https:\/\/docs.google.com\/a\/xtec.cat\/file\/d\/0B4-p4FAtOEYWWjZNRGRPQk1kaTA\/edit\" target=\"_blank\"><strong>Accions de Din\u00e0mica Educativa<\/strong><\/a><\/p>\n<p><a href=\"https:\/\/docs.google.com\/a\/xtec.cat\/spreadsheet\/viewform?pli=1&amp;formkey=dF9RTHlwMEhIQ0oweElNcTUwaW0zSWc6MQ#gid=0\" target=\"_blank\"><strong>Full de Valoraci\u00f3<\/strong><\/a>\u00a0 (Formulari en l\u00ednia)<\/p><\/blockquote>\n<p>&nbsp;<\/p>\n<p>Els seus principals objectius s\u00f3n el dotar de noves oportunitats d\u2019aprenentatge i permetre que l\u2019escola s\u2019acosti a la ciutat i al seu entorn m\u00e9s proper.<\/p>\n<h3><span style=\"color: #ff0000;\">Materials did\u00e0ctics i documentaci\u00f3 de suport<\/span><\/h3>\n<h4>ELS GEGANTS I EL MAMUT VENUX<\/h4>\n<ul>\n<li><a href=\"http:\/\/www.xtec.cat\/crp-baixllobregat6\/dinamica\/docs\/Mamut-Venux.pdf\" target=\"_blank\">Guia did\u00e0ctica \u201cEls gegants i el mamut Venux\u201d<\/a><\/li>\n<li><a href=\"http:\/\/www.xtec.cat\/crp-baixllobregat6\/mesv\/lectures\/actijclic\/gegants_jclic.htm\" target=\"_blank\">Activitat JClic \u201cLa Coloma i el Vicen\u00e7. Els gegants de Sant Vicen\u00e7\u201d<\/a><\/li>\n<\/ul>\n<h4>LA BIBLIOTECA LES VOLTES<\/h4>\n<ul>\n<li><a href=\"http:\/\/www.xtec.cat\/crp-baixllobregat6\/dinamica\/docs\/CDU_lesvoltes.pdf\" target=\"_blank\">Cartell de la CDU emprada a la Biblioteca Les Voltes<\/a><\/li>\n<li><a href=\"http:\/\/www.xtec.cat\/crp-baixllobregat6\/dinamica\/docs\/CDU_INFANTIL_lesvoltes.pdf\" target=\"_blank\">CDU usada per la Biblioteca \u201cLes Voltes\u201d per a la classificaci\u00f3 dels llibres de coneixement infantils i juvenils<\/a><\/li>\n<\/ul>\n<h4>CONEGUEM L\u2019AJUNTAMENT<\/h4>\n<ul>\n<li>Guia did\u00e0ctica i Quadern de l&#8217;alumnat <em><span style=\"color: #ff0000;\">[pendent de publicaci\u00f3]<\/span><\/em><\/li>\n<li><a href=\"http:\/\/www.xtec.cat\/crp-baixllobregat6\/dinamica\/docs\/escutsvh.htm\" target=\"_blank\">Activitat JClic<\/a><\/li>\n<\/ul>\n<h4>CICLE DE TEATRE I AUDICIONS MUSICALS<\/h4>\n<ul>\n<li><a href=\"https:\/\/docs.google.com\/file\/d\/0B9kbO7XwPkh4RXVya0VKcXNmSXM\/edit?pli=1\" target=\"_blank\">EL REGAL<\/a>. Pengim-Penjam\n<ul>\n<li><a href=\"https:\/\/docs.google.com\/file\/d\/0B9kbO7XwPkh4eTY5X2lHUkFJT0U\/edit?pli=1\" target=\"_blank\">\u00c0udio EL REGAL<\/a> \u2013 Tema principal mp3<\/li>\n<li><a href=\"https:\/\/docs.google.com\/file\/d\/0B9kbO7XwPkh4blJ0ZzMtN01PTnM\/edit?pli=1\" target=\"_blank\">\u00c0udio EL REGAL<\/a> \u2013 Tornada mp3<\/li>\n<\/ul>\n<\/li>\n<li><a href=\"https:\/\/docs.google.com\/file\/d\/0B9kbO7XwPkh4Z0tNelQxaGpxWk0\/edit?pli=1\" target=\"_blank\">EN PATUFET<\/a>. \u00a0La petita Brownie<\/li>\n<li><a href=\"https:\/\/docs.google.com\/file\/d\/0B9kbO7XwPkh4Sk5JbE1iV3BjWEk\/edit?pli=1\" target=\"_blank\">TOT \u00c9S POSSIBLE<\/a>. \u00a0Tot m\u00fasica<\/li>\n<li><a href=\"https:\/\/docs.google.com\/file\/d\/0B9kbO7XwPkh4X1VENEhic3BFVTA\/edit?pli=1\" target=\"_blank\">XAROP DE CARGOL<\/a>. \u00a0Cia. Merc\u00e8 Framis<\/li>\n<li><a href=\"https:\/\/docs.google.com\/file\/d\/0B9kbO7XwPkh4RENjV2E4SS1Sb0k\/edit?pli=1\" target=\"_blank\">GAIA &#8211; EL NOU VESTIT AVENTURER<\/a>. \u00a0Gaia Contes Musicals<\/li>\n<li><a href=\"https:\/\/docs.google.com\/file\/d\/0B9kbO7XwPkh4U0M1RU8yUk9KVHc\/edit?pli=1\" target=\"_blank\">LES M\u00c0GIQUES AVENTURES D\u2019EN FIXI I EN FOXI<\/a>. \u00a0Teatre de Cord\u00f3 + Enric Magoo<\/li>\n<li><a href=\"https:\/\/docs.google.com\/file\/d\/0B9kbO7XwPkh4SVFiWFFkNmVuaHc\/edit?pli=1\" target=\"_blank\">EN SEBASTI\u00c0, EL PETIT M\u00daSIC SAVI<\/a>. \u00a0A tot m\u00fasica<\/li>\n<li><a href=\"https:\/\/docs.google.com\/file\/d\/0B9kbO7XwPkh4LXpPT3g4Y0dhTGM\/edit?pli=1\">TITIRITRIKI<\/a>. \u00a0Zum Zum Teatre<\/li>\n<li><a href=\"https:\/\/docs.google.com\/file\/d\/0B9kbO7XwPkh4aGxDNXVWa2pza3M\/edit?pli=1\">PETITA HIST\u00d2RIA DEL JAZZ<\/a>. \u00a0A tot m\u00fasica<\/li>\n<li><a href=\"https:\/\/docs.google.com\/file\/d\/0B9kbO7XwPkh4RDU2TkRiVjhZNlE\/edit?pli=1\" target=\"_blank\">PIRATE ISLAND<\/a>. \u00a0Blue mango<\/li>\n<li><a href=\"https:\/\/docs.google.com\/file\/d\/0B9kbO7XwPkh4azF0YTYzQzA3Q3c\/edit\" target=\"_blank\">MUSICA PER A TOTHOM!<\/a>. Llu\u00eds Gran\u00e9\n<ul>\n<li>\u201cEl piano en el seu esplendor\u201d (Cicle Superior).<\/li>\n<li>&#8220;Viatge a trav\u00e9s dels segles\u201d (1r i 2n ESO).<\/li>\n<li>\u201cM\u00fasica d\u2019occident, la nostra\u201d (3r i4t ESO).<\/li>\n<\/ul>\n<\/li>\n<\/ul>\n<h4>ITINERARIS I EXPOSICIONS<\/h4>\n<ul>\n<li><a href=\"https:\/\/docs.google.com\/file\/d\/0B9kbO7XwPkh4SVUwWlJjUVJqdFE\/edit?pli=1\" target=\"_blank\"><em>Itinerari hist\u00f2ric 1 \u2013 visita al forn rom\u00e0<\/em>. Fitxa info<\/a><\/li>\n<li><a href=\"https:\/\/docs.google.com\/file\/d\/0B9kbO7XwPkh4Y2lZXzI1YTB4OVU\/edit?pli=1\" target=\"_blank\"><em>La Maternitat d\u2019Elna, bressol de l\u2019Exili<\/em>. Materials did\u00e0ctics<\/a><\/li>\n<li><a href=\"https:\/\/docs.google.com\/file\/d\/0B9kbO7XwPkh4OUQ5a1lJWVhRNGM\/edit?pli=1\" target=\"_blank\"><em>Exposici\u00f3 Societat, vida, hist\u00f2ria en catal\u00e0 a Sant Vicen\u00e7 dels Horts<\/em>. Guia did\u00e0ctica<\/a><\/li>\n<\/ul>\n<p><strong>RUTA LITER\u00c0RIA &#8220;EL CANT DE LA MALLERENGA&#8221;<\/strong><\/p>\n<ul>\n<li><span style=\"line-height: 13px;\"><a href=\"https:\/\/docs.google.com\/file\/d\/0B9kbO7XwPkh4SlNhWTRZRG0tWGc\/edit?pli=1\" target=\"_blank\">Guia de lectura,\u00a0<em>El cant de la Mallerenga<\/em><\/a><br \/>\n<\/span><\/li>\n<li><a href=\"https:\/\/docs.google.com\/file\/d\/0B9kbO7XwPkh4X2lFT1ZPNVBZMlE\/edit\" target=\"_blank\">Quadern de ruta per als alumnes d\u2019ESO<\/a><\/li>\n<li><a href=\"https:\/\/docs.google.com\/file\/d\/0B9kbO7XwPkh4c0FSODY3U3ZMVjg\/edit\" target=\"_blank\">Llibret de documents<\/a><\/li>\n<\/ul>\n<h3><span style=\"color: #ff0000;\">Calendari de les accions<\/span><\/h3>\n<ul>\n<li><a href=\"https:\/\/docs.google.com\/file\/d\/0B9kbO7XwPkh4aE8yQ0tSc0RsWlU\/edit\" target=\"_blank\">Cicle de teatre i audicions musicals<\/a><\/li>\n<li><a href=\"https:\/\/docs.google.com\/file\/d\/0B9kbO7XwPkh4VDRpbTNsY2NwNjA\/edit?pli=1\" target=\"_blank\">Visita a la Biblioteca les Voltes<\/a><\/li>\n<li><a href=\"https:\/\/docs.google.com\/file\/d\/0B9kbO7XwPkh4TVNYQzZlUUxzbHc\/edit?pli=1\" target=\"_blank\">Coneguem l\u2019Ajuntament<\/a><\/li>\n<li><a href=\"https:\/\/docs.google.com\/file\/d\/0B9kbO7XwPkh4TXZROUZnNEVPcFE\/edit?pli=1\" target=\"_blank\">Convidem els gegants a l\u2019escola<\/a><\/li>\n<li><a href=\"https:\/\/docs.google.com\/file\/d\/0B9kbO7XwPkh4ZjdCNzdna2lkdmM\/edit?pli=1\" target=\"_blank\">Bufalletres<\/a><\/li>\n<\/ul>\n","protected":false},"excerpt":{"rendered":"<p>Les accions de din\u00e0mica educativa s\u00f3n un conjunt d\u2019activitats que s&#8217;ofereixen des de l&#8217;Ajuntament de Sant Vicen\u00e7 dels Horts als centres educatius en col\u00b7laboraci\u00f3 amb el Servei Educatiu Baix Llobregat-6.<\/p>\n","protected":false},"author":1,"featured_media":0,"comment_status":"open","ping_status":"open","sticky":false,"template":"","format":"standard","meta":{"_bbp_topic_count":0,"_bbp_reply_count":0,"_bbp_total_topic_count":0,"_bbp_total_reply_count":0,"_bbp_voice_count":0,"_bbp_anonymous_reply_count":0,"_bbp_topic_count_hidden":0,"_bbp_reply_count_hidden":0,"_bbp_forum_subforum_count":0,"site-sidebar-layout":"default","site-content-layout":"","ast-site-content-layout":"","site-content-style":"default","site-sidebar-style":"default","ast-global-header-display":"","ast-banner-title-visibility":"","ast-main-header-display":"","ast-hfb-above-header-display":"","ast-hfb-below-header-display":"","ast-hfb-mobile-header-display":"","site-post-title":"","ast-breadcrumbs-content":"","ast-featured-img":"","footer-sml-layout":"","theme-transparent-header-meta":"","adv-header-id-meta":"","stick-header-meta":"","header-above-stick-meta":"","header-main-stick-meta":"","header-below-stick-meta":"","astra-migrate-meta-layouts":"default","ast-page-background-enabled":"default","ast-page-background-meta":{"desktop":{"background-color":"var(--ast-global-color-4)","background-image":"","background-repeat":"repeat","background-position":"center center","background-size":"auto","background-attachment":"scroll","background-type":"","background-media":"","overlay-type":"","overlay-color":"","overlay-opacity":"","overlay-gradient":""},"tablet":{"background-color":"","background-image":"","background-repeat":"repeat","background-position":"center center","background-size":"auto","background-attachment":"scroll","background-type":"","background-media":"","overlay-type":"","overlay-color":"","overlay-opacity":"","overlay-gradient":""},"mobile":{"background-color":"","background-image":"","background-repeat":"repeat","background-position":"center center","background-size":"auto","background-attachment":"scroll","background-type":"","background-media":"","overlay-type":"","overlay-color":"","overlay-opacity":"","overlay-gradient":""}},"ast-content-background-meta":{"desktop":{"background-color":"var(--ast-global-color-5)","background-image":"","background-repeat":"repeat","background-position":"center center","background-size":"auto","background-attachment":"scroll","background-type":"","background-media":"","overlay-type":"","overlay-color":"","overlay-opacity":"","overlay-gradient":""},"tablet":{"background-color":"var(--ast-global-color-5)","background-image":"","background-repeat":"repeat","background-position":"center center","background-size":"auto","background-attachment":"scroll","background-type":"","background-media":"","overlay-type":"","overlay-color":"","overlay-opacity":"","overlay-gradient":""},"mobile":{"background-color":"var(--ast-global-color-5)","background-image":"","background-repeat":"repeat","background-position":"center center","background-size":"auto","background-attachment":"scroll","background-type":"","background-media":"","overlay-type":"","overlay-color":"","overlay-opacity":"","overlay-gradient":""}},"footnotes":""},"categories":[75],"tags":[403,432,439,443,446,447,597,100,907],"class_list":["post-3341","post","type-post","status-publish","format-standard","hentry","category-pee020","tag-dinamica-educativa","tag-educacio-ambiental","tag-educacio-infantil","tag-educacio-per-a-la-ciutadania","tag-educacio-primaria","tag-educacio-secundaria","tag-historia","tag-lectura","tag-sant-vicenc-dels-horts"],"post_mailing_queue_ids":[],"_links":{"self":[{"href":"https:\/\/serveiseducatius.xtec.cat\/baixllobregat6\/wp-json\/wp\/v2\/posts\/3341","targetHints":{"allow":["GET"]}}],"collection":[{"href":"https:\/\/serveiseducatius.xtec.cat\/baixllobregat6\/wp-json\/wp\/v2\/posts"}],"about":[{"href":"https:\/\/serveiseducatius.xtec.cat\/baixllobregat6\/wp-json\/wp\/v2\/types\/post"}],"author":[{"embeddable":true,"href":"https:\/\/serveiseducatius.xtec.cat\/baixllobregat6\/wp-json\/wp\/v2\/users\/1"}],"replies":[{"embeddable":true,"href":"https:\/\/serveiseducatius.xtec.cat\/baixllobregat6\/wp-json\/wp\/v2\/comments?post=3341"}],"version-history":[{"count":1,"href":"https:\/\/serveiseducatius.xtec.cat\/baixllobregat6\/wp-json\/wp\/v2\/posts\/3341\/revisions"}],"predecessor-version":[{"id":6259,"href":"https:\/\/serveiseducatius.xtec.cat\/baixllobregat6\/wp-json\/wp\/v2\/posts\/3341\/revisions\/6259"}],"wp:attachment":[{"href":"https:\/\/serveiseducatius.xtec.cat\/baixllobregat6\/wp-json\/wp\/v2\/media?parent=3341"}],"wp:term":[{"taxonomy":"category","embeddable":true,"href":"https:\/\/serveiseducatius.xtec.cat\/baixllobregat6\/wp-json\/wp\/v2\/categories?post=3341"},{"taxonomy":"post_tag","embeddable":true,"href":"https:\/\/serveiseducatius.xtec.cat\/baixllobregat6\/wp-json\/wp\/v2\/tags?post=3341"}],"curies":[{"name":"wp","href":"https:\/\/api.w.org\/{rel}","templated":true}]}}