{"id":33295,"date":"2026-04-27T13:34:20","date_gmt":"2026-04-27T11:34:20","guid":{"rendered":"https:\/\/serveiseducatius.xtec.cat\/baixllobregat6\/?p=33295"},"modified":"2026-04-27T13:42:32","modified_gmt":"2026-04-27T11:42:32","slug":"jornada-pedagogica-final-curs-convivencia-de-lemocio-al-vincle","status":"publish","type":"post","link":"https:\/\/serveiseducatius.xtec.cat\/baixllobregat6\/se-baixllobregat6\/jornada-pedagogica-final-curs-convivencia-de-lemocio-al-vincle\/","title":{"rendered":"Jornada Pedag\u00f2gica Final Curs &#8211; Conviv\u00e8ncia: de l&#8217;emoci\u00f3 al vincle"},"content":{"rendered":"\n<p>En els darrers anys, el&nbsp;<strong>benestar docent&nbsp;<\/strong>s\u2019ha convertit en una de les grans preocupacions del<strong>&nbsp;sistema educatiu.<\/strong>&nbsp;L\u2019augment de la complexitat a l\u2019aula i les exig\u00e8ncies creixents de la professi\u00f3 tenen un impacte directe en el dia a dia dels docents. Nom\u00e9s una&nbsp;<strong>intervenci\u00f3 coordinada&nbsp;<\/strong>que actu\u00ef simult\u00e0niament sobre les&nbsp;<strong>condicions de treball<\/strong>, el&nbsp;<strong>context educatiu<\/strong>&nbsp;i la&nbsp;<strong>conviv\u00e8ncia a l\u2019aula<\/strong>&nbsp;permetr\u00e0 avan\u00e7ar cap a un sistema educatiu que garanteixi el benestar docent i, alhora, la&nbsp;<strong>qualitat educativa.<\/strong><\/p>\n\n\n\n<p>En aquest context, des del Servei Educatiu dedicarem la Jornada de final de curs del dia 2 de juliol a aquesta tem\u00e0tica: <strong>Conviv\u00e8ncia: de l&#8217;emoci\u00f3 al vincle<\/strong> &#8211; habilitats emocionals, comunicatives i socials<\/p>\n\n\n\n<figure class=\"wp-block-image size-full is-resized\"><img loading=\"lazy\" decoding=\"async\" width=\"427\" height=\"143\" src=\"https:\/\/serveiseducatius.xtec.cat\/baixllobregat6\/wp-content\/uploads\/usu778\/2026\/04\/Captura-de-pantalla-2026-04-23-122725-2.png\" alt=\"\" class=\"wp-image-33296\" style=\"width:379px;height:auto\"\/><\/figure>\n\n\n\n<p><strong>Programa<\/strong>  &#8211; Dijous 02 de juliol de 2026<\/p>\n\n\n\n<figure class=\"wp-block-image alignleft size-full is-resized\"><img loading=\"lazy\" decoding=\"async\" width=\"590\" height=\"432\" src=\"https:\/\/serveiseducatius.xtec.cat\/baixllobregat6\/wp-content\/uploads\/usu778\/2026\/04\/11-2.png\" alt=\"\" class=\"wp-image-33297\" style=\"width:291px;height:auto\" srcset=\"https:\/\/serveiseducatius.xtec.cat\/baixllobregat6\/wp-content\/uploads\/usu778\/2026\/04\/11-2.png 590w, https:\/\/serveiseducatius.xtec.cat\/baixllobregat6\/wp-content\/uploads\/usu778\/2026\/04\/11-2-520x381.png 520w\" sizes=\"auto, (max-width: 590px) 100vw, 590px\" \/><\/figure>\n\n\n\n<ul class=\"wp-block-list\">\n<li>08:40-09:00 Recepci\u00f3 i signatura<\/li>\n\n\n\n<li><strong>09:00-10:00 <\/strong>Pon\u00e8ncia<strong>  <strong>Univers de les emocions<\/strong><\/strong><\/li>\n\n\n\n<li>10:00-10:20 Pausa<\/li>\n\n\n\n<li><strong>10:20-11:20 <\/strong>Pon\u00e8ncia<strong> <\/strong> <strong><strong>La comunicaci\u00f3 que funciona<\/strong><\/strong><\/li>\n\n\n\n<li>11:20-11:40 Pausa<\/li>\n\n\n\n<li><strong>11:40-12:40 <\/strong>Pon\u00e8ncia<strong> <strong>Una classe, un equip<\/strong><\/strong><\/li>\n\n\n\n<li>Tancament de la Jornada<\/li>\n<\/ul>\n\n\n\n<p><\/p>\n\n\n\n<p><\/p>\n\n\n\n<p class=\"has-text-align-center has-luminous-vivid-amber-background-color has-background has-large-font-size\"><a href=\"https:\/\/aplicacions.gestioeducativa.gencat.cat\/ords\/pls\/soloas\/pk_for_mod_ins.p_for_cons_activitats?p_header=&amp;p_crp=307&amp;p_any=2025-2026&amp;p_totes=N&amp;p_totes=N&amp;p_excloure_crp_rec=T&amp;p_inici=1\"><strong>Inscripci\u00f3<\/strong><\/a> Dijous, 02 de juliol 2026 &#8211; Sant Vicen\u00e7 dels Horts (espai a determinar)<\/p>\n\n\n\n<p class=\"has-text-align-left\"><strong>Estructuraci\u00f3 de la Jornada:<\/strong><\/p>\n\n\n\n<div class=\"wp-block-columns is-layout-flex wp-container-core-columns-is-layout-1 wp-block-columns-is-layout-flex\">\n<div class=\"wp-block-column is-layout-flow wp-block-column-is-layout-flow\" style=\"border-width:2px;padding-top:var(--wp--preset--spacing--20);padding-right:var(--wp--preset--spacing--20);padding-bottom:var(--wp--preset--spacing--20);padding-left:var(--wp--preset--spacing--20)\">\n<h2 class=\"wp-block-heading has-pale-cyan-blue-background-color has-background has-medium-font-size\"><strong>UNIVERS DE LES EMOCIONS<\/strong><\/h2>\n\n\n\n<p class=\"has-text-align-center has-medium-font-size\">Taller &#8211; 09:00-10:00<\/p>\n\n\n\n<p class=\"has-text-align-center has-pale-cyan-blue-background-color has-background has-medium-font-size\">Dinamitzadores: <strong>Cristina Guti\u00e9rrez Lest\u00f3n i Ester Vernet<\/strong><\/p>\n\n\n\n<p>&nbsp;Taller tant pr\u00e0ctic com profund que s&#8217;endinsar\u00e0 dins del cervell emocional hum\u00e0 (model Univers Emocions del Dr. Rafael Bisquerra).<\/p>\n\n\n\n<ul class=\"wp-block-list\">\n<li>Entendre la base del comportament hum\u00e0 \u00e9s vital perqu\u00e8 els docents i educadors\/es puguin alleugerir la motxilla que alumnes de totes les edats tracten de sustentar, de vegades desesperadament, originant sovint comportaments conflictius, pors o relacions t\u00f2xiques.<\/li>\n\n\n\n<li> La gravitaci\u00f3 emocional, la consci\u00e8ncia emocional, la regulaci\u00f3 emocional i l&#8217;autonomia emocional s\u00f3n les habilitats a entrenar, un ABC imprescindible per entendre, regular i passar a l&#8217;acci\u00f3 amb una base ferma i efectiva<\/li>\n<\/ul>\n\n\n\n<p><\/p>\n<\/div>\n\n\n\n<div class=\"wp-block-column is-layout-flow wp-block-column-is-layout-flow\" style=\"border-width:2px;padding-top:var(--wp--preset--spacing--20);padding-right:var(--wp--preset--spacing--20);padding-bottom:var(--wp--preset--spacing--20);padding-left:var(--wp--preset--spacing--20)\">\n<h2 class=\"wp-block-heading has-light-green-cyan-background-color has-background has-medium-font-size\"><strong>LA COMUNICACI\u00d3 QUE FUNCIONA<\/strong><\/h2>\n\n\n\n<p class=\"has-text-align-center has-medium-font-size\">Xerrada &#8211; 10:20-11:20<\/p>\n\n\n\n<p class=\"has-text-align-center has-light-green-cyan-background-color has-background has-medium-font-size\">Ponent: <strong>Cristina Guti\u00e9rrez Lest\u00f3n<\/strong><\/p>\n\n\n\n<p>Xerrada on els docents obtindran eines pr\u00e0ctiques i f\u00f3rmules per a una comunicaci\u00f3 assertiva que els servir\u00e0 amb els seus alumnes de prim\u00e0ria i secund\u00e0ria, per\u00f2 tamb\u00e9 amb les fam\u00edlies i els companys\/es de claustre. <\/p>\n\n\n\n<ul class=\"wp-block-list\">\n<li>Entendre com les paraules que cuiden i ser conscients des d\u2019on parlem, s\u00f3n determinants en la resoluci\u00f3 d&#8217;un conflicte<\/li>\n<\/ul>\n<\/div>\n\n\n\n<div class=\"wp-block-column is-layout-flow wp-block-column-is-layout-flow\" style=\"border-width:2px;padding-top:var(--wp--preset--spacing--20);padding-right:var(--wp--preset--spacing--20);padding-bottom:var(--wp--preset--spacing--20);padding-left:var(--wp--preset--spacing--20)\">\n<h2 class=\"wp-block-heading has-luminous-vivid-amber-background-color has-background has-medium-font-size\"><strong>UNA CLASSE, UN EQUIP<\/strong><\/h2>\n\n\n\n<p class=\"has-text-align-center has-medium-font-size\">Taller 11:40-12:40<\/p>\n\n\n\n<p class=\"has-text-align-center has-luminous-vivid-amber-background-color has-background has-medium-font-size\">Dinamitzadores: <strong>Cristina Guti\u00e9rrez Lest\u00f3n i Ester Vernet<\/strong><\/p>\n\n\n\n<p>El treball en equip i la cohesi\u00f3 s\u00f3n la base per aconseguir un espai segur i unes relacions saludables.<\/p>\n\n\n\n<p> Per convertir una classe en un equip caldr\u00e0 primer experimentar on s\u2019origina i quins s\u00f3n els primers passos. <\/p>\n\n\n\n<ul class=\"wp-block-list\">\n<li>Taller din\u00e0mic i divertit on es treballa la confian\u00e7a i la responsabilitat, per acabar la jornada amb jocs que es poden reproduir amb alumnes de prim\u00e0ria i secund\u00e0ria<\/li>\n<\/ul>\n<\/div>\n<\/div>\n","protected":false},"excerpt":{"rendered":"<p>En els darrers anys, el&nbsp;benestar docent&nbsp;s\u2019ha convertit en una de les grans preocupacions del&nbsp;sistema educatiu.&nbsp;L\u2019augment de la complexitat a l\u2019aula i les exig\u00e8ncies creixents de la professi\u00f3 tenen un impacte directe en el dia a dia dels docents. Nom\u00e9s una&nbsp;intervenci\u00f3 coordinada&nbsp;que actu\u00ef simult\u00e0niament sobre les&nbsp;condicions de treball, el&nbsp;context educatiu&nbsp;i la&nbsp;conviv\u00e8ncia a l\u2019aula&nbsp;permetr\u00e0 avan\u00e7ar cap a [&hellip;]<\/p>\n","protected":false},"author":1,"featured_media":33297,"comment_status":"closed","ping_status":"open","sticky":false,"template":"","format":"standard","meta":{"_bbp_topic_count":0,"_bbp_reply_count":0,"_bbp_total_topic_count":0,"_bbp_total_reply_count":0,"_bbp_voice_count":0,"_bbp_anonymous_reply_count":0,"_bbp_topic_count_hidden":0,"_bbp_reply_count_hidden":0,"_bbp_forum_subforum_count":0,"site-sidebar-layout":"default","site-content-layout":"","ast-site-content-layout":"default","site-content-style":"default","site-sidebar-style":"default","ast-global-header-display":"","ast-banner-title-visibility":"","ast-main-header-display":"","ast-hfb-above-header-display":"","ast-hfb-below-header-display":"","ast-hfb-mobile-header-display":"","site-post-title":"","ast-breadcrumbs-content":"","ast-featured-img":"","footer-sml-layout":"","theme-transparent-header-meta":"","adv-header-id-meta":"","stick-header-meta":"","header-above-stick-meta":"","header-main-stick-meta":"","header-below-stick-meta":"","astra-migrate-meta-layouts":"set","ast-page-background-enabled":"default","ast-page-background-meta":{"desktop":{"background-color":"var(--ast-global-color-4)","background-image":"","background-repeat":"repeat","background-position":"center center","background-size":"auto","background-attachment":"scroll","background-type":"","background-media":"","overlay-type":"","overlay-color":"","overlay-opacity":"","overlay-gradient":""},"tablet":{"background-color":"","background-image":"","background-repeat":"repeat","background-position":"center center","background-size":"auto","background-attachment":"scroll","background-type":"","background-media":"","overlay-type":"","overlay-color":"","overlay-opacity":"","overlay-gradient":""},"mobile":{"background-color":"","background-image":"","background-repeat":"repeat","background-position":"center center","background-size":"auto","background-attachment":"scroll","background-type":"","background-media":"","overlay-type":"","overlay-color":"","overlay-opacity":"","overlay-gradient":""}},"ast-content-background-meta":{"desktop":{"background-color":"var(--ast-global-color-5)","background-image":"","background-repeat":"repeat","background-position":"center center","background-size":"auto","background-attachment":"scroll","background-type":"","background-media":"","overlay-type":"","overlay-color":"","overlay-opacity":"","overlay-gradient":""},"tablet":{"background-color":"var(--ast-global-color-5)","background-image":"","background-repeat":"repeat","background-position":"center center","background-size":"auto","background-attachment":"scroll","background-type":"","background-media":"","overlay-type":"","overlay-color":"","overlay-opacity":"","overlay-gradient":""},"mobile":{"background-color":"var(--ast-global-color-5)","background-image":"","background-repeat":"repeat","background-position":"center center","background-size":"auto","background-attachment":"scroll","background-type":"","background-media":"","overlay-type":"","overlay-color":"","overlay-opacity":"","overlay-gradient":""}},"footnotes":""},"categories":[162,65,29],"tags":[3035,2846,854],"class_list":["post-33295","post","type-post","status-publish","format-standard","has-post-thumbnail","hentry","category-actualitat","category-crp","category-se-baixllobregat6","tag-benestar","tag-jornada","tag-professorat"],"post_mailing_queue_ids":[],"_links":{"self":[{"href":"https:\/\/serveiseducatius.xtec.cat\/baixllobregat6\/wp-json\/wp\/v2\/posts\/33295","targetHints":{"allow":["GET"]}}],"collection":[{"href":"https:\/\/serveiseducatius.xtec.cat\/baixllobregat6\/wp-json\/wp\/v2\/posts"}],"about":[{"href":"https:\/\/serveiseducatius.xtec.cat\/baixllobregat6\/wp-json\/wp\/v2\/types\/post"}],"author":[{"embeddable":true,"href":"https:\/\/serveiseducatius.xtec.cat\/baixllobregat6\/wp-json\/wp\/v2\/users\/1"}],"replies":[{"embeddable":true,"href":"https:\/\/serveiseducatius.xtec.cat\/baixllobregat6\/wp-json\/wp\/v2\/comments?post=33295"}],"version-history":[{"count":6,"href":"https:\/\/serveiseducatius.xtec.cat\/baixllobregat6\/wp-json\/wp\/v2\/posts\/33295\/revisions"}],"predecessor-version":[{"id":33310,"href":"https:\/\/serveiseducatius.xtec.cat\/baixllobregat6\/wp-json\/wp\/v2\/posts\/33295\/revisions\/33310"}],"wp:featuredmedia":[{"embeddable":true,"href":"https:\/\/serveiseducatius.xtec.cat\/baixllobregat6\/wp-json\/wp\/v2\/media\/33297"}],"wp:attachment":[{"href":"https:\/\/serveiseducatius.xtec.cat\/baixllobregat6\/wp-json\/wp\/v2\/media?parent=33295"}],"wp:term":[{"taxonomy":"category","embeddable":true,"href":"https:\/\/serveiseducatius.xtec.cat\/baixllobregat6\/wp-json\/wp\/v2\/categories?post=33295"},{"taxonomy":"post_tag","embeddable":true,"href":"https:\/\/serveiseducatius.xtec.cat\/baixllobregat6\/wp-json\/wp\/v2\/tags?post=33295"}],"curies":[{"name":"wp","href":"https:\/\/api.w.org\/{rel}","templated":true}]}}