{"id":33123,"date":"2026-04-20T08:00:00","date_gmt":"2026-04-20T06:00:00","guid":{"rendered":"https:\/\/serveiseducatius.xtec.cat\/baixllobregat6\/?p=33123"},"modified":"2026-04-21T08:18:51","modified_gmt":"2026-04-21T06:18:51","slug":"demanda-del-pla-de-formacio-de-zona-2026-2027","status":"publish","type":"post","link":"https:\/\/serveiseducatius.xtec.cat\/baixllobregat6\/se-baixllobregat6\/demanda-del-pla-de-formacio-de-zona-2026-2027\/","title":{"rendered":"Demanda del pla de formaci\u00f3 de zona 2026-2027"},"content":{"rendered":"\n<figure class=\"wp-block-image size-large is-resized\"><img loading=\"lazy\" decoding=\"async\" width=\"1024\" height=\"345\" src=\"https:\/\/serveiseducatius.xtec.cat\/baixllobregat6\/wp-content\/uploads\/usu778\/2025\/03\/image-1024x345.png\" alt=\"Inici del proc\u00e9s de la demanda de formaci\u00f3 al centre\" class=\"wp-image-29446\" style=\"width:1039px;height:auto\" srcset=\"https:\/\/serveiseducatius.xtec.cat\/baixllobregat6\/wp-content\/uploads\/usu778\/2025\/03\/image-1024x345.png 1024w, https:\/\/serveiseducatius.xtec.cat\/baixllobregat6\/wp-content\/uploads\/usu778\/2025\/03\/image-520x175.png 520w, https:\/\/serveiseducatius.xtec.cat\/baixllobregat6\/wp-content\/uploads\/usu778\/2025\/03\/image-768x258.png 768w, https:\/\/serveiseducatius.xtec.cat\/baixllobregat6\/wp-content\/uploads\/usu778\/2025\/03\/image-1536x517.png 1536w, https:\/\/serveiseducatius.xtec.cat\/baixllobregat6\/wp-content\/uploads\/usu778\/2025\/03\/image.png 1908w\" sizes=\"auto, (max-width: 1024px) 100vw, 1024px\" \/><\/figure>\n\n\n\n<p>Els Plans de Formaci\u00f3 de Zona (<a href=\"http:\/\/xtec.gencat.cat\/ca\/formacio\/info-general\/plans-formacio-zona\/\" target=\"_blank\" rel=\"noreferrer noopener\">PFZ<\/a>) s\u00f3n un recurs de formaci\u00f3 al servei de la&nbsp;<strong>millora<\/strong>&nbsp;dels&nbsp;<strong>centres<\/strong>&nbsp;i el&nbsp;<strong>professorat<\/strong>&nbsp;d\u2019una&nbsp;<strong>zona<\/strong>&nbsp;educativa, que pretenen donar resposta a les&nbsp;<strong>necessitats<\/strong>&nbsp;de formaci\u00f3 d\u2019uns&nbsp;<strong>ensenyants<\/strong>&nbsp;i d\u2019uns centres per assolir uns objectius&nbsp;de&nbsp;<strong>millora<\/strong>&nbsp;i de canvi de:<\/p>\n\n\n\n<ul class=\"wp-block-list\">\n<li>Les&nbsp;<strong>pr\u00e0ctiques<\/strong>&nbsp;docents.<\/li>\n\n\n\n<li>L\u2019organitzaci\u00f3 i el&nbsp;<strong>funcionament<\/strong>&nbsp;dels centres educatius.<\/li>\n<\/ul>\n\n\n\n<div style=\"position: relative; width: 100%; height: 0; padding-top: 56.2500%;\n padding-bottom: 0; box-shadow: 0 2px 8px 0 rgba(63,69,81,0.16); margin-top: 1.6em; margin-bottom: 0.9em; overflow: hidden;\n border-radius: 8px; will-change: transform;\">\n  <iframe loading=\"lazy\" style=\"position: absolute; width: 100%; height: 100%; top: 0; left: 0; border: none; padding: 0;margin: 0;\"\n    src=\"https:\/\/www.canva.com\/design\/DAGh92WFqnM\/KrdgN4PYI8yIrpa0sDuhTQ\/view?embed\" allowfullscreen=\"allowfullscreen\" allow=\"fullscreen\">\n  <\/iframe>\n<\/div>\n<a href=\"https:&#x2F;&#x2F;www.canva.com&#x2F;design&#x2F;DAGh92WFqnM&#x2F;KrdgN4PYI8yIrpa0sDuhTQ&#x2F;view?utm_content=DAGh92WFqnM&amp;utm_campaign=designshare&amp;utm_medium=embeds&amp;utm_source=link\" target=\"_blank\" rel=\"noopener\">Ppt del PFZ 26-27<\/a> de Monti\n\n\n\n<p>El Departament d\u2019Educaci\u00f3 ha establert un conjunt d&#8217;<a href=\"https:\/\/docs.google.com\/document\/d\/1ctIjYuNukqQytdS7th3TYvL3ngN26dcqrTPI3z6nNJw\/edit?usp=sharing\" target=\"_blank\" rel=\"noreferrer noopener\">objectius de formaci\u00f3&nbsp;<\/a>que seran prioritzats, complementats o adaptats a cada territori d\u2019acord amb les seves caracter\u00edstiques espec\u00edfiques.<\/p>\n\n\n\n<ul class=\"wp-block-list\">\n<li>Les Modalitats Formatives les podeu consultar&nbsp;<a href=\"https:\/\/serveiseducatius.xtec.cat\/baixllobregat6\/formacio\/modalitats-formacio\/\" target=\"_blank\" rel=\"noreferrer noopener\">aqu\u00ed<\/a>.<br><\/li>\n<\/ul>\n\n\n\n<p>PER A FER LA DEMANDA:<br>Els&nbsp;<a href=\"https:\/\/serveiseducatius.xtec.cat\/baixllobregat6\/centres-educatius\/\" target=\"_blank\" rel=\"noreferrer noopener\">centres educatius <\/a>&nbsp;de la demarcaci\u00f3 del Servei Educatiu Baix Llobregat-VI podeu fer la vostra demanda en els seg\u00fcents enlla\u00e7os:<\/p>\n\n\n\n<ul class=\"wp-block-list\">\n<li><a href=\"https:\/\/forms.gle\/q163WnqbBWYi65rq8\" target=\"_blank\" rel=\"noreferrer noopener\"><strong>FORMULARI DE SOL\u00b7LICITUD DE FORMACI\u00d3 INTERNA EN CENTRE<\/strong><\/a><\/li>\n\n\n\n<li><strong><a href=\"https:\/\/forms.gle\/rtBwagAEoC6xbLSL7\">FORMULARI DE SOL\u00b7LICITUD DE XARXES, GRUPS DE TREBALL i\/o COORDINACIONS\u2026<\/a><\/strong><\/li>\n<\/ul>\n\n\n\n<p><strong>DATA L\u00cdMIT&nbsp;01&nbsp;DE MAIG 2026<\/strong><\/p>\n\n\n\n<p>El termini previst per a emplenar els formularis de sol\u00b7licitud \u00e9s fins el <strong>01&nbsp;de maig (m\u00e0xim). A meitat de maig la comissi\u00f3 del Pla de Formaci\u00f3 de Zona <\/strong>es reunir\u00e0  per revisar i confirmar les demandes realitzades.<br>Es poden consultar els<a href=\"https:\/\/docs.google.com\/document\/d\/1VrV-6xOfI92O0rZI9iCbGsY2wsX_RN8kxstJdwuw_Tk\/edit?usp=sharing\" target=\"_blank\" rel=\"noreferrer noopener\">&nbsp;<strong>criteris<\/strong>&nbsp;i&nbsp;<strong>instruccions<\/strong><\/a> publicats per resoldre possibles dubtes, tant en la fase de proc\u00e9s com en la de realitzaci\u00f3 de les activitats formatives.<\/p>\n","protected":false},"excerpt":{"rendered":"<p>Els Plans de Formaci\u00f3 de Zona (PFZ) s\u00f3n un recurs de formaci\u00f3 al servei de la&nbsp;millora&nbsp;dels&nbsp;centres&nbsp;i el&nbsp;professorat&nbsp;d\u2019una&nbsp;zona&nbsp;educativa, que pretenen donar resposta a les&nbsp;necessitats&nbsp;de formaci\u00f3 d\u2019uns&nbsp;ensenyants&nbsp;i d\u2019uns centres per assolir uns objectius&nbsp;de&nbsp;millora&nbsp;i de canvi de: Ppt del PFZ 26-27 de Monti El Departament d\u2019Educaci\u00f3 ha establert un conjunt d&#8217;objectius de formaci\u00f3&nbsp;que seran prioritzats, complementats o adaptats [&hellip;]<\/p>\n","protected":false},"author":1,"featured_media":26887,"comment_status":"closed","ping_status":"open","sticky":false,"template":"","format":"standard","meta":{"_bbp_topic_count":0,"_bbp_reply_count":0,"_bbp_total_topic_count":0,"_bbp_total_reply_count":0,"_bbp_voice_count":0,"_bbp_anonymous_reply_count":0,"_bbp_topic_count_hidden":0,"_bbp_reply_count_hidden":0,"_bbp_forum_subforum_count":0,"site-sidebar-layout":"default","site-content-layout":"","ast-site-content-layout":"default","site-content-style":"default","site-sidebar-style":"default","ast-global-header-display":"","ast-banner-title-visibility":"","ast-main-header-display":"","ast-hfb-above-header-display":"","ast-hfb-below-header-display":"","ast-hfb-mobile-header-display":"","site-post-title":"","ast-breadcrumbs-content":"","ast-featured-img":"","footer-sml-layout":"","theme-transparent-header-meta":"","adv-header-id-meta":"","stick-header-meta":"","header-above-stick-meta":"","header-main-stick-meta":"","header-below-stick-meta":"","astra-migrate-meta-layouts":"set","ast-page-background-enabled":"default","ast-page-background-meta":{"desktop":{"background-color":"var(--ast-global-color-4)","background-image":"","background-repeat":"repeat","background-position":"center center","background-size":"auto","background-attachment":"scroll","background-type":"","background-media":"","overlay-type":"","overlay-color":"","overlay-opacity":"","overlay-gradient":""},"tablet":{"background-color":"","background-image":"","background-repeat":"repeat","background-position":"center center","background-size":"auto","background-attachment":"scroll","background-type":"","background-media":"","overlay-type":"","overlay-color":"","overlay-opacity":"","overlay-gradient":""},"mobile":{"background-color":"","background-image":"","background-repeat":"repeat","background-position":"center center","background-size":"auto","background-attachment":"scroll","background-type":"","background-media":"","overlay-type":"","overlay-color":"","overlay-opacity":"","overlay-gradient":""}},"ast-content-background-meta":{"desktop":{"background-color":"var(--ast-global-color-5)","background-image":"","background-repeat":"repeat","background-position":"center center","background-size":"auto","background-attachment":"scroll","background-type":"","background-media":"","overlay-type":"","overlay-color":"","overlay-opacity":"","overlay-gradient":""},"tablet":{"background-color":"var(--ast-global-color-5)","background-image":"","background-repeat":"repeat","background-position":"center center","background-size":"auto","background-attachment":"scroll","background-type":"","background-media":"","overlay-type":"","overlay-color":"","overlay-opacity":"","overlay-gradient":""},"mobile":{"background-color":"var(--ast-global-color-5)","background-image":"","background-repeat":"repeat","background-position":"center center","background-size":"auto","background-attachment":"scroll","background-type":"","background-media":"","overlay-type":"","overlay-color":"","overlay-opacity":"","overlay-gradient":""}},"footnotes":""},"categories":[162,65,2980,163,2874,167,29],"tags":[305,2182,550,822],"class_list":["post-33123","post","type-post","status-publish","format-standard","has-post-thumbnail","hentry","category-actualitat","category-crp","category-departament-educacio","category-formacio","category-modalitats-de-formacio","category-pfz","category-se-baixllobregat6","tag-centres-educatius-2","tag-docents","tag-formacio","tag-pla-de-formacio-de-zona-2"],"post_mailing_queue_ids":[],"_links":{"self":[{"href":"https:\/\/serveiseducatius.xtec.cat\/baixllobregat6\/wp-json\/wp\/v2\/posts\/33123","targetHints":{"allow":["GET"]}}],"collection":[{"href":"https:\/\/serveiseducatius.xtec.cat\/baixllobregat6\/wp-json\/wp\/v2\/posts"}],"about":[{"href":"https:\/\/serveiseducatius.xtec.cat\/baixllobregat6\/wp-json\/wp\/v2\/types\/post"}],"author":[{"embeddable":true,"href":"https:\/\/serveiseducatius.xtec.cat\/baixllobregat6\/wp-json\/wp\/v2\/users\/1"}],"replies":[{"embeddable":true,"href":"https:\/\/serveiseducatius.xtec.cat\/baixllobregat6\/wp-json\/wp\/v2\/comments?post=33123"}],"version-history":[{"count":6,"href":"https:\/\/serveiseducatius.xtec.cat\/baixllobregat6\/wp-json\/wp\/v2\/posts\/33123\/revisions"}],"predecessor-version":[{"id":33129,"href":"https:\/\/serveiseducatius.xtec.cat\/baixllobregat6\/wp-json\/wp\/v2\/posts\/33123\/revisions\/33129"}],"wp:featuredmedia":[{"embeddable":true,"href":"https:\/\/serveiseducatius.xtec.cat\/baixllobregat6\/wp-json\/wp\/v2\/media\/26887"}],"wp:attachment":[{"href":"https:\/\/serveiseducatius.xtec.cat\/baixllobregat6\/wp-json\/wp\/v2\/media?parent=33123"}],"wp:term":[{"taxonomy":"category","embeddable":true,"href":"https:\/\/serveiseducatius.xtec.cat\/baixllobregat6\/wp-json\/wp\/v2\/categories?post=33123"},{"taxonomy":"post_tag","embeddable":true,"href":"https:\/\/serveiseducatius.xtec.cat\/baixllobregat6\/wp-json\/wp\/v2\/tags?post=33123"}],"curies":[{"name":"wp","href":"https:\/\/api.w.org\/{rel}","templated":true}]}}