{"id":3288,"date":"2012-10-10T14:24:12","date_gmt":"2012-10-10T14:24:12","guid":{"rendered":"http:\/\/reporteducacio.cat\/?p=3288"},"modified":"2012-10-10T14:24:12","modified_gmt":"2012-10-10T14:24:12","slug":"espanolizar-a-los-alumnos-catalanes-i-un-be-negre","status":"publish","type":"post","link":"https:\/\/serveiseducatius.xtec.cat\/baixllobregat6\/actualitat\/espanolizar-a-los-alumnos-catalanes-i-un-be-negre\/","title":{"rendered":"Espa\u00f1olizar a los alumnos catalanes? I un be negre!"},"content":{"rendered":"<p><a href=\"http:\/\/serveiseducatius.xtec.cat\/se-baixllobregat6\/wp-content\/uploads\/usu778\/2012\/10\/wert.jpg\"><img loading=\"lazy\" decoding=\"async\" class=\"alignleft  wp-image-3290\" title=\"wert\" src=\"http:\/\/serveiseducatius.xtec.cat\/se-baixllobregat6\/wp-content\/uploads\/usu778\/2012\/10\/wert.jpg\" alt=\"\" width=\"299\" height=\"168\" srcset=\"https:\/\/serveiseducatius.xtec.cat\/baixllobregat6\/wp-content\/uploads\/usu778\/2012\/10\/wert.jpg 498w, https:\/\/serveiseducatius.xtec.cat\/baixllobregat6\/wp-content\/uploads\/usu778\/2012\/10\/wert-300x169.jpg 300w\" sizes=\"auto, (max-width: 299px) 100vw, 299px\" \/><\/a>La coordinadora d\u2019entitats Somescola.cat &#8211; de la qu\u00e8 n&#8217;est\u00e0 adherit el Servei Educatiu Baix Llobregat-6 &#8211;\u00a0celebra ir\u00f2nicament que el ministre espanyol Wert hagi expressat per fi els seus objectius reals, espanyolitzar alumnes catalans, que fins ara havien estat amagats rere falses argumentacions.<\/p>\n<h3>Somescola.cat: \u201cEl Govern espanyol vol acabar amb el model educatiu propi de Catalunya\u201d<\/h3>\n<p>Davant les declaracions del ministre d\u2019Educaci\u00f3 espanyol, Jos\u00e9 Ignacio Wert, Somescola.cat afirma que la societat civil i la comunitat educativa est\u00e0 preparada per combatre qualsevol atac al sistema educatiu catal\u00e0 que tants \u00e8xits ha recollit en els darrers 30 anys.<\/p>\n<p>Somescola.cat considera que les paraules del ministre Wert amb les quals afirma que l\u2019objectiu del seu govern \u00e9s \u201cespanyolitzar els alumnes catalans\u201d s\u00f3n una mostra de sinceritat en el debat del model educatiu catal\u00e0. Fins ara, segons la coordinadora, l\u2019executiu espanyol s\u2019ha amagat rere arguments falsos de qualitat i d\u2019homogene\u00eftzaci\u00f3 amb la Uni\u00f3 Europea. Avui, per\u00f2, per a Somescola.cat tot queda molt m\u00e9s clar i es pot comprovar que l\u2019aut\u00e8ntic objectiu del Govern espanyol \u00e9s acabar amb el model educatiu propi de Catalunya atacant la cultura i la llengua catalanes.<\/p>\n<p>Aix\u00ed, segons Somescola.cat, les declaracions del ministre Wert mostren que hi ha dues propostes de models educatius. D\u2019una banda, la segregaci\u00f3 per llengua, espanyolitzaci\u00f3 i centralitzaci\u00f3 que proposen des del Govern de l\u2019Estat i, de l\u2019altra, la d\u2019un model d\u2019\u00e8xit amb m\u00e9s de 30 anys de recorregut que t\u00e9 un extens consens social a Catalunya i que garanteix la cohesi\u00f3 social.<\/p>\n<p><a href=\"http:\/\/serveiseducatius.xtec.cat\/se-baixllobregat6\/wp-content\/uploads\/usu778\/2012\/10\/cartell-Somescola135-1.jpg\"><img loading=\"lazy\" decoding=\"async\" class=\"alignleft size-full wp-image-3289\" title=\"cartell-Somescola135-1\" src=\"http:\/\/serveiseducatius.xtec.cat\/se-baixllobregat6\/wp-content\/uploads\/usu778\/2012\/10\/cartell-Somescola135-1.jpg\" alt=\"\" width=\"135\" height=\"135\" \/><\/a>Somescola.cat recorda que \u00e9s el Parlament de Catalunya, fent \u00fas de les compet\u00e8ncies exclusives atribu\u00efdes a la Generalitat en l&#8217;article 131.2 de l&#8217;EAC, a qui li correspon regular el nostre servei educatiu. En aquest sentit, Somescola.cat adverteix al Partit Popular que nom\u00e9s podria aplicar aquesta \u201cespanyolitzaci\u00f3\u201d dels infants catalans si tingu\u00e9s l\u2019aval majoritari del poble a trav\u00e9s de les properes eleccions catalanes. En cas que no sigui aix\u00ed, la coordinadora demana que s\u2019aturin els atacs al model educatiu catal\u00e0 i exigeix al futur Govern que el blindi definitivament i sense fissures. Per a Somescola.cat, ara ja no val a dir que es tracta d\u2019uns casos minoritaris, ni d\u2019una an\u00e8cdota, sin\u00f3 que forma part d\u2019una estrat\u00e8gia ben organitzada per q\u00fcestionar el model d\u2019escola catalana i el Govern catal\u00e0 l\u2019ha de defensar de manera contundent.<\/p>\n<blockquote><p>I ja que el titular fa refer\u00e8ncia a una expressi\u00f3 que va ser utilitzada per una revista sat\u00edrica catalana com el <strong>Be Negre<\/strong>, acabem aquest post amb una vinyeta publicada a una altra gran publicaci\u00f3 com fou l&#8217;<em><strong>Esquella de la Torratx<\/strong><\/em><strong>a<\/strong>.<\/p><\/blockquote>\n<p><a href=\"http:\/\/serveiseducatius.xtec.cat\/se-baixllobregat6\/wp-content\/uploads\/usu778\/2012\/10\/dedicatawert.jpg\"><img loading=\"lazy\" decoding=\"async\" class=\"aligncenter size-full wp-image-3296\" title=\"dedicatawert\" src=\"http:\/\/serveiseducatius.xtec.cat\/se-baixllobregat6\/wp-content\/uploads\/usu778\/2012\/10\/dedicatawert.jpg\" alt=\"\" width=\"600\" height=\"368\" srcset=\"https:\/\/serveiseducatius.xtec.cat\/baixllobregat6\/wp-content\/uploads\/usu778\/2012\/10\/dedicatawert.jpg 600w, https:\/\/serveiseducatius.xtec.cat\/baixllobregat6\/wp-content\/uploads\/usu778\/2012\/10\/dedicatawert-300x184.jpg 300w\" sizes=\"auto, (max-width: 600px) 100vw, 600px\" \/><\/a><\/p>\n<blockquote><p>Dissortadament l&#8217;Esquella de la Torratxa, tenia aquest trist precedent en fer la vinyeta. Vuit mesos abans, els feixistes en el territori sota el seu control, havien redactat l&#8217;ordre d&#8217;<em><strong>espa\u00f1olizar<\/strong><\/em> la ense\u00f1anza.<\/p>\n<p style=\"text-align: center;\"><a href=\"http:\/\/serveiseducatius.xtec.cat\/se-baixllobregat6\/wp-content\/uploads\/usu778\/2012\/10\/juntadefensa.png\"><img loading=\"lazy\" decoding=\"async\" class=\"size-full wp-image-3299 aligncenter\" title=\"juntadefensa\" src=\"http:\/\/serveiseducatius.xtec.cat\/se-baixllobregat6\/wp-content\/uploads\/usu778\/2012\/10\/juntadefensa.png\" alt=\"\" width=\"269\" height=\"339\" srcset=\"https:\/\/serveiseducatius.xtec.cat\/baixllobregat6\/wp-content\/uploads\/usu778\/2012\/10\/juntadefensa.png 269w, https:\/\/serveiseducatius.xtec.cat\/baixllobregat6\/wp-content\/uploads\/usu778\/2012\/10\/juntadefensa-238x300.png 238w\" sizes=\"auto, (max-width: 269px) 100vw, 269px\" \/><\/a><\/p>\n<\/blockquote>\n","protected":false},"excerpt":{"rendered":"<p>La coordinadora d\u2019entitats Somescola.cat &#8211; de la qu\u00e8 n&#8217;est\u00e0 adherit el Servei Educatiu Baix Llobregat-6 &#8211;\u00a0celebra ir\u00f2nicament que el ministre espanyol Wert hagi expressat per fi els seus objectius reals, espanyolitzar alumnes catalans, que fins ara havien estat amagats rere falses argumentacions. Somescola.cat: \u201cEl Govern espanyol vol acabar amb el model educatiu propi de Catalunya\u201d [&hellip;]<\/p>\n","protected":false},"author":1,"featured_media":0,"comment_status":"open","ping_status":"open","sticky":false,"template":"","format":"standard","meta":{"_bbp_topic_count":0,"_bbp_reply_count":0,"_bbp_total_topic_count":0,"_bbp_total_reply_count":0,"_bbp_voice_count":0,"_bbp_anonymous_reply_count":0,"_bbp_topic_count_hidden":0,"_bbp_reply_count_hidden":0,"_bbp_forum_subforum_count":0,"site-sidebar-layout":"default","site-content-layout":"","ast-site-content-layout":"","site-content-style":"default","site-sidebar-style":"default","ast-global-header-display":"","ast-banner-title-visibility":"","ast-main-header-display":"","ast-hfb-above-header-display":"","ast-hfb-below-header-display":"","ast-hfb-mobile-header-display":"","site-post-title":"","ast-breadcrumbs-content":"","ast-featured-img":"","footer-sml-layout":"","theme-transparent-header-meta":"","adv-header-id-meta":"","stick-header-meta":"","header-above-stick-meta":"","header-main-stick-meta":"","header-below-stick-meta":"","astra-migrate-meta-layouts":"default","ast-page-background-enabled":"default","ast-page-background-meta":{"desktop":{"background-color":"var(--ast-global-color-4)","background-image":"","background-repeat":"repeat","background-position":"center center","background-size":"auto","background-attachment":"scroll","background-type":"","background-media":"","overlay-type":"","overlay-color":"","overlay-opacity":"","overlay-gradient":""},"tablet":{"background-color":"","background-image":"","background-repeat":"repeat","background-position":"center center","background-size":"auto","background-attachment":"scroll","background-type":"","background-media":"","overlay-type":"","overlay-color":"","overlay-opacity":"","overlay-gradient":""},"mobile":{"background-color":"","background-image":"","background-repeat":"repeat","background-position":"center center","background-size":"auto","background-attachment":"scroll","background-type":"","background-media":"","overlay-type":"","overlay-color":"","overlay-opacity":"","overlay-gradient":""}},"ast-content-background-meta":{"desktop":{"background-color":"var(--ast-global-color-5)","background-image":"","background-repeat":"repeat","background-position":"center center","background-size":"auto","background-attachment":"scroll","background-type":"","background-media":"","overlay-type":"","overlay-color":"","overlay-opacity":"","overlay-gradient":""},"tablet":{"background-color":"var(--ast-global-color-5)","background-image":"","background-repeat":"repeat","background-position":"center center","background-size":"auto","background-attachment":"scroll","background-type":"","background-media":"","overlay-type":"","overlay-color":"","overlay-opacity":"","overlay-gradient":""},"mobile":{"background-color":"var(--ast-global-color-5)","background-image":"","background-repeat":"repeat","background-position":"center center","background-size":"auto","background-attachment":"scroll","background-type":"","background-media":"","overlay-type":"","overlay-color":"","overlay-opacity":"","overlay-gradient":""}},"footnotes":""},"categories":[162],"tags":[430,447,487,520,538,561,600,700,937],"class_list":["post-3288","post","type-post","status-publish","format-standard","hentry","category-actualitat","tag-educacio","tag-educacio-secundaria","tag-escola-catalana","tag-espanya","tag-feixisme","tag-franquisme","tag-historia-de-leducacio","tag-llengua","tag-sociologia"],"post_mailing_queue_ids":[],"_links":{"self":[{"href":"https:\/\/serveiseducatius.xtec.cat\/baixllobregat6\/wp-json\/wp\/v2\/posts\/3288","targetHints":{"allow":["GET"]}}],"collection":[{"href":"https:\/\/serveiseducatius.xtec.cat\/baixllobregat6\/wp-json\/wp\/v2\/posts"}],"about":[{"href":"https:\/\/serveiseducatius.xtec.cat\/baixllobregat6\/wp-json\/wp\/v2\/types\/post"}],"author":[{"embeddable":true,"href":"https:\/\/serveiseducatius.xtec.cat\/baixllobregat6\/wp-json\/wp\/v2\/users\/1"}],"replies":[{"embeddable":true,"href":"https:\/\/serveiseducatius.xtec.cat\/baixllobregat6\/wp-json\/wp\/v2\/comments?post=3288"}],"version-history":[{"count":0,"href":"https:\/\/serveiseducatius.xtec.cat\/baixllobregat6\/wp-json\/wp\/v2\/posts\/3288\/revisions"}],"wp:attachment":[{"href":"https:\/\/serveiseducatius.xtec.cat\/baixllobregat6\/wp-json\/wp\/v2\/media?parent=3288"}],"wp:term":[{"taxonomy":"category","embeddable":true,"href":"https:\/\/serveiseducatius.xtec.cat\/baixllobregat6\/wp-json\/wp\/v2\/categories?post=3288"},{"taxonomy":"post_tag","embeddable":true,"href":"https:\/\/serveiseducatius.xtec.cat\/baixllobregat6\/wp-json\/wp\/v2\/tags?post=3288"}],"curies":[{"name":"wp","href":"https:\/\/api.w.org\/{rel}","templated":true}]}}