{"id":30789,"date":"2025-06-26T12:37:52","date_gmt":"2025-06-26T10:37:52","guid":{"rendered":"https:\/\/serveiseducatius.xtec.cat\/baixllobregat6\/?p=30789"},"modified":"2025-06-27T08:34:45","modified_gmt":"2025-06-27T06:34:45","slug":"ultim-plenari-de-la-xarxa-de-la-competencia-lectora-al-baix-llobregat","status":"publish","type":"post","link":"https:\/\/serveiseducatius.xtec.cat\/baixllobregat6\/politicaeducativa\/ultim-plenari-de-la-xarxa-de-la-competencia-lectora-al-baix-llobregat\/","title":{"rendered":"\u00daltim plenari de la Xarxa de la Compet\u00e8ncia Lectora al Baix Llobregat"},"content":{"rendered":"\n<p>El dimecres 25 de juny es va realitzar el 5\u00e8 i darrer plenari de la <a href=\"https:\/\/xtec.gencat.cat\/ca\/formacio\/formaciogeneralprofessorat\/llengues\/competencia-lectora\/xarxa-de-competencia-lectora\/\">Xarxa de Compet\u00e8ncia<\/a> Lectora al <a href=\"https:\/\/www.amb.cat\/web\/territori\/espai-public\/projectes-i-obres\/detall\/-\/projecte\/centre-cultural-i-civic-virginia-amposta\/12590712\/11656\">Centre Cultural i C\u00edvic Virg\u00ednia Amposta<\/a> de Sant Vicen\u00e7 dels Horts, tancant aix\u00ed el curs que s&#8217;havia iniciat el<a href=\"https:\/\/serveiseducatius.xtec.cat\/baixllobregat6\/se-baixllobregat6\/primer-plenari-de-la-xarxa-de-competencia-lectora-xcl\/\"> 25 d&#8217;octubre <\/a> en el mateix lloc. La XCL s&#8217;emmarca  dins el <a href=\"http:\/\/dins el Pla per a la Millora de la Compet\u00e8ncia Lectora\">Pla per a la Millora de la Compet\u00e8ncia Lectora<\/a> que es va presentar el mar\u00e7 del 2024 als centres del Baix Llobregat<\/p>\n\n\n\n<p>Els centres de la nostra demarcaci\u00f3 que hi participen s\u00f3n  <a href=\"https:\/\/escolanova.cat\/\">ESC Escola Nova<\/a>, <a href=\"https:\/\/agora.xtec.cat\/ceipjuncadella\/\">ESC Joan Juncadella<\/a>, <a href=\"https:\/\/agora.xtec.cat\/escolalaguardia\/\">ESC La Gu\u00e0rdia<\/a>, <a href=\"https:\/\/agora.xtec.cat\/ceiplavinyala\/\">ESC La Vinyala,<\/a> <a href=\"https:\/\/agora.xtec.cat\/ceip-santjordi-svhorts\/\">ESC Sant jordi<\/a>, <a href=\"https:\/\/agora.xtec.cat\/ceip-santjordi-svhorts\/\">ESC Sant jordi <\/a>i <a href=\"https:\/\/agora.xtec.cat\/escolasantamariacervello\/\">ESC Santa Maria de Cervell\u00f3<\/a>. Els agra\u00efm la seva implicaci\u00f3 i tota la feina realitzada al llarg del curs, dins dels equips impulsors i en les activitats d&#8217;aula implementades.<\/p>\n\n\n\n<figure class=\"wp-block-gallery aligncenter has-nested-images columns-default is-cropped wp-block-gallery-1 is-layout-flex wp-block-gallery-is-layout-flex\">\n<figure class=\"wp-block-image size-large\"><img loading=\"lazy\" decoding=\"async\" width=\"1024\" height=\"768\" data-id=\"30804\" src=\"https:\/\/serveiseducatius.xtec.cat\/baixllobregat6\/wp-content\/uploads\/usu778\/2025\/06\/WhatsApp-Image-2025-06-26-at-11.03.45-4-1024x768.jpeg\" alt=\"\" class=\"wp-image-30804\" srcset=\"https:\/\/serveiseducatius.xtec.cat\/baixllobregat6\/wp-content\/uploads\/usu778\/2025\/06\/WhatsApp-Image-2025-06-26-at-11.03.45-4-1024x768.jpeg 1024w, https:\/\/serveiseducatius.xtec.cat\/baixllobregat6\/wp-content\/uploads\/usu778\/2025\/06\/WhatsApp-Image-2025-06-26-at-11.03.45-4-520x390.jpeg 520w, https:\/\/serveiseducatius.xtec.cat\/baixllobregat6\/wp-content\/uploads\/usu778\/2025\/06\/WhatsApp-Image-2025-06-26-at-11.03.45-4-768x576.jpeg 768w, https:\/\/serveiseducatius.xtec.cat\/baixllobregat6\/wp-content\/uploads\/usu778\/2025\/06\/WhatsApp-Image-2025-06-26-at-11.03.45-4-1536x1152.jpeg 1536w, https:\/\/serveiseducatius.xtec.cat\/baixllobregat6\/wp-content\/uploads\/usu778\/2025\/06\/WhatsApp-Image-2025-06-26-at-11.03.45-4.jpeg 2048w\" sizes=\"auto, (max-width: 1024px) 100vw, 1024px\" \/><\/figure>\n\n\n\n<figure class=\"wp-block-image size-large\"><img loading=\"lazy\" decoding=\"async\" width=\"1024\" height=\"768\" data-id=\"30805\" src=\"https:\/\/serveiseducatius.xtec.cat\/baixllobregat6\/wp-content\/uploads\/usu778\/2025\/06\/WhatsApp-Image-2025-06-26-at-11.03.42-1-1024x768.jpeg\" alt=\"\" class=\"wp-image-30805\" srcset=\"https:\/\/serveiseducatius.xtec.cat\/baixllobregat6\/wp-content\/uploads\/usu778\/2025\/06\/WhatsApp-Image-2025-06-26-at-11.03.42-1-1024x768.jpeg 1024w, https:\/\/serveiseducatius.xtec.cat\/baixllobregat6\/wp-content\/uploads\/usu778\/2025\/06\/WhatsApp-Image-2025-06-26-at-11.03.42-1-520x390.jpeg 520w, https:\/\/serveiseducatius.xtec.cat\/baixllobregat6\/wp-content\/uploads\/usu778\/2025\/06\/WhatsApp-Image-2025-06-26-at-11.03.42-1-768x576.jpeg 768w, https:\/\/serveiseducatius.xtec.cat\/baixllobregat6\/wp-content\/uploads\/usu778\/2025\/06\/WhatsApp-Image-2025-06-26-at-11.03.42-1-1536x1152.jpeg 1536w, https:\/\/serveiseducatius.xtec.cat\/baixllobregat6\/wp-content\/uploads\/usu778\/2025\/06\/WhatsApp-Image-2025-06-26-at-11.03.42-1.jpeg 2048w\" sizes=\"auto, (max-width: 1024px) 100vw, 1024px\" \/><\/figure>\n\n\n\n<figure class=\"wp-block-image size-large\"><img loading=\"lazy\" decoding=\"async\" width=\"1024\" height=\"768\" data-id=\"30807\" src=\"https:\/\/serveiseducatius.xtec.cat\/baixllobregat6\/wp-content\/uploads\/usu778\/2025\/06\/WhatsApp-Image-2025-06-26-at-11.03.41-1-1024x768.jpeg\" alt=\"\" class=\"wp-image-30807\" srcset=\"https:\/\/serveiseducatius.xtec.cat\/baixllobregat6\/wp-content\/uploads\/usu778\/2025\/06\/WhatsApp-Image-2025-06-26-at-11.03.41-1-1024x768.jpeg 1024w, https:\/\/serveiseducatius.xtec.cat\/baixllobregat6\/wp-content\/uploads\/usu778\/2025\/06\/WhatsApp-Image-2025-06-26-at-11.03.41-1-520x390.jpeg 520w, https:\/\/serveiseducatius.xtec.cat\/baixllobregat6\/wp-content\/uploads\/usu778\/2025\/06\/WhatsApp-Image-2025-06-26-at-11.03.41-1-768x576.jpeg 768w, https:\/\/serveiseducatius.xtec.cat\/baixllobregat6\/wp-content\/uploads\/usu778\/2025\/06\/WhatsApp-Image-2025-06-26-at-11.03.41-1-1536x1152.jpeg 1536w, https:\/\/serveiseducatius.xtec.cat\/baixllobregat6\/wp-content\/uploads\/usu778\/2025\/06\/WhatsApp-Image-2025-06-26-at-11.03.41-1.jpeg 2048w\" sizes=\"auto, (max-width: 1024px) 100vw, 1024px\" \/><\/figure>\n<\/figure>\n\n\n\n<p>L&#8217;acte va ser inaugurat pel Director adjunt dels Serveis Territorials d&#8217;Educaci\u00f3 al Baix Llobregat, el Sr. Marco Berenguer, que va destacar el valor del treball compartit i l&#8217;aprenentatge entre iguals dins del marc del Pla per a la Millora de la Comprensi\u00f3 Lectora.<\/p>\n\n\n\n<p>Es va realitzar una taula rodona amb la participaci\u00f3 de quatre centres, entre els quals hi havia l&#8217;<a href=\"https:\/\/agora.xtec.cat\/escolasantamariacervello\/\">ESC Santa Maria de Cervell\u00f3<\/a>, i vam comptar amb la intervenci\u00f3 de la seva directora Sra. Andrea Amat, que va compartir l&#8217;organitzaci\u00f3 i la implementaci\u00f3 del programa al seu centre.<\/p>\n\n\n\n<p>Es va poder veure la presentaci\u00f3 de materials elaborats per les diferents escoles a trav\u00e9s d&#8217;una exposici\u00f3. A partir d&#8217;aqu\u00ed es van crear grups i es van fer unes din\u00e0miques de treball per tal d&#8217;analitzar les propostes presentades pels centres.<\/p>\n\n\n\n<p><\/p>\n\n\n\n<figure class=\"wp-block-gallery has-nested-images columns-default is-cropped wp-block-gallery-2 is-layout-flex wp-block-gallery-is-layout-flex\">\n<figure class=\"wp-block-image size-large\"><img loading=\"lazy\" decoding=\"async\" width=\"1024\" height=\"768\" data-id=\"30794\" src=\"https:\/\/serveiseducatius.xtec.cat\/baixllobregat6\/wp-content\/uploads\/usu778\/2025\/06\/WhatsApp-Image-2025-06-26-at-11.03.44-1024x768.jpeg\" alt=\"\" class=\"wp-image-30794\" srcset=\"https:\/\/serveiseducatius.xtec.cat\/baixllobregat6\/wp-content\/uploads\/usu778\/2025\/06\/WhatsApp-Image-2025-06-26-at-11.03.44-1024x768.jpeg 1024w, https:\/\/serveiseducatius.xtec.cat\/baixllobregat6\/wp-content\/uploads\/usu778\/2025\/06\/WhatsApp-Image-2025-06-26-at-11.03.44-520x390.jpeg 520w, https:\/\/serveiseducatius.xtec.cat\/baixllobregat6\/wp-content\/uploads\/usu778\/2025\/06\/WhatsApp-Image-2025-06-26-at-11.03.44-768x576.jpeg 768w, https:\/\/serveiseducatius.xtec.cat\/baixllobregat6\/wp-content\/uploads\/usu778\/2025\/06\/WhatsApp-Image-2025-06-26-at-11.03.44-1536x1152.jpeg 1536w, https:\/\/serveiseducatius.xtec.cat\/baixllobregat6\/wp-content\/uploads\/usu778\/2025\/06\/WhatsApp-Image-2025-06-26-at-11.03.44.jpeg 2048w\" sizes=\"auto, (max-width: 1024px) 100vw, 1024px\" \/><\/figure>\n\n\n\n<figure class=\"wp-block-image size-large\"><img loading=\"lazy\" decoding=\"async\" width=\"1024\" height=\"768\" data-id=\"30798\" src=\"https:\/\/serveiseducatius.xtec.cat\/baixllobregat6\/wp-content\/uploads\/usu778\/2025\/06\/WhatsApp-Image-2025-06-26-at-11.03.59-1-1024x768.jpeg\" alt=\"\" class=\"wp-image-30798\" srcset=\"https:\/\/serveiseducatius.xtec.cat\/baixllobregat6\/wp-content\/uploads\/usu778\/2025\/06\/WhatsApp-Image-2025-06-26-at-11.03.59-1-1024x768.jpeg 1024w, https:\/\/serveiseducatius.xtec.cat\/baixllobregat6\/wp-content\/uploads\/usu778\/2025\/06\/WhatsApp-Image-2025-06-26-at-11.03.59-1-520x390.jpeg 520w, https:\/\/serveiseducatius.xtec.cat\/baixllobregat6\/wp-content\/uploads\/usu778\/2025\/06\/WhatsApp-Image-2025-06-26-at-11.03.59-1-768x576.jpeg 768w, https:\/\/serveiseducatius.xtec.cat\/baixllobregat6\/wp-content\/uploads\/usu778\/2025\/06\/WhatsApp-Image-2025-06-26-at-11.03.59-1-1536x1152.jpeg 1536w, https:\/\/serveiseducatius.xtec.cat\/baixllobregat6\/wp-content\/uploads\/usu778\/2025\/06\/WhatsApp-Image-2025-06-26-at-11.03.59-1.jpeg 2048w\" sizes=\"auto, (max-width: 1024px) 100vw, 1024px\" \/><\/figure>\n\n\n\n<figure class=\"wp-block-image size-large\"><img loading=\"lazy\" decoding=\"async\" width=\"1024\" height=\"768\" data-id=\"30799\" src=\"https:\/\/serveiseducatius.xtec.cat\/baixllobregat6\/wp-content\/uploads\/usu778\/2025\/06\/WhatsApp-Image-2025-06-26-at-11.03.59-1024x768.jpeg\" alt=\"\" class=\"wp-image-30799\" srcset=\"https:\/\/serveiseducatius.xtec.cat\/baixllobregat6\/wp-content\/uploads\/usu778\/2025\/06\/WhatsApp-Image-2025-06-26-at-11.03.59-1024x768.jpeg 1024w, https:\/\/serveiseducatius.xtec.cat\/baixllobregat6\/wp-content\/uploads\/usu778\/2025\/06\/WhatsApp-Image-2025-06-26-at-11.03.59-520x390.jpeg 520w, https:\/\/serveiseducatius.xtec.cat\/baixllobregat6\/wp-content\/uploads\/usu778\/2025\/06\/WhatsApp-Image-2025-06-26-at-11.03.59-768x576.jpeg 768w, https:\/\/serveiseducatius.xtec.cat\/baixllobregat6\/wp-content\/uploads\/usu778\/2025\/06\/WhatsApp-Image-2025-06-26-at-11.03.59-1536x1152.jpeg 1536w, https:\/\/serveiseducatius.xtec.cat\/baixllobregat6\/wp-content\/uploads\/usu778\/2025\/06\/WhatsApp-Image-2025-06-26-at-11.03.59.jpeg 2048w\" sizes=\"auto, (max-width: 1024px) 100vw, 1024px\" \/><\/figure>\n<\/figure>\n\n\n\n<p>La jornada es va cloure amb la confer\u00e8ncia de la doctora en filologia catalana i catedr\u00e0tica de la Universitat Aut\u00f2noma de Barcelona, <a href=\"https:\/\/portalrecerca.uab.cat\/ca\/persons\/montserrat-vil%C3%A0-santasusana-6\">Montserrat Vil\u00e0<\/a><\/p>\n\n\n\n<figure class=\"wp-block-image size-large\"><img loading=\"lazy\" decoding=\"async\" width=\"1024\" height=\"575\" src=\"https:\/\/serveiseducatius.xtec.cat\/baixllobregat6\/wp-content\/uploads\/usu778\/2025\/06\/Captura-de-pantalla-2025-06-26-110054-1024x575.png\" alt=\"\" class=\"wp-image-30790\" srcset=\"https:\/\/serveiseducatius.xtec.cat\/baixllobregat6\/wp-content\/uploads\/usu778\/2025\/06\/Captura-de-pantalla-2025-06-26-110054-1024x575.png 1024w, https:\/\/serveiseducatius.xtec.cat\/baixllobregat6\/wp-content\/uploads\/usu778\/2025\/06\/Captura-de-pantalla-2025-06-26-110054-520x292.png 520w, https:\/\/serveiseducatius.xtec.cat\/baixllobregat6\/wp-content\/uploads\/usu778\/2025\/06\/Captura-de-pantalla-2025-06-26-110054-768x431.png 768w, https:\/\/serveiseducatius.xtec.cat\/baixllobregat6\/wp-content\/uploads\/usu778\/2025\/06\/Captura-de-pantalla-2025-06-26-110054.png 1182w\" sizes=\"auto, (max-width: 1024px) 100vw, 1024px\" \/><\/figure>\n","protected":false},"excerpt":{"rendered":"<p>El dimecres 25 de juny es va realitzar el 5\u00e8 i darrer plenari de la Xarxa de Compet\u00e8ncia Lectora al Centre Cultural i C\u00edvic Virg\u00ednia Amposta de Sant Vicen\u00e7 dels Horts, tancant aix\u00ed el curs que s&#8217;havia iniciat el 25 d&#8217;octubre en el mateix lloc. La XCL s&#8217;emmarca dins el Pla per a la Millora [&hellip;]<\/p>\n","protected":false},"author":1,"featured_media":30807,"comment_status":"closed","ping_status":"open","sticky":false,"template":"","format":"standard","meta":{"_bbp_topic_count":0,"_bbp_reply_count":0,"_bbp_total_topic_count":0,"_bbp_total_reply_count":0,"_bbp_voice_count":0,"_bbp_anonymous_reply_count":0,"_bbp_topic_count_hidden":0,"_bbp_reply_count_hidden":0,"_bbp_forum_subforum_count":0,"site-sidebar-layout":"default","site-content-layout":"","ast-site-content-layout":"default","site-content-style":"default","site-sidebar-style":"default","ast-global-header-display":"","ast-banner-title-visibility":"","ast-main-header-display":"","ast-hfb-above-header-display":"","ast-hfb-below-header-display":"","ast-hfb-mobile-header-display":"","site-post-title":"","ast-breadcrumbs-content":"","ast-featured-img":"","footer-sml-layout":"","theme-transparent-header-meta":"","adv-header-id-meta":"","stick-header-meta":"","header-above-stick-meta":"","header-main-stick-meta":"","header-below-stick-meta":"","astra-migrate-meta-layouts":"set","ast-page-background-enabled":"default","ast-page-background-meta":{"desktop":{"background-color":"var(--ast-global-color-4)","background-image":"","background-repeat":"repeat","background-position":"center center","background-size":"auto","background-attachment":"scroll","background-type":"","background-media":"","overlay-type":"","overlay-color":"","overlay-opacity":"","overlay-gradient":""},"tablet":{"background-color":"","background-image":"","background-repeat":"repeat","background-position":"center center","background-size":"auto","background-attachment":"scroll","background-type":"","background-media":"","overlay-type":"","overlay-color":"","overlay-opacity":"","overlay-gradient":""},"mobile":{"background-color":"","background-image":"","background-repeat":"repeat","background-position":"center center","background-size":"auto","background-attachment":"scroll","background-type":"","background-media":"","overlay-type":"","overlay-color":"","overlay-opacity":"","overlay-gradient":""}},"ast-content-background-meta":{"desktop":{"background-color":"var(--ast-global-color-5)","background-image":"","background-repeat":"repeat","background-position":"center center","background-size":"auto","background-attachment":"scroll","background-type":"","background-media":"","overlay-type":"","overlay-color":"","overlay-opacity":"","overlay-gradient":""},"tablet":{"background-color":"var(--ast-global-color-5)","background-image":"","background-repeat":"repeat","background-position":"center center","background-size":"auto","background-attachment":"scroll","background-type":"","background-media":"","overlay-type":"","overlay-color":"","overlay-opacity":"","overlay-gradient":""},"mobile":{"background-color":"var(--ast-global-color-5)","background-image":"","background-repeat":"repeat","background-position":"center center","background-size":"auto","background-attachment":"scroll","background-type":"","background-media":"","overlay-type":"","overlay-color":"","overlay-opacity":"","overlay-gradient":""}},"footnotes":""},"categories":[1036,162,64,2980,1,29,2982],"tags":[],"class_list":["post-30789","post","type-post","status-publish","format-standard","has-post-thumbnail","hentry","category-activitat-dels-centres","category-actualitat","category-comunitat","category-departament-educacio","category-politicaeducativa","category-se-baixllobregat6","category-xcl"],"post_mailing_queue_ids":[],"_links":{"self":[{"href":"https:\/\/serveiseducatius.xtec.cat\/baixllobregat6\/wp-json\/wp\/v2\/posts\/30789","targetHints":{"allow":["GET"]}}],"collection":[{"href":"https:\/\/serveiseducatius.xtec.cat\/baixllobregat6\/wp-json\/wp\/v2\/posts"}],"about":[{"href":"https:\/\/serveiseducatius.xtec.cat\/baixllobregat6\/wp-json\/wp\/v2\/types\/post"}],"author":[{"embeddable":true,"href":"https:\/\/serveiseducatius.xtec.cat\/baixllobregat6\/wp-json\/wp\/v2\/users\/1"}],"replies":[{"embeddable":true,"href":"https:\/\/serveiseducatius.xtec.cat\/baixllobregat6\/wp-json\/wp\/v2\/comments?post=30789"}],"version-history":[{"count":1,"href":"https:\/\/serveiseducatius.xtec.cat\/baixllobregat6\/wp-json\/wp\/v2\/posts\/30789\/revisions"}],"predecessor-version":[{"id":30808,"href":"https:\/\/serveiseducatius.xtec.cat\/baixllobregat6\/wp-json\/wp\/v2\/posts\/30789\/revisions\/30808"}],"wp:featuredmedia":[{"embeddable":true,"href":"https:\/\/serveiseducatius.xtec.cat\/baixllobregat6\/wp-json\/wp\/v2\/media\/30807"}],"wp:attachment":[{"href":"https:\/\/serveiseducatius.xtec.cat\/baixllobregat6\/wp-json\/wp\/v2\/media?parent=30789"}],"wp:term":[{"taxonomy":"category","embeddable":true,"href":"https:\/\/serveiseducatius.xtec.cat\/baixllobregat6\/wp-json\/wp\/v2\/categories?post=30789"},{"taxonomy":"post_tag","embeddable":true,"href":"https:\/\/serveiseducatius.xtec.cat\/baixllobregat6\/wp-json\/wp\/v2\/tags?post=30789"}],"curies":[{"name":"wp","href":"https:\/\/api.w.org\/{rel}","templated":true}]}}