{"id":30149,"date":"2025-05-27T08:48:45","date_gmt":"2025-05-27T06:48:45","guid":{"rendered":"https:\/\/serveiseducatius.xtec.cat\/baixllobregat6\/?p=30149"},"modified":"2025-06-19T11:32:52","modified_gmt":"2025-06-19T09:32:52","slug":"fira-faig-29-de-maig","status":"publish","type":"post","link":"https:\/\/serveiseducatius.xtec.cat\/baixllobregat6\/se-baixllobregat6\/fira-faig-29-de-maig\/","title":{"rendered":"Fira FAIG 29 de maig"},"content":{"rendered":"\n<p>El&nbsp;<strong>29 de maig a l\u2019<a href=\"https:\/\/maps.app.goo.gl\/kyLezsh8h7t4b1L97\" target=\"_blank\" rel=\"noreferrer noopener\">Onlab&nbsp;<\/a>de Castelldefels<\/strong>, de les 10:00 a les 13:00h, se celebrar\u00e0 la&nbsp;<strong>fira de projectes FAIG 2025<\/strong>&nbsp;on l\u2019alumnat de la zona seran els protagonistes.<\/p>\n\n\n\n<div class=\"wp-block-columns is-layout-flex wp-container-core-columns-is-layout-1 wp-block-columns-is-layout-flex\">\n<div class=\"wp-block-column is-layout-flow wp-block-column-is-layout-flow\">\n<figure class=\"wp-block-image size-full\"><img loading=\"lazy\" decoding=\"async\" width=\"596\" height=\"853\" src=\"https:\/\/serveiseducatius.xtec.cat\/baixllobregat6\/wp-content\/uploads\/usu778\/2025\/05\/firafaig.png\" alt=\"\" class=\"wp-image-30151\" srcset=\"https:\/\/serveiseducatius.xtec.cat\/baixllobregat6\/wp-content\/uploads\/usu778\/2025\/05\/firafaig.png 596w, https:\/\/serveiseducatius.xtec.cat\/baixllobregat6\/wp-content\/uploads\/usu778\/2025\/05\/firafaig-363x520.png 363w\" sizes=\"auto, (max-width: 596px) 100vw, 596px\" \/><\/figure>\n<\/div>\n\n\n\n<div class=\"wp-block-column is-layout-flow wp-block-column-is-layout-flow\">\n<p>En aquesta&nbsp;fira, organitzada per les guies, equips motor i t\u00e8cniques de CRP participants del programa&nbsp;<strong><em><a href=\"https:\/\/serveiseducatius.xtec.cat\/cesire\/faig-fent-per-aprendre-imaginant-globalment\/\" target=\"_blank\" rel=\"noreferrer noopener\">Fent per Aprendre Imaginant Globalment (FAIG)<\/a><\/em><\/strong>, amb el suport del CESIRE del Departament d\u2019Educaci\u00f3 i Formaci\u00f3 Professional, hi haur\u00e0 representaci\u00f3 de tots i cadascun dels&nbsp; centres participants en el programa.<\/p>\n\n\n\n<p>Tanmateix, tamb\u00e9 hi haur\u00e0 representants institucionals dels diferents serveis territorials, ajuntaments, universitats i agents col\u00b7laboradors locals.<\/p>\n\n\n\n<p>L\u2019alumnat representant de cada centre educatiu, exhibir\u00e0 un dels projectes d\u2019aprenentatge amb sentit que estan duent a terme enguany. L\u2019objectiu \u00e9s que infants i joves relatin el proc\u00e9s d\u2019aprenentatge que hi ha darrere del projecte que estan realitzant, tot presentant els prototips de les seves obres o productes finals per tal de rebre una retroacci\u00f3 amable i \u00fatil que els permeti seguir avan\u00e7ant i aprenent.&nbsp;<\/p>\n<\/div>\n<\/div>\n\n\n\n<p>De la nostra zona ser\u00e0 l<strong>&#8216;<a href=\"https:\/\/agora.xtec.cat\/iesvalldarus\/\" target=\"_blank\" rel=\"noreferrer noopener\">INS Vall d&#8217;Ar\u00fas<\/a><\/strong> de Vallirana qui presentar\u00e0 el seu projecte.<\/p>\n\n\n\n<p>El prop\u00f2sit de la&nbsp;Fira&nbsp;de Projectes FAIG \u00e9s, per una banda, recon\u00e8ixer el sentit i la profunditat de l\u2019aprenentatge per projectes vinculat a la necessitat de donar respostes creatives i innovadores que tinguin impacte en les comunitats i, per una altra, mostrar la feina qualitat que estan realitzant els alumnes i els docents participants.<\/p>\n","protected":false},"excerpt":{"rendered":"<p>El&nbsp;29 de maig a l\u2019Onlab&nbsp;de Castelldefels, de les 10:00 a les 13:00h, se celebrar\u00e0 la&nbsp;fira de projectes FAIG 2025&nbsp;on l\u2019alumnat de la zona seran els protagonistes. En aquesta&nbsp;fira, organitzada per les guies, equips motor i t\u00e8cniques de CRP participants del programa&nbsp;Fent per Aprendre Imaginant Globalment (FAIG), amb el suport del CESIRE del Departament d\u2019Educaci\u00f3 i [&hellip;]<\/p>\n","protected":false},"author":1,"featured_media":30151,"comment_status":"closed","ping_status":"open","sticky":false,"template":"","format":"standard","meta":{"_bbp_topic_count":0,"_bbp_reply_count":0,"_bbp_total_topic_count":0,"_bbp_total_reply_count":0,"_bbp_voice_count":0,"_bbp_anonymous_reply_count":0,"_bbp_topic_count_hidden":0,"_bbp_reply_count_hidden":0,"_bbp_forum_subforum_count":0,"site-sidebar-layout":"default","site-content-layout":"","ast-site-content-layout":"default","site-content-style":"default","site-sidebar-style":"default","ast-global-header-display":"","ast-banner-title-visibility":"","ast-main-header-display":"","ast-hfb-above-header-display":"","ast-hfb-below-header-display":"","ast-hfb-mobile-header-display":"","site-post-title":"","ast-breadcrumbs-content":"","ast-featured-img":"","footer-sml-layout":"","theme-transparent-header-meta":"","adv-header-id-meta":"","stick-header-meta":"","header-above-stick-meta":"","header-main-stick-meta":"","header-below-stick-meta":"","astra-migrate-meta-layouts":"set","ast-page-background-enabled":"default","ast-page-background-meta":{"desktop":{"background-color":"var(--ast-global-color-4)","background-image":"","background-repeat":"repeat","background-position":"center center","background-size":"auto","background-attachment":"scroll","background-type":"","background-media":"","overlay-type":"","overlay-color":"","overlay-opacity":"","overlay-gradient":""},"tablet":{"background-color":"","background-image":"","background-repeat":"repeat","background-position":"center center","background-size":"auto","background-attachment":"scroll","background-type":"","background-media":"","overlay-type":"","overlay-color":"","overlay-opacity":"","overlay-gradient":""},"mobile":{"background-color":"","background-image":"","background-repeat":"repeat","background-position":"center center","background-size":"auto","background-attachment":"scroll","background-type":"","background-media":"","overlay-type":"","overlay-color":"","overlay-opacity":"","overlay-gradient":""}},"ast-content-background-meta":{"desktop":{"background-color":"var(--ast-global-color-5)","background-image":"","background-repeat":"repeat","background-position":"center center","background-size":"auto","background-attachment":"scroll","background-type":"","background-media":"","overlay-type":"","overlay-color":"","overlay-opacity":"","overlay-gradient":""},"tablet":{"background-color":"var(--ast-global-color-5)","background-image":"","background-repeat":"repeat","background-position":"center center","background-size":"auto","background-attachment":"scroll","background-type":"","background-media":"","overlay-type":"","overlay-color":"","overlay-opacity":"","overlay-gradient":""},"mobile":{"background-color":"var(--ast-global-color-5)","background-image":"","background-repeat":"repeat","background-position":"center center","background-size":"auto","background-attachment":"scroll","background-type":"","background-media":"","overlay-type":"","overlay-color":"","overlay-opacity":"","overlay-gradient":""}},"footnotes":""},"categories":[2913,3019,29],"tags":[2938,638],"class_list":["post-30149","post","type-post","status-publish","format-standard","has-post-thumbnail","hentry","category-ciencia","category-cultura-digital","category-se-baixllobregat6","tag-faig","tag-ins-vall-darus"],"post_mailing_queue_ids":[],"_links":{"self":[{"href":"https:\/\/serveiseducatius.xtec.cat\/baixllobregat6\/wp-json\/wp\/v2\/posts\/30149","targetHints":{"allow":["GET"]}}],"collection":[{"href":"https:\/\/serveiseducatius.xtec.cat\/baixllobregat6\/wp-json\/wp\/v2\/posts"}],"about":[{"href":"https:\/\/serveiseducatius.xtec.cat\/baixllobregat6\/wp-json\/wp\/v2\/types\/post"}],"author":[{"embeddable":true,"href":"https:\/\/serveiseducatius.xtec.cat\/baixllobregat6\/wp-json\/wp\/v2\/users\/1"}],"replies":[{"embeddable":true,"href":"https:\/\/serveiseducatius.xtec.cat\/baixllobregat6\/wp-json\/wp\/v2\/comments?post=30149"}],"version-history":[{"count":5,"href":"https:\/\/serveiseducatius.xtec.cat\/baixllobregat6\/wp-json\/wp\/v2\/posts\/30149\/revisions"}],"predecessor-version":[{"id":30379,"href":"https:\/\/serveiseducatius.xtec.cat\/baixllobregat6\/wp-json\/wp\/v2\/posts\/30149\/revisions\/30379"}],"wp:featuredmedia":[{"embeddable":true,"href":"https:\/\/serveiseducatius.xtec.cat\/baixllobregat6\/wp-json\/wp\/v2\/media\/30151"}],"wp:attachment":[{"href":"https:\/\/serveiseducatius.xtec.cat\/baixllobregat6\/wp-json\/wp\/v2\/media?parent=30149"}],"wp:term":[{"taxonomy":"category","embeddable":true,"href":"https:\/\/serveiseducatius.xtec.cat\/baixllobregat6\/wp-json\/wp\/v2\/categories?post=30149"},{"taxonomy":"post_tag","embeddable":true,"href":"https:\/\/serveiseducatius.xtec.cat\/baixllobregat6\/wp-json\/wp\/v2\/tags?post=30149"}],"curies":[{"name":"wp","href":"https:\/\/api.w.org\/{rel}","templated":true}]}}