{"id":2966,"date":"2012-05-08T19:55:20","date_gmt":"2012-05-08T18:55:20","guid":{"rendered":"http:\/\/www.reporteducacio.cat\/?p=2966"},"modified":"2015-12-24T08:17:53","modified_gmt":"2015-12-24T07:17:53","slug":"la-plataforma-per-la-llengua-i-somescola-cat-desfan-topics-sobre-lensenyament-en-catala-en-11-punts","status":"publish","type":"post","link":"https:\/\/serveiseducatius.xtec.cat\/baixllobregat6\/actualitat\/la-plataforma-per-la-llengua-i-somescola-cat-desfan-topics-sobre-lensenyament-en-catala-en-11-punts\/","title":{"rendered":"La Plataforma per la Llengua i SomEscola.cat desfan t\u00f2pics sobre l&#8217;ensenyament en catal\u00e0 en 11 punts"},"content":{"rendered":"<p><a href=\"http:\/\/serveiseducatius.xtec.cat\/se-baixllobregat6\/wp-content\/uploads\/usu778\/2012\/05\/argumentari1.jpg\"><img loading=\"lazy\" decoding=\"async\" class=\"alignleft  wp-image-2970\" title=\"argumentari1\" src=\"http:\/\/serveiseducatius.xtec.cat\/se-baixllobregat6\/wp-content\/uploads\/usu778\/2012\/05\/argumentari1.jpg\" alt=\"\" width=\"311\" height=\"168\" srcset=\"https:\/\/serveiseducatius.xtec.cat\/baixllobregat6\/wp-content\/uploads\/usu778\/2012\/05\/argumentari1.jpg 518w, https:\/\/serveiseducatius.xtec.cat\/baixllobregat6\/wp-content\/uploads\/usu778\/2012\/05\/argumentari1-300x162.jpg 300w\" sizes=\"auto, (max-width: 311px) 100vw, 311px\" \/><\/a>L\u2019escola catalana \u00e9s aquella que respon amb profunditat a les necessitats culturals i socials del nostre pa\u00eds, exerceix l\u2019educaci\u00f3 conscient i renovadora i s\u2019emmarca en la catalanitat en llengua i continguts i en la qualitat i la modernitat i ha de tenir com a un dels seus objectius <!--more-->principals l\u2019excel\u00b7l\u00e8ncia i l\u2019equitat. Per dur a terme aquest tipus d\u2019escola amb \u00e8xit cal un pacte institucional com m\u00e9s ampli millor entre el govern, el professorat, els pares i les mares, l\u2019entorn socioecon\u00f2mic i el cultural.<\/p>\n<p>El proc\u00e9s de reconvertir l\u2019escola de la dictadura franquista en escola catalana en llengua i continguts ha estat reconegut com un proc\u00e9s mod\u00e8lic en el qual es va implicar la societat catalana, en general, i l\u2019estament educatiu, en particular. Cal recon\u00e8ixer en aquest moment l\u2019aportaci\u00f3 decisiva de tots els mestres i professorat aut\u00f2cton, per\u00f2 molt particularment valorar l\u2019esfor\u00e7 de tots aquells mestres i professors no catalanoparlants que havien exercit la professi\u00f3 d\u2019ensenyants practicant la doc\u00e8ncia amb el castell\u00e0 com a llengua vehicular i \u00fanica i que van optar per canviar la llengua de les classes, conven\u00e7uts que aquesta era la via per retornar al catal\u00e0 el lloc que li corresponia com a llengua pr\u00f2pia de Catalunya.<br \/>\nCal fer \u00e8mfasi, tamb\u00e9, en la voluntat de mestres, pares i societat en general per fer possible una escola renovadora des del punt de vista pedag\u00f2gic, que cohesion\u00e9s l\u2019alumnat sense tenir en compte la llengua que es parlava a casa i que el prepar\u00e9s per ser competent en el m\u00f3n laboral fent possible la igualtat d\u2019oportunitats i que contribu\u00eds a fer sentir tothom com una part important d\u2019una mateixa societat, sense exclusions.<br \/>\nCal valorar la tasca feta per l\u2019associacionisme educatiu que s\u2019expressa i viu en<br \/>\nllengua catalana i que representa un actiu molt important a l\u2019hora de passar del<br \/>\nconeixement a l\u2019\u00fas de la llengua catalana. \u00c9s precisament en les activitats de<br \/>\nlleure quan la llengua es converteix en un mitj\u00e0 de comunicaci\u00f3 viu i es fa atractiva per als infants i els joves.<br \/>\nEl nostre sistema educatiu, avui, \u00e9s continuador de tot aquest proc\u00e9s que, sempre que s\u2019ha aplicat correctament, ha donat molt bons resultats i no s\u2019ha de canviar per cap decisi\u00f3 pol\u00edtica forana que no t\u00e9 cap argument pedag\u00f2gic ni social ni cultural per posar en dubte la qualitat del sistema, qualitat que ve avalada sobradament pels resultats obtinguts i pel reconeixement d\u2019experts reconeguts mundialment.<\/p>\n<p>Aquest \u00e9s el pre\u00e0mbul de l&#8217;argumentari que ha elaborat la Plataforma per la Llengua d&#8217;acord amb les entitats que formen el moviment www.somescola.cat amb la finalitat d&#8217;anorrear tots els t\u00f2pics i atacs que intenten esbiaixar un model educatiu d&#8217;\u00e8xit i desfer la cohesi\u00f3 nacional i ling\u00fc\u00edstica de la nostra societat.<\/p>\n<p>|<a title=\"ARGUMENTARI\" href=\"https:\/\/www.plataforma-llengua.cat\/media\/assets\/2482\/argumentari_escola_catalana.pdf\" target=\"_blank\">ACC\u00c9S A L&#8217;ARGUMENTARI<\/a>|<\/p>\n","protected":false},"excerpt":{"rendered":"<p>L\u2019escola catalana \u00e9s aquella que respon amb profunditat a les necessitats culturals i socials del nostre pa\u00eds, exerceix l\u2019educaci\u00f3 conscient i renovadora i s\u2019emmarca en la catalanitat en llengua i continguts i en la qualitat i la modernitat i ha de tenir com a un dels seus objectius<\/p>\n","protected":false},"author":1,"featured_media":0,"comment_status":"open","ping_status":"open","sticky":false,"template":"","format":"standard","meta":{"_bbp_topic_count":0,"_bbp_reply_count":0,"_bbp_total_topic_count":0,"_bbp_total_reply_count":0,"_bbp_voice_count":0,"_bbp_anonymous_reply_count":0,"_bbp_topic_count_hidden":0,"_bbp_reply_count_hidden":0,"_bbp_forum_subforum_count":0,"site-sidebar-layout":"default","site-content-layout":"","ast-site-content-layout":"","site-content-style":"default","site-sidebar-style":"default","ast-global-header-display":"","ast-banner-title-visibility":"","ast-main-header-display":"","ast-hfb-above-header-display":"","ast-hfb-below-header-display":"","ast-hfb-mobile-header-display":"","site-post-title":"","ast-breadcrumbs-content":"","ast-featured-img":"","footer-sml-layout":"","theme-transparent-header-meta":"","adv-header-id-meta":"","stick-header-meta":"","header-above-stick-meta":"","header-main-stick-meta":"","header-below-stick-meta":"","astra-migrate-meta-layouts":"default","ast-page-background-enabled":"default","ast-page-background-meta":{"desktop":{"background-color":"var(--ast-global-color-4)","background-image":"","background-repeat":"repeat","background-position":"center center","background-size":"auto","background-attachment":"scroll","background-type":"","background-media":"","overlay-type":"","overlay-color":"","overlay-opacity":"","overlay-gradient":""},"tablet":{"background-color":"","background-image":"","background-repeat":"repeat","background-position":"center center","background-size":"auto","background-attachment":"scroll","background-type":"","background-media":"","overlay-type":"","overlay-color":"","overlay-opacity":"","overlay-gradient":""},"mobile":{"background-color":"","background-image":"","background-repeat":"repeat","background-position":"center center","background-size":"auto","background-attachment":"scroll","background-type":"","background-media":"","overlay-type":"","overlay-color":"","overlay-opacity":"","overlay-gradient":""}},"ast-content-background-meta":{"desktop":{"background-color":"var(--ast-global-color-5)","background-image":"","background-repeat":"repeat","background-position":"center center","background-size":"auto","background-attachment":"scroll","background-type":"","background-media":"","overlay-type":"","overlay-color":"","overlay-opacity":"","overlay-gradient":""},"tablet":{"background-color":"var(--ast-global-color-5)","background-image":"","background-repeat":"repeat","background-position":"center center","background-size":"auto","background-attachment":"scroll","background-type":"","background-media":"","overlay-type":"","overlay-color":"","overlay-opacity":"","overlay-gradient":""},"mobile":{"background-color":"var(--ast-global-color-5)","background-image":"","background-repeat":"repeat","background-position":"center center","background-size":"auto","background-attachment":"scroll","background-type":"","background-media":"","overlay-type":"","overlay-color":"","overlay-opacity":"","overlay-gradient":""}},"footnotes":""},"categories":[162],"tags":[614,700,703,826,941],"class_list":["post-2966","post","type-post","status-publish","format-standard","hentry","category-actualitat","tag-immersio-linguistica","tag-llengua","tag-llengua-catalana","tag-plataforma-per-la-llengua","tag-som-escola"],"post_mailing_queue_ids":[],"_links":{"self":[{"href":"https:\/\/serveiseducatius.xtec.cat\/baixllobregat6\/wp-json\/wp\/v2\/posts\/2966","targetHints":{"allow":["GET"]}}],"collection":[{"href":"https:\/\/serveiseducatius.xtec.cat\/baixllobregat6\/wp-json\/wp\/v2\/posts"}],"about":[{"href":"https:\/\/serveiseducatius.xtec.cat\/baixllobregat6\/wp-json\/wp\/v2\/types\/post"}],"author":[{"embeddable":true,"href":"https:\/\/serveiseducatius.xtec.cat\/baixllobregat6\/wp-json\/wp\/v2\/users\/1"}],"replies":[{"embeddable":true,"href":"https:\/\/serveiseducatius.xtec.cat\/baixllobregat6\/wp-json\/wp\/v2\/comments?post=2966"}],"version-history":[{"count":1,"href":"https:\/\/serveiseducatius.xtec.cat\/baixllobregat6\/wp-json\/wp\/v2\/posts\/2966\/revisions"}],"predecessor-version":[{"id":6206,"href":"https:\/\/serveiseducatius.xtec.cat\/baixllobregat6\/wp-json\/wp\/v2\/posts\/2966\/revisions\/6206"}],"wp:attachment":[{"href":"https:\/\/serveiseducatius.xtec.cat\/baixllobregat6\/wp-json\/wp\/v2\/media?parent=2966"}],"wp:term":[{"taxonomy":"category","embeddable":true,"href":"https:\/\/serveiseducatius.xtec.cat\/baixllobregat6\/wp-json\/wp\/v2\/categories?post=2966"},{"taxonomy":"post_tag","embeddable":true,"href":"https:\/\/serveiseducatius.xtec.cat\/baixllobregat6\/wp-json\/wp\/v2\/tags?post=2966"}],"curies":[{"name":"wp","href":"https:\/\/api.w.org\/{rel}","templated":true}]}}