{"id":2893,"date":"2012-04-11T11:44:59","date_gmt":"2012-04-11T11:44:59","guid":{"rendered":"http:\/\/www.reporteducacio.cat\/?p=2893"},"modified":"2012-04-11T11:44:59","modified_gmt":"2012-04-11T11:44:59","slug":"pacte-per-a-la-infancia-a-catalunya","status":"publish","type":"post","link":"https:\/\/serveiseducatius.xtec.cat\/baixllobregat6\/actualitat\/pacte-per-a-la-infancia-a-catalunya\/","title":{"rendered":"Pacte per a la Inf\u00e0ncia a Catalunya"},"content":{"rendered":"<p><a href=\"http:\/\/serveiseducatius.xtec.cat\/se-baixllobregat6\/wp-content\/uploads\/usu778\/2012\/04\/pacteinfancia.jpg\"><img loading=\"lazy\" decoding=\"async\" class=\"alignleft  wp-image-2894\" title=\"pacteinfancia\" src=\"http:\/\/serveiseducatius.xtec.cat\/se-baixllobregat6\/wp-content\/uploads\/usu778\/2012\/04\/pacteinfancia.jpg\" alt=\"\" width=\"312\" height=\"159\" srcset=\"https:\/\/serveiseducatius.xtec.cat\/baixllobregat6\/wp-content\/uploads\/usu778\/2012\/04\/pacteinfancia.jpg 520w, https:\/\/serveiseducatius.xtec.cat\/baixllobregat6\/wp-content\/uploads\/usu778\/2012\/04\/pacteinfancia-300x153.jpg 300w\" sizes=\"auto, (max-width: 312px) 100vw, 312px\" \/><\/a>El Pacte per a la Inf\u00e0ncia a Catalunya, impulsat pel Departament de Benestar Social i Fam\u00edlia ha d&#8217;estar orientat a impulsar pol\u00edtiques integrals que tinguin en compte la perspectiva dels nens i les nenes, que permetin prioritzar les pol\u00edtiques adre\u00e7ades a aquests petits ciutadans i ciutadanes i facilitin nous espais per a la construcci\u00f3 del seu futur. Ha de significar un salt qualitatiu en les pol\u00edtiques d&#8217;inf\u00e0ncia, un projecte ambici\u00f3s que no nom\u00e9s ha de donar eines per a protegir i atendre a aquest col\u00b7lectiu en situaci\u00f3 de risc o desemparament sin\u00f3 tamb\u00e9, ha de incloure mesures de prevenci\u00f3, fomentar la participaci\u00f3 i promocionar els drets, deures i oportunitats dels infants i adolescents.<\/p>\n<p>Per elaborar el Pacte per a la Inf\u00e0ncia a Catalunya \u00e9s important l\u2019opini\u00f3 i la participaci\u00f3 dels infants i dels adolescents.\u00a0\u00a0Per aquest motiu, s\u2019ha dissenyat un espai web on se\u2019ls convida a con\u00e8ixer, informar-se i reflexionar a trav\u00e9s del\u00a0i <strong>Joc del Pacte<\/strong> i\u00a0donar la seva opini\u00f3 sobre aquells aspectes que consideren que s\u2019han de tenir en compte alhora d\u2019elaborar-ho. La web est\u00e0 operativa\u00a0<strong>fins el 20 d\u2019abril.<\/strong><\/p>\n<p><a href=\"http:\/\/jocpacteinfancia.gencat.cat\/\" target=\"_blank\"><strong>| Acc\u00e9s al Joc del Pacte |<\/strong><\/a><\/p>\n","protected":false},"excerpt":{"rendered":"<p>El Pacte per a la Inf\u00e0ncia a Catalunya, impulsat pel Departament de Benestar Social i Fam\u00edlia ha d&#8217;estar orientat a impulsar pol\u00edtiques integrals que tinguin en compte la perspectiva dels nens i les nenes, que permetin prioritzar les pol\u00edtiques adre\u00e7ades a aquests petits ciutadans i ciutadanes i facilitin nous espais per a la construcci\u00f3 del [&hellip;]<\/p>\n","protected":false},"author":1,"featured_media":0,"comment_status":"open","ping_status":"open","sticky":false,"template":"","format":"standard","meta":{"_bbp_topic_count":0,"_bbp_reply_count":0,"_bbp_total_topic_count":0,"_bbp_total_reply_count":0,"_bbp_voice_count":0,"_bbp_anonymous_reply_count":0,"_bbp_topic_count_hidden":0,"_bbp_reply_count_hidden":0,"_bbp_forum_subforum_count":0,"site-sidebar-layout":"default","site-content-layout":"","ast-site-content-layout":"","site-content-style":"default","site-sidebar-style":"default","ast-global-header-display":"","ast-banner-title-visibility":"","ast-main-header-display":"","ast-hfb-above-header-display":"","ast-hfb-below-header-display":"","ast-hfb-mobile-header-display":"","site-post-title":"","ast-breadcrumbs-content":"","ast-featured-img":"","footer-sml-layout":"","theme-transparent-header-meta":"","adv-header-id-meta":"","stick-header-meta":"","header-above-stick-meta":"","header-main-stick-meta":"","header-below-stick-meta":"","astra-migrate-meta-layouts":"default","ast-page-background-enabled":"default","ast-page-background-meta":{"desktop":{"background-color":"var(--ast-global-color-4)","background-image":"","background-repeat":"repeat","background-position":"center center","background-size":"auto","background-attachment":"scroll","background-type":"","background-media":"","overlay-type":"","overlay-color":"","overlay-opacity":"","overlay-gradient":""},"tablet":{"background-color":"","background-image":"","background-repeat":"repeat","background-position":"center center","background-size":"auto","background-attachment":"scroll","background-type":"","background-media":"","overlay-type":"","overlay-color":"","overlay-opacity":"","overlay-gradient":""},"mobile":{"background-color":"","background-image":"","background-repeat":"repeat","background-position":"center center","background-size":"auto","background-attachment":"scroll","background-type":"","background-media":"","overlay-type":"","overlay-color":"","overlay-opacity":"","overlay-gradient":""}},"ast-content-background-meta":{"desktop":{"background-color":"var(--ast-global-color-5)","background-image":"","background-repeat":"repeat","background-position":"center center","background-size":"auto","background-attachment":"scroll","background-type":"","background-media":"","overlay-type":"","overlay-color":"","overlay-opacity":"","overlay-gradient":""},"tablet":{"background-color":"var(--ast-global-color-5)","background-image":"","background-repeat":"repeat","background-position":"center center","background-size":"auto","background-attachment":"scroll","background-type":"","background-media":"","overlay-type":"","overlay-color":"","overlay-opacity":"","overlay-gradient":""},"mobile":{"background-color":"var(--ast-global-color-5)","background-image":"","background-repeat":"repeat","background-position":"center center","background-size":"auto","background-attachment":"scroll","background-type":"","background-media":"","overlay-type":"","overlay-color":"","overlay-opacity":"","overlay-gradient":""}},"footnotes":""},"categories":[162],"tags":[620],"class_list":["post-2893","post","type-post","status-publish","format-standard","hentry","category-actualitat","tag-infancia"],"post_mailing_queue_ids":[],"_links":{"self":[{"href":"https:\/\/serveiseducatius.xtec.cat\/baixllobregat6\/wp-json\/wp\/v2\/posts\/2893","targetHints":{"allow":["GET"]}}],"collection":[{"href":"https:\/\/serveiseducatius.xtec.cat\/baixllobregat6\/wp-json\/wp\/v2\/posts"}],"about":[{"href":"https:\/\/serveiseducatius.xtec.cat\/baixllobregat6\/wp-json\/wp\/v2\/types\/post"}],"author":[{"embeddable":true,"href":"https:\/\/serveiseducatius.xtec.cat\/baixllobregat6\/wp-json\/wp\/v2\/users\/1"}],"replies":[{"embeddable":true,"href":"https:\/\/serveiseducatius.xtec.cat\/baixllobregat6\/wp-json\/wp\/v2\/comments?post=2893"}],"version-history":[{"count":0,"href":"https:\/\/serveiseducatius.xtec.cat\/baixllobregat6\/wp-json\/wp\/v2\/posts\/2893\/revisions"}],"wp:attachment":[{"href":"https:\/\/serveiseducatius.xtec.cat\/baixllobregat6\/wp-json\/wp\/v2\/media?parent=2893"}],"wp:term":[{"taxonomy":"category","embeddable":true,"href":"https:\/\/serveiseducatius.xtec.cat\/baixllobregat6\/wp-json\/wp\/v2\/categories?post=2893"},{"taxonomy":"post_tag","embeddable":true,"href":"https:\/\/serveiseducatius.xtec.cat\/baixllobregat6\/wp-json\/wp\/v2\/tags?post=2893"}],"curies":[{"name":"wp","href":"https:\/\/api.w.org\/{rel}","templated":true}]}}