{"id":27827,"date":"2024-10-18T09:10:32","date_gmt":"2024-10-18T07:10:32","guid":{"rendered":"https:\/\/serveiseducatius.xtec.cat\/baixllobregat6\/?p=27827"},"modified":"2024-10-28T08:31:59","modified_gmt":"2024-10-28T07:31:59","slug":"iniciem-el-programa-sharing-to-learn-2024-2025-a-vallirana","status":"publish","type":"post","link":"https:\/\/serveiseducatius.xtec.cat\/baixllobregat6\/se-baixllobregat6\/iniciem-el-programa-sharing-to-learn-2024-2025-a-vallirana\/","title":{"rendered":"Iniciem el programa \u201cSharing to Learn\u201d 2024-2025 a Vallirana"},"content":{"rendered":"<p>Ahir, 17 d&#8217;octubre, es va realitzar l\u2019acte d\u2019inici del <strong>programa \u201cSharing to Learn\u201d <\/strong>a\u00a0 l<a href=\"https:\/\/agora.xtec.cat\/iesvalldarus\/\" target=\"_blank\" rel=\"noopener\">\u2019institut Vall d\u2019Ar\u00fas<\/a> de Vallirana.<\/p>\n<p>El\u00a0<strong>programa \u201cSharing to learn\u201d<\/strong>, impulsat des del Servei de Lleg\u00fces Estrangeres dels Serveis Territorials del Baix Llobregat i el Departament d\u2019Educaci\u00f3, \u00e9s un projecte amb una traject\u00f2ria de 14 anys en el qual hi participen 125 centres de les poblacions d\u2019Esplugues de Llobregat, Sant Joan Desp\u00ed, Sant Just Desvern, Castelldefels, Sant Esteve Sesrovires, Castellv\u00ed de Rosanes, Collbat\u00f3, el Bruc, Esparreguera, Viladecans, Sant Climent de Llobregat, Cornell\u00e0 de Llobregat, Sant Boi de Llobregat i Gav\u00e0.<\/p>\n<p>L\u2019objectiu del programa \u00e9s impulsar la <strong>millora de l\u2019expressi\u00f3 oral en angl\u00e8s <\/strong>i alhora proporcionar un espai d\u2019aprenentatge i servei per afavorir la interrelaci\u00f3 i la responsabilitat entre l\u2019alumnat de diferents nivells educatius en un entorn pluriling\u00fce i pluricultural. Els alumnes de secund\u00e0ria esdevenen <em>Language Assistants<\/em> que es desplacen a les escoles de prim\u00e0ria per intervenir en les sessions de l&#8217;\u00e0rea de llengua anglesa i fer activitats de conversa.<\/p>\n<p><a href=\"https:\/\/serveiseducatius.xtec.cat\/baixllobregat6\/se-baixllobregat6\/iniciem-el-programa-sharing-to-learn-2024-2025-a-vallirana\/attachment\/sharing_vallirana2\/\" rel=\"attachment wp-att-27829\"><img loading=\"lazy\" decoding=\"async\" class=\"aligncenter wp-image-27829 size-full\" src=\"https:\/\/serveiseducatius.xtec.cat\/baixllobregat6\/wp-content\/uploads\/usu778\/2024\/10\/sharing_vallirana2.jpg\" alt=\"\" width=\"816\" height=\"615\" srcset=\"https:\/\/serveiseducatius.xtec.cat\/baixllobregat6\/wp-content\/uploads\/usu778\/2024\/10\/sharing_vallirana2.jpg 816w, https:\/\/serveiseducatius.xtec.cat\/baixllobregat6\/wp-content\/uploads\/usu778\/2024\/10\/sharing_vallirana2-520x392.jpg 520w, https:\/\/serveiseducatius.xtec.cat\/baixllobregat6\/wp-content\/uploads\/usu778\/2024\/10\/sharing_vallirana2-768x579.jpg 768w, https:\/\/serveiseducatius.xtec.cat\/baixllobregat6\/wp-content\/uploads\/usu778\/2024\/10\/sharing_vallirana2-200x150.jpg 200w\" sizes=\"auto, (max-width: 816px) 100vw, 816px\" \/><\/a><\/p>\n","protected":false},"excerpt":{"rendered":"<p>Ahir, 17 d&#8217;octubre, es va realitzar l\u2019acte d\u2019inici del programa \u201cSharing to Learn\u201d a\u00a0 l\u2019institut Vall d\u2019Ar\u00fas de Vallirana. El\u00a0programa \u201cSharing to learn\u201d, impulsat des del Servei de Lleg\u00fces Estrangeres dels Serveis Territorials del Baix Llobregat i el Departament d\u2019Educaci\u00f3, \u00e9s un projecte amb una traject\u00f2ria de 14 anys en el qual hi participen 125 [&hellip;]<\/p>\n","protected":false},"author":1,"featured_media":27829,"comment_status":"closed","ping_status":"closed","sticky":false,"template":"","format":"standard","meta":{"_bbp_topic_count":0,"_bbp_reply_count":0,"_bbp_total_topic_count":0,"_bbp_total_reply_count":0,"_bbp_voice_count":0,"_bbp_anonymous_reply_count":0,"_bbp_topic_count_hidden":0,"_bbp_reply_count_hidden":0,"_bbp_forum_subforum_count":0,"site-sidebar-layout":"default","site-content-layout":"","ast-site-content-layout":"","site-content-style":"default","site-sidebar-style":"default","ast-global-header-display":"","ast-banner-title-visibility":"","ast-main-header-display":"","ast-hfb-above-header-display":"","ast-hfb-below-header-display":"","ast-hfb-mobile-header-display":"","site-post-title":"","ast-breadcrumbs-content":"","ast-featured-img":"","footer-sml-layout":"","theme-transparent-header-meta":"","adv-header-id-meta":"","stick-header-meta":"","header-above-stick-meta":"","header-main-stick-meta":"","header-below-stick-meta":"","astra-migrate-meta-layouts":"default","ast-page-background-enabled":"default","ast-page-background-meta":{"desktop":{"background-color":"var(--ast-global-color-4)","background-image":"","background-repeat":"repeat","background-position":"center center","background-size":"auto","background-attachment":"scroll","background-type":"","background-media":"","overlay-type":"","overlay-color":"","overlay-opacity":"","overlay-gradient":""},"tablet":{"background-color":"","background-image":"","background-repeat":"repeat","background-position":"center center","background-size":"auto","background-attachment":"scroll","background-type":"","background-media":"","overlay-type":"","overlay-color":"","overlay-opacity":"","overlay-gradient":""},"mobile":{"background-color":"","background-image":"","background-repeat":"repeat","background-position":"center center","background-size":"auto","background-attachment":"scroll","background-type":"","background-media":"","overlay-type":"","overlay-color":"","overlay-opacity":"","overlay-gradient":""}},"ast-content-background-meta":{"desktop":{"background-color":"var(--ast-global-color-5)","background-image":"","background-repeat":"repeat","background-position":"center center","background-size":"auto","background-attachment":"scroll","background-type":"","background-media":"","overlay-type":"","overlay-color":"","overlay-opacity":"","overlay-gradient":""},"tablet":{"background-color":"var(--ast-global-color-5)","background-image":"","background-repeat":"repeat","background-position":"center center","background-size":"auto","background-attachment":"scroll","background-type":"","background-media":"","overlay-type":"","overlay-color":"","overlay-opacity":"","overlay-gradient":""},"mobile":{"background-color":"var(--ast-global-color-5)","background-image":"","background-repeat":"repeat","background-position":"center center","background-size":"auto","background-attachment":"scroll","background-type":"","background-media":"","overlay-type":"","overlay-color":"","overlay-opacity":"","overlay-gradient":""}},"footnotes":""},"categories":[1036,176,29,2979],"tags":[],"class_list":["post-27827","post","type-post","status-publish","format-standard","has-post-thumbnail","hentry","category-activitat-dels-centres","category-dinamica-educativa-sant-vicenc-dels-horts","category-se-baixllobregat6","category-sharing-to-learn"],"post_mailing_queue_ids":[],"_links":{"self":[{"href":"https:\/\/serveiseducatius.xtec.cat\/baixllobregat6\/wp-json\/wp\/v2\/posts\/27827","targetHints":{"allow":["GET"]}}],"collection":[{"href":"https:\/\/serveiseducatius.xtec.cat\/baixllobregat6\/wp-json\/wp\/v2\/posts"}],"about":[{"href":"https:\/\/serveiseducatius.xtec.cat\/baixllobregat6\/wp-json\/wp\/v2\/types\/post"}],"author":[{"embeddable":true,"href":"https:\/\/serveiseducatius.xtec.cat\/baixllobregat6\/wp-json\/wp\/v2\/users\/1"}],"replies":[{"embeddable":true,"href":"https:\/\/serveiseducatius.xtec.cat\/baixllobregat6\/wp-json\/wp\/v2\/comments?post=27827"}],"version-history":[{"count":4,"href":"https:\/\/serveiseducatius.xtec.cat\/baixllobregat6\/wp-json\/wp\/v2\/posts\/27827\/revisions"}],"predecessor-version":[{"id":27872,"href":"https:\/\/serveiseducatius.xtec.cat\/baixllobregat6\/wp-json\/wp\/v2\/posts\/27827\/revisions\/27872"}],"wp:featuredmedia":[{"embeddable":true,"href":"https:\/\/serveiseducatius.xtec.cat\/baixllobregat6\/wp-json\/wp\/v2\/media\/27829"}],"wp:attachment":[{"href":"https:\/\/serveiseducatius.xtec.cat\/baixllobregat6\/wp-json\/wp\/v2\/media?parent=27827"}],"wp:term":[{"taxonomy":"category","embeddable":true,"href":"https:\/\/serveiseducatius.xtec.cat\/baixllobregat6\/wp-json\/wp\/v2\/categories?post=27827"},{"taxonomy":"post_tag","embeddable":true,"href":"https:\/\/serveiseducatius.xtec.cat\/baixllobregat6\/wp-json\/wp\/v2\/tags?post=27827"}],"curies":[{"name":"wp","href":"https:\/\/api.w.org\/{rel}","templated":true}]}}