{"id":27548,"date":"2024-09-12T09:56:40","date_gmt":"2024-09-12T07:56:40","guid":{"rendered":"https:\/\/serveiseducatius.xtec.cat\/baixllobregat6\/?p=27548"},"modified":"2024-09-12T09:58:07","modified_gmt":"2024-09-12T07:58:07","slug":"oferta-formativa-dua","status":"publish","type":"post","link":"https:\/\/serveiseducatius.xtec.cat\/baixllobregat6\/se-baixllobregat6\/oferta-formativa-dua\/","title":{"rendered":"Oferta formativa DUA"},"content":{"rendered":"<blockquote>\n<div class=\"gmail_default\">\n<p>El Pla de formaci\u00f3 DUA pret\u00e9n donar a con\u00e8ixer el coneixement del Disseny Universal per a <span style=\"font-family: inherit; font-size: 1em;\">l&#8217;Aprenentatge, orientat a proporcionar elements introductoris a DUA per al desenvolupament <\/span><span style=\"font-family: inherit; font-size: 1em;\">professional, per mitj\u00e0 d&#8217;experi\u00e8ncies d&#8217;aprenentatge que afavoreixin els primers passos per a la <\/span><span style=\"font-family: inherit; font-size: 1em;\">implementaci\u00f3 del DUA i d&#8217;altres elements rellevants per a l&#8217;Educaci\u00f3 Inclusiva.<\/span><\/p>\n<\/div>\n<\/blockquote>\n<div class=\"gmail_default\">\n<ul>\n<li style=\"list-style-type: none;\">\n<ul>\n<li>Programa formatiu que acredita perfil de Diversitat, amb un total de 60 hores repartides en<br \/>\ntres nivells de 20h cadasc\u00fa, que cal assolir per accedir al nivell superior.<br \/>\no DUA B\u00e0sic.\u00a0<a href=\"https:\/\/aplicacions.gestioeducativa.gencat.cat\/pls\/soloas\/pk_for_mod_ins.p_for_cons_activitats?p_any=&amp;p_tipus_act=DUAB&amp;p_totes=N\" target=\"_blank\" rel=\"noopener\" data-saferedirecturl=\"https:\/\/www.google.com\/url?q=https:\/\/aplicacions.gestioeducativa.gencat.cat\/pls\/soloas\/pk_for_mod_ins.p_for_cons_activitats?p_any%3D%26p_tipus_act%3DDUAB%26p_totes%3DN&amp;source=gmail&amp;ust=1726207735904000&amp;usg=AOvVaw190zyJMuwJFdUol3W9Xw0E\">Acc\u00e9s a l&#8217;oferta formativa<\/a><br \/>\no DUA Intermedi.\u00a0<a href=\"https:\/\/aplicacions.gestioeducativa.gencat.cat\/pls\/soloas\/pk_for_mod_ins.p_for_cons_activitats?p_any=&amp;p_tipus_act=DUAI&amp;p_totes=N\" target=\"_blank\" rel=\"noopener\" data-saferedirecturl=\"https:\/\/www.google.com\/url?q=https:\/\/aplicacions.gestioeducativa.gencat.cat\/pls\/soloas\/pk_for_mod_ins.p_for_cons_activitats?p_any%3D%26p_tipus_act%3DDUAI%26p_totes%3DN&amp;source=gmail&amp;ust=1726207735904000&amp;usg=AOvVaw0Qnovw3mu0ndtSbTASxxkP\">Acc\u00e9s a l&#8217;oferta formativa<\/a><br \/>\no DUA Avan\u00e7at.\u00a0<a href=\"https:\/\/aplicacions.gestioeducativa.gencat.cat\/pls\/soloas\/pk_for_mod_ins.p_for_cons_activitats?p_any=&amp;p_tipus_act=DUAA&amp;p_totes=N\" target=\"_blank\" rel=\"noopener\" data-saferedirecturl=\"https:\/\/www.google.com\/url?q=https:\/\/aplicacions.gestioeducativa.gencat.cat\/pls\/soloas\/pk_for_mod_ins.p_for_cons_activitats?p_any%3D%26p_tipus_act%3DDUAA%26p_totes%3DN&amp;source=gmail&amp;ust=1726207735904000&amp;usg=AOvVaw08W-m3kkUBxFiMU5uDMc7_\">Acc\u00e9s a l&#8217;oferta formativa<\/a><\/li>\n<\/ul>\n<\/li>\n<\/ul>\n<p>Formaci\u00f3 telem\u00e0tica amb sessions s\u00edncrones obligat\u00f2ries.<\/p>\n<\/div>\n<blockquote>\n<div class=\"gmail_default\">\n<p>Per fer l&#8217;auto inscripci\u00f3 cal tenir present que l&#8217;oferta dels cursos es diversifica en diferents dies <span style=\"font-family: inherit; font-size: 1em;\">de la setmana, cal llegir la descripci\u00f3 de cada activitat per visualitzar el dia de la setmana de <\/span><span style=\"font-family: inherit; font-size: 1em;\">les sessions s\u00edncrones<\/span><\/p>\n<\/div>\n<\/blockquote>\n","protected":false},"excerpt":{"rendered":"<p>El Pla de formaci\u00f3 DUA pret\u00e9n donar a con\u00e8ixer el coneixement del Disseny Universal per a l&#8217;Aprenentatge, orientat a proporcionar elements introductoris a DUA per al desenvolupament professional, per mitj\u00e0 d&#8217;experi\u00e8ncies d&#8217;aprenentatge que afavoreixin els primers passos per a la implementaci\u00f3 del DUA i d&#8217;altres elements rellevants per a l&#8217;Educaci\u00f3 Inclusiva. Programa formatiu que acredita [&hellip;]<\/p>\n","protected":false},"author":1,"featured_media":27550,"comment_status":"closed","ping_status":"closed","sticky":false,"template":"","format":"standard","meta":{"_bbp_topic_count":0,"_bbp_reply_count":0,"_bbp_total_topic_count":0,"_bbp_total_reply_count":0,"_bbp_voice_count":0,"_bbp_anonymous_reply_count":0,"_bbp_topic_count_hidden":0,"_bbp_reply_count_hidden":0,"_bbp_forum_subforum_count":0,"site-sidebar-layout":"default","site-content-layout":"","ast-site-content-layout":"","site-content-style":"default","site-sidebar-style":"default","ast-global-header-display":"","ast-banner-title-visibility":"","ast-main-header-display":"","ast-hfb-above-header-display":"","ast-hfb-below-header-display":"","ast-hfb-mobile-header-display":"","site-post-title":"","ast-breadcrumbs-content":"","ast-featured-img":"","footer-sml-layout":"","theme-transparent-header-meta":"","adv-header-id-meta":"","stick-header-meta":"","header-above-stick-meta":"","header-main-stick-meta":"","header-below-stick-meta":"","astra-migrate-meta-layouts":"default","ast-page-background-enabled":"default","ast-page-background-meta":{"desktop":{"background-color":"var(--ast-global-color-4)","background-image":"","background-repeat":"repeat","background-position":"center center","background-size":"auto","background-attachment":"scroll","background-type":"","background-media":"","overlay-type":"","overlay-color":"","overlay-opacity":"","overlay-gradient":""},"tablet":{"background-color":"","background-image":"","background-repeat":"repeat","background-position":"center center","background-size":"auto","background-attachment":"scroll","background-type":"","background-media":"","overlay-type":"","overlay-color":"","overlay-opacity":"","overlay-gradient":""},"mobile":{"background-color":"","background-image":"","background-repeat":"repeat","background-position":"center center","background-size":"auto","background-attachment":"scroll","background-type":"","background-media":"","overlay-type":"","overlay-color":"","overlay-opacity":"","overlay-gradient":""}},"ast-content-background-meta":{"desktop":{"background-color":"var(--ast-global-color-5)","background-image":"","background-repeat":"repeat","background-position":"center center","background-size":"auto","background-attachment":"scroll","background-type":"","background-media":"","overlay-type":"","overlay-color":"","overlay-opacity":"","overlay-gradient":""},"tablet":{"background-color":"var(--ast-global-color-5)","background-image":"","background-repeat":"repeat","background-position":"center center","background-size":"auto","background-attachment":"scroll","background-type":"","background-media":"","overlay-type":"","overlay-color":"","overlay-opacity":"","overlay-gradient":""},"mobile":{"background-color":"var(--ast-global-color-5)","background-image":"","background-repeat":"repeat","background-position":"center center","background-size":"auto","background-attachment":"scroll","background-type":"","background-media":"","overlay-type":"","overlay-color":"","overlay-opacity":"","overlay-gradient":""}},"footnotes":""},"categories":[2969,29],"tags":[],"class_list":["post-27548","post","type-post","status-publish","format-standard","has-post-thumbnail","hentry","category-educacio-inclusiva","category-se-baixllobregat6"],"post_mailing_queue_ids":[],"_links":{"self":[{"href":"https:\/\/serveiseducatius.xtec.cat\/baixllobregat6\/wp-json\/wp\/v2\/posts\/27548","targetHints":{"allow":["GET"]}}],"collection":[{"href":"https:\/\/serveiseducatius.xtec.cat\/baixllobregat6\/wp-json\/wp\/v2\/posts"}],"about":[{"href":"https:\/\/serveiseducatius.xtec.cat\/baixllobregat6\/wp-json\/wp\/v2\/types\/post"}],"author":[{"embeddable":true,"href":"https:\/\/serveiseducatius.xtec.cat\/baixllobregat6\/wp-json\/wp\/v2\/users\/1"}],"replies":[{"embeddable":true,"href":"https:\/\/serveiseducatius.xtec.cat\/baixllobregat6\/wp-json\/wp\/v2\/comments?post=27548"}],"version-history":[{"count":1,"href":"https:\/\/serveiseducatius.xtec.cat\/baixllobregat6\/wp-json\/wp\/v2\/posts\/27548\/revisions"}],"predecessor-version":[{"id":27549,"href":"https:\/\/serveiseducatius.xtec.cat\/baixllobregat6\/wp-json\/wp\/v2\/posts\/27548\/revisions\/27549"}],"wp:featuredmedia":[{"embeddable":true,"href":"https:\/\/serveiseducatius.xtec.cat\/baixllobregat6\/wp-json\/wp\/v2\/media\/27550"}],"wp:attachment":[{"href":"https:\/\/serveiseducatius.xtec.cat\/baixllobregat6\/wp-json\/wp\/v2\/media?parent=27548"}],"wp:term":[{"taxonomy":"category","embeddable":true,"href":"https:\/\/serveiseducatius.xtec.cat\/baixllobregat6\/wp-json\/wp\/v2\/categories?post=27548"},{"taxonomy":"post_tag","embeddable":true,"href":"https:\/\/serveiseducatius.xtec.cat\/baixllobregat6\/wp-json\/wp\/v2\/tags?post=27548"}],"curies":[{"name":"wp","href":"https:\/\/api.w.org\/{rel}","templated":true}]}}