{"id":27524,"date":"2024-09-10T13:08:08","date_gmt":"2024-09-10T11:08:08","guid":{"rendered":"https:\/\/serveiseducatius.xtec.cat\/baixllobregat6\/?p=27524"},"modified":"2024-09-10T13:12:48","modified_gmt":"2024-09-10T11:12:48","slug":"estrategies-de-suport-a-la-regulacio-de-la-conducta-i-abordatge-de-les-desregulacions-conductuals-als-centres-educatius","status":"publish","type":"post","link":"https:\/\/serveiseducatius.xtec.cat\/baixllobregat6\/se-baixllobregat6\/estrategies-de-suport-a-la-regulacio-de-la-conducta-i-abordatge-de-les-desregulacions-conductuals-als-centres-educatius\/","title":{"rendered":"Estrat\u00e8gies de suport a la regulaci\u00f3 de la conducta i abordatge de les desregulacions conductuals als centres educatius"},"content":{"rendered":"<p>L&#8217;\u00c0rea d&#8217;Educaci\u00f3 Inclusiva ha publicat un document que pret\u00e9n servir d&#8217;eina de reflexi\u00f3 per a la incorporaci\u00f3 d\u2019elements de suport a la regulaci\u00f3 de la conducta en els plans de suport individuals, que poden ser una eina complement\u00e0ria al projecte de conviv\u00e8ncia i a les normes d\u2019organitzaci\u00f3 i funcionament de centre, amb l\u2019objectiu de millorar el clima del centre i la contenci\u00f3 de les desregulacions de la conducta.<\/p>\n<p><a href=\"https:\/\/educacio.gencat.cat\/web\/.content\/home\/departament\/publicacions\/colleccions\/inclusio\/regulacio-conducta\/regulacio-conducta.pdf\" target=\"_blank\" rel=\"noopener\">Document<\/a><\/p>\n<p><a href=\"https:\/\/serveiseducatius.xtec.cat\/baixllobregat6\/educacioinclusiva\/\"><img loading=\"lazy\" decoding=\"async\" class=\"alignleft wp-image-27526 size-full\" src=\"https:\/\/serveiseducatius.xtec.cat\/baixllobregat6\/wp-content\/uploads\/usu778\/2024\/09\/educacioinclusiva.png\" alt=\"\" width=\"276\" height=\"126\" \/><\/a><\/p>\n<p>&nbsp;<\/p>\n","protected":false},"excerpt":{"rendered":"<p>L&#8217;\u00c0rea d&#8217;Educaci\u00f3 Inclusiva ha publicat un document que pret\u00e9n servir d&#8217;eina de reflexi\u00f3 per a la incorporaci\u00f3 d\u2019elements de suport a la regulaci\u00f3 de la conducta en els plans de suport individuals, que poden ser una eina complement\u00e0ria al projecte de conviv\u00e8ncia i a les normes d\u2019organitzaci\u00f3 i funcionament de centre, amb l\u2019objectiu de millorar [&hellip;]<\/p>\n","protected":false},"author":1,"featured_media":27526,"comment_status":"closed","ping_status":"closed","sticky":false,"template":"","format":"standard","meta":{"_bbp_topic_count":0,"_bbp_reply_count":0,"_bbp_total_topic_count":0,"_bbp_total_reply_count":0,"_bbp_voice_count":0,"_bbp_anonymous_reply_count":0,"_bbp_topic_count_hidden":0,"_bbp_reply_count_hidden":0,"_bbp_forum_subforum_count":0,"site-sidebar-layout":"default","site-content-layout":"","ast-site-content-layout":"","site-content-style":"default","site-sidebar-style":"default","ast-global-header-display":"","ast-banner-title-visibility":"","ast-main-header-display":"","ast-hfb-above-header-display":"","ast-hfb-below-header-display":"","ast-hfb-mobile-header-display":"","site-post-title":"","ast-breadcrumbs-content":"","ast-featured-img":"","footer-sml-layout":"","theme-transparent-header-meta":"","adv-header-id-meta":"","stick-header-meta":"","header-above-stick-meta":"","header-main-stick-meta":"","header-below-stick-meta":"","astra-migrate-meta-layouts":"default","ast-page-background-enabled":"default","ast-page-background-meta":{"desktop":{"background-color":"var(--ast-global-color-4)","background-image":"","background-repeat":"repeat","background-position":"center center","background-size":"auto","background-attachment":"scroll","background-type":"","background-media":"","overlay-type":"","overlay-color":"","overlay-opacity":"","overlay-gradient":""},"tablet":{"background-color":"","background-image":"","background-repeat":"repeat","background-position":"center center","background-size":"auto","background-attachment":"scroll","background-type":"","background-media":"","overlay-type":"","overlay-color":"","overlay-opacity":"","overlay-gradient":""},"mobile":{"background-color":"","background-image":"","background-repeat":"repeat","background-position":"center center","background-size":"auto","background-attachment":"scroll","background-type":"","background-media":"","overlay-type":"","overlay-color":"","overlay-opacity":"","overlay-gradient":""}},"ast-content-background-meta":{"desktop":{"background-color":"var(--ast-global-color-5)","background-image":"","background-repeat":"repeat","background-position":"center center","background-size":"auto","background-attachment":"scroll","background-type":"","background-media":"","overlay-type":"","overlay-color":"","overlay-opacity":"","overlay-gradient":""},"tablet":{"background-color":"var(--ast-global-color-5)","background-image":"","background-repeat":"repeat","background-position":"center center","background-size":"auto","background-attachment":"scroll","background-type":"","background-media":"","overlay-type":"","overlay-color":"","overlay-opacity":"","overlay-gradient":""},"mobile":{"background-color":"var(--ast-global-color-5)","background-image":"","background-repeat":"repeat","background-position":"center center","background-size":"auto","background-attachment":"scroll","background-type":"","background-media":"","overlay-type":"","overlay-color":"","overlay-opacity":"","overlay-gradient":""}},"footnotes":""},"categories":[2969,29],"tags":[],"class_list":["post-27524","post","type-post","status-publish","format-standard","has-post-thumbnail","hentry","category-educacio-inclusiva","category-se-baixllobregat6"],"post_mailing_queue_ids":[],"_links":{"self":[{"href":"https:\/\/serveiseducatius.xtec.cat\/baixllobregat6\/wp-json\/wp\/v2\/posts\/27524","targetHints":{"allow":["GET"]}}],"collection":[{"href":"https:\/\/serveiseducatius.xtec.cat\/baixllobregat6\/wp-json\/wp\/v2\/posts"}],"about":[{"href":"https:\/\/serveiseducatius.xtec.cat\/baixllobregat6\/wp-json\/wp\/v2\/types\/post"}],"author":[{"embeddable":true,"href":"https:\/\/serveiseducatius.xtec.cat\/baixllobregat6\/wp-json\/wp\/v2\/users\/1"}],"replies":[{"embeddable":true,"href":"https:\/\/serveiseducatius.xtec.cat\/baixllobregat6\/wp-json\/wp\/v2\/comments?post=27524"}],"version-history":[{"count":2,"href":"https:\/\/serveiseducatius.xtec.cat\/baixllobregat6\/wp-json\/wp\/v2\/posts\/27524\/revisions"}],"predecessor-version":[{"id":27527,"href":"https:\/\/serveiseducatius.xtec.cat\/baixllobregat6\/wp-json\/wp\/v2\/posts\/27524\/revisions\/27527"}],"wp:featuredmedia":[{"embeddable":true,"href":"https:\/\/serveiseducatius.xtec.cat\/baixllobregat6\/wp-json\/wp\/v2\/media\/27526"}],"wp:attachment":[{"href":"https:\/\/serveiseducatius.xtec.cat\/baixllobregat6\/wp-json\/wp\/v2\/media?parent=27524"}],"wp:term":[{"taxonomy":"category","embeddable":true,"href":"https:\/\/serveiseducatius.xtec.cat\/baixllobregat6\/wp-json\/wp\/v2\/categories?post=27524"},{"taxonomy":"post_tag","embeddable":true,"href":"https:\/\/serveiseducatius.xtec.cat\/baixllobregat6\/wp-json\/wp\/v2\/tags?post=27524"}],"curies":[{"name":"wp","href":"https:\/\/api.w.org\/{rel}","templated":true}]}}