{"id":27417,"date":"2024-05-15T10:08:42","date_gmt":"2024-05-15T08:08:42","guid":{"rendered":"https:\/\/serveiseducatius.xtec.cat\/baixllobregat6\/?p=27417"},"modified":"2024-07-12T10:45:18","modified_gmt":"2024-07-12T08:45:18","slug":"biblioespai-a-lescola-la-ginesta","status":"publish","type":"post","link":"https:\/\/serveiseducatius.xtec.cat\/baixllobregat6\/se-baixllobregat6\/biblioespai-a-lescola-la-ginesta\/","title":{"rendered":"Biblioespai a l&#8217;escola La Ginesta"},"content":{"rendered":"<p><a href=\"https:\/\/serveiseducatius.xtec.cat\/baixllobregat6\/se-baixllobregat6\/biblioespai-a-lescola-la-ginesta\/attachment\/biblioespai\/\" rel=\"attachment wp-att-27418\"><img loading=\"lazy\" decoding=\"async\" class=\"size-medium wp-image-27418 alignleft\" src=\"https:\/\/serveiseducatius.xtec.cat\/baixllobregat6\/wp-content\/uploads\/usu778\/2024\/07\/Biblioespai-520x392.png\" alt=\"Biblioespai\" width=\"520\" height=\"392\" srcset=\"https:\/\/serveiseducatius.xtec.cat\/baixllobregat6\/wp-content\/uploads\/usu778\/2024\/07\/Biblioespai-520x392.png 520w, https:\/\/serveiseducatius.xtec.cat\/baixllobregat6\/wp-content\/uploads\/usu778\/2024\/07\/Biblioespai-768x579.png 768w, https:\/\/serveiseducatius.xtec.cat\/baixllobregat6\/wp-content\/uploads\/usu778\/2024\/07\/Biblioespai-200x150.png 200w, https:\/\/serveiseducatius.xtec.cat\/baixllobregat6\/wp-content\/uploads\/usu778\/2024\/07\/Biblioespai.png 878w\" sizes=\"auto, (max-width: 520px) 100vw, 520px\" \/><\/a>La Raquel C\u00e1diz, coordinadora de la biblioteca de l&#8217;<a href=\"https:\/\/agora.xtec.cat\/ceip-laginesta-vallirana\/\" target=\"_blank\" rel=\"noopener\">escola La Ginesta de Vallirana, <\/a>ens ha compartit l&#8217;experi\u00e8ncia del <strong>&#8220;Biblioespai&#8221;<\/strong>. Per uns dies la biblioteca de l&#8217;escola s&#8217;ha transformat en una aut\u00e8ntica nau espacial oferint a l&#8217;alumnat una experi\u00e8ncia \u00fanica (llums blaves, estrelles, planetes i una gran varietat de llibres prestats per la biblioteca de Vallirana). Aquesta activitat, amb motiu de les jornades culturals sobre l\u2019espai, ha proporcionat a l&#8217;alumnat\u00a0una missi\u00f3 molt especial: ajudar un astronauta que havia perdut la mem\u00f2ria a recuperar informaci\u00f3 sobre l\u2019espai.<\/p>\n<p>Si voleu saber com continua la hist\u00f2ria hi<a href=\"https:\/\/agora.xtec.cat\/ceip-laginesta-vallirana\/portada\/biblioespai\/\" target=\"_blank\" rel=\"noopener\"> podeu visitar la seva web.<\/a><\/p>\n","protected":false},"excerpt":{"rendered":"<p>La Raquel C\u00e1diz, coordinadora de la biblioteca de l&#8217;escola La Ginesta de Vallirana, ens ha compartit l&#8217;experi\u00e8ncia del &#8220;Biblioespai&#8221;. Per uns dies la biblioteca de l&#8217;escola s&#8217;ha transformat en una aut\u00e8ntica nau espacial oferint a l&#8217;alumnat una experi\u00e8ncia \u00fanica (llums blaves, estrelles, planetes i una gran varietat de llibres prestats per la biblioteca de Vallirana). [&hellip;]<\/p>\n","protected":false},"author":1,"featured_media":27418,"comment_status":"closed","ping_status":"closed","sticky":false,"template":"","format":"standard","meta":{"_bbp_topic_count":0,"_bbp_reply_count":0,"_bbp_total_topic_count":0,"_bbp_total_reply_count":0,"_bbp_voice_count":0,"_bbp_anonymous_reply_count":0,"_bbp_topic_count_hidden":0,"_bbp_reply_count_hidden":0,"_bbp_forum_subforum_count":0,"site-sidebar-layout":"default","site-content-layout":"","ast-site-content-layout":"","site-content-style":"default","site-sidebar-style":"default","ast-global-header-display":"","ast-banner-title-visibility":"","ast-main-header-display":"","ast-hfb-above-header-display":"","ast-hfb-below-header-display":"","ast-hfb-mobile-header-display":"","site-post-title":"","ast-breadcrumbs-content":"","ast-featured-img":"","footer-sml-layout":"","theme-transparent-header-meta":"","adv-header-id-meta":"","stick-header-meta":"","header-above-stick-meta":"","header-main-stick-meta":"","header-below-stick-meta":"","astra-migrate-meta-layouts":"default","ast-page-background-enabled":"default","ast-page-background-meta":{"desktop":{"background-color":"var(--ast-global-color-4)","background-image":"","background-repeat":"repeat","background-position":"center center","background-size":"auto","background-attachment":"scroll","background-type":"","background-media":"","overlay-type":"","overlay-color":"","overlay-opacity":"","overlay-gradient":""},"tablet":{"background-color":"","background-image":"","background-repeat":"repeat","background-position":"center center","background-size":"auto","background-attachment":"scroll","background-type":"","background-media":"","overlay-type":"","overlay-color":"","overlay-opacity":"","overlay-gradient":""},"mobile":{"background-color":"","background-image":"","background-repeat":"repeat","background-position":"center center","background-size":"auto","background-attachment":"scroll","background-type":"","background-media":"","overlay-type":"","overlay-color":"","overlay-opacity":"","overlay-gradient":""}},"ast-content-background-meta":{"desktop":{"background-color":"var(--ast-global-color-5)","background-image":"","background-repeat":"repeat","background-position":"center center","background-size":"auto","background-attachment":"scroll","background-type":"","background-media":"","overlay-type":"","overlay-color":"","overlay-opacity":"","overlay-gradient":""},"tablet":{"background-color":"var(--ast-global-color-5)","background-image":"","background-repeat":"repeat","background-position":"center center","background-size":"auto","background-attachment":"scroll","background-type":"","background-media":"","overlay-type":"","overlay-color":"","overlay-opacity":"","overlay-gradient":""},"mobile":{"background-color":"var(--ast-global-color-5)","background-image":"","background-repeat":"repeat","background-position":"center center","background-size":"auto","background-attachment":"scroll","background-type":"","background-media":"","overlay-type":"","overlay-color":"","overlay-opacity":"","overlay-gradient":""}},"footnotes":""},"categories":[81,1099,29,1071],"tags":[2755,2886,1418,147,498,1534],"class_list":["post-27417","post","type-post","status-publish","format-standard","has-post-thumbnail","hentry","category-biblioteca-escolar","category-dinamitzacio-de-la-biblioteca","category-se-baixllobregat6","category-seminari-de-biblioteques-escolars","tag-comunitat-de-practica-biblioteca-escolar","tag-crp-baix-llobregat-6","tag-dinamitzacio-biblioteca","tag-el-gust-per-la-lectura","tag-escola-la-ginesta","tag-portada"],"post_mailing_queue_ids":[],"_links":{"self":[{"href":"https:\/\/serveiseducatius.xtec.cat\/baixllobregat6\/wp-json\/wp\/v2\/posts\/27417","targetHints":{"allow":["GET"]}}],"collection":[{"href":"https:\/\/serveiseducatius.xtec.cat\/baixllobregat6\/wp-json\/wp\/v2\/posts"}],"about":[{"href":"https:\/\/serveiseducatius.xtec.cat\/baixllobregat6\/wp-json\/wp\/v2\/types\/post"}],"author":[{"embeddable":true,"href":"https:\/\/serveiseducatius.xtec.cat\/baixllobregat6\/wp-json\/wp\/v2\/users\/1"}],"replies":[{"embeddable":true,"href":"https:\/\/serveiseducatius.xtec.cat\/baixllobregat6\/wp-json\/wp\/v2\/comments?post=27417"}],"version-history":[{"count":2,"href":"https:\/\/serveiseducatius.xtec.cat\/baixllobregat6\/wp-json\/wp\/v2\/posts\/27417\/revisions"}],"predecessor-version":[{"id":27420,"href":"https:\/\/serveiseducatius.xtec.cat\/baixllobregat6\/wp-json\/wp\/v2\/posts\/27417\/revisions\/27420"}],"wp:featuredmedia":[{"embeddable":true,"href":"https:\/\/serveiseducatius.xtec.cat\/baixllobregat6\/wp-json\/wp\/v2\/media\/27418"}],"wp:attachment":[{"href":"https:\/\/serveiseducatius.xtec.cat\/baixllobregat6\/wp-json\/wp\/v2\/media?parent=27417"}],"wp:term":[{"taxonomy":"category","embeddable":true,"href":"https:\/\/serveiseducatius.xtec.cat\/baixllobregat6\/wp-json\/wp\/v2\/categories?post=27417"},{"taxonomy":"post_tag","embeddable":true,"href":"https:\/\/serveiseducatius.xtec.cat\/baixllobregat6\/wp-json\/wp\/v2\/tags?post=27417"}],"curies":[{"name":"wp","href":"https:\/\/api.w.org\/{rel}","templated":true}]}}