{"id":27379,"date":"2024-07-09T11:34:09","date_gmt":"2024-07-09T09:34:09","guid":{"rendered":"https:\/\/serveiseducatius.xtec.cat\/baixllobregat6\/?p=27379"},"modified":"2024-07-09T11:34:09","modified_gmt":"2024-07-09T09:34:09","slug":"la-bici-de-la-lola-prevencio-violencies-sexualsinfancia","status":"publish","type":"post","link":"https:\/\/serveiseducatius.xtec.cat\/baixllobregat6\/se-baixllobregat6\/la-bici-de-la-lola-prevencio-violencies-sexualsinfancia\/","title":{"rendered":"La bici de la Lola: Prevenci\u00f3 Viol\u00e8ncies Sexuals&#038;Inf\u00e0ncia"},"content":{"rendered":"<p><a href=\"https:\/\/educacio.gencat.cat\/ca\/departament\/publicacions\/monografies\/bici-lola\/index.html\" target=\"_blank\" rel=\"noopener\"><img loading=\"lazy\" decoding=\"async\" class=\"size-full wp-image-27380 alignright\" src=\"https:\/\/serveiseducatius.xtec.cat\/baixllobregat6\/wp-content\/uploads\/usu778\/2024\/07\/guia_bici.png\" alt=\"Guia bici\n\" width=\"268\" height=\"379\" \/><\/a>Al\u00a0 Servei Educatiu disposem de l&#8217;\u00e0lbum il\u00b7lustrat <em>La bici de la Lola,<\/em> aquest llibre<em> e<\/em>s presenta com una lectura preventiva que proporciona eines per detectar i abordar les viol\u00e8ncies sexuals en la inf\u00e0ncia. En ser un problema complex que afecta a tota la comunitat, \u00e9s crucial abordar-lo amb la major cura possible.<\/p>\n<p>Per aquesta ra\u00f3, la\u00a0<strong>Unitat de Suport a l&#8217;Alumnat en Situaci\u00f3 de Viol\u00e8ncia (USAV)<\/strong>, en col\u00b7laboraci\u00f3 amb les autores del llibre,\u00a0<strong>Alba Barb\u00e9<\/strong>\u00a0i\u00a0<strong>Laia Pibernat<\/strong>,<strong> <a href=\"https:\/\/educacio.gencat.cat\/ca\/departament\/publicacions\/monografies\/bici-lola\/index.html\" target=\"_blank\" rel=\"noopener\">ha desenvolupat una guia<\/a>,<\/strong> que t\u00e9 com a objectiu, d&#8217;una banda, oferir instruccions i recursos sobre com abordar la lectura del conte, adaptant-lo a cada etapa de desenvolupament i, de l&#8217;altra, tamb\u00e9 dona indicacions de com crear espais segurs i protectors.<\/p>\n","protected":false},"excerpt":{"rendered":"<p>Al\u00a0 Servei Educatiu disposem de l&#8217;\u00e0lbum il\u00b7lustrat La bici de la Lola, aquest llibre es presenta com una lectura preventiva que proporciona eines per detectar i abordar les viol\u00e8ncies sexuals en la inf\u00e0ncia. En ser un problema complex que afecta a tota la comunitat, \u00e9s crucial abordar-lo amb la major cura possible. Per aquesta ra\u00f3, [&hellip;]<\/p>\n","protected":false},"author":1,"featured_media":27381,"comment_status":"closed","ping_status":"closed","sticky":false,"template":"","format":"standard","meta":{"_bbp_topic_count":0,"_bbp_reply_count":0,"_bbp_total_topic_count":0,"_bbp_total_reply_count":0,"_bbp_voice_count":0,"_bbp_anonymous_reply_count":0,"_bbp_topic_count_hidden":0,"_bbp_reply_count_hidden":0,"_bbp_forum_subforum_count":0,"site-sidebar-layout":"default","site-content-layout":"","ast-site-content-layout":"","site-content-style":"default","site-sidebar-style":"default","ast-global-header-display":"","ast-banner-title-visibility":"","ast-main-header-display":"","ast-hfb-above-header-display":"","ast-hfb-below-header-display":"","ast-hfb-mobile-header-display":"","site-post-title":"","ast-breadcrumbs-content":"","ast-featured-img":"","footer-sml-layout":"","theme-transparent-header-meta":"","adv-header-id-meta":"","stick-header-meta":"","header-above-stick-meta":"","header-main-stick-meta":"","header-below-stick-meta":"","astra-migrate-meta-layouts":"default","ast-page-background-enabled":"default","ast-page-background-meta":{"desktop":{"background-color":"var(--ast-global-color-4)","background-image":"","background-repeat":"repeat","background-position":"center center","background-size":"auto","background-attachment":"scroll","background-type":"","background-media":"","overlay-type":"","overlay-color":"","overlay-opacity":"","overlay-gradient":""},"tablet":{"background-color":"","background-image":"","background-repeat":"repeat","background-position":"center center","background-size":"auto","background-attachment":"scroll","background-type":"","background-media":"","overlay-type":"","overlay-color":"","overlay-opacity":"","overlay-gradient":""},"mobile":{"background-color":"","background-image":"","background-repeat":"repeat","background-position":"center center","background-size":"auto","background-attachment":"scroll","background-type":"","background-media":"","overlay-type":"","overlay-color":"","overlay-opacity":"","overlay-gradient":""}},"ast-content-background-meta":{"desktop":{"background-color":"var(--ast-global-color-5)","background-image":"","background-repeat":"repeat","background-position":"center center","background-size":"auto","background-attachment":"scroll","background-type":"","background-media":"","overlay-type":"","overlay-color":"","overlay-opacity":"","overlay-gradient":""},"tablet":{"background-color":"var(--ast-global-color-5)","background-image":"","background-repeat":"repeat","background-position":"center center","background-size":"auto","background-attachment":"scroll","background-type":"","background-media":"","overlay-type":"","overlay-color":"","overlay-opacity":"","overlay-gradient":""},"mobile":{"background-color":"var(--ast-global-color-5)","background-image":"","background-repeat":"repeat","background-position":"center center","background-size":"auto","background-attachment":"scroll","background-type":"","background-media":"","overlay-type":"","overlay-color":"","overlay-opacity":"","overlay-gradient":""}},"footnotes":""},"categories":[162,29],"tags":[2894,2651,2886,445,1534,1720],"class_list":["post-27379","post","type-post","status-publish","format-standard","has-post-thumbnail","hentry","category-actualitat","category-se-baixllobregat6","tag-activitats-amb-alumnat","tag-agressions-sexuals","tag-crp-baix-llobregat-6","tag-educacio-per-a-la-salut","tag-portada","tag-recursos-didactics"],"post_mailing_queue_ids":[],"_links":{"self":[{"href":"https:\/\/serveiseducatius.xtec.cat\/baixllobregat6\/wp-json\/wp\/v2\/posts\/27379","targetHints":{"allow":["GET"]}}],"collection":[{"href":"https:\/\/serveiseducatius.xtec.cat\/baixllobregat6\/wp-json\/wp\/v2\/posts"}],"about":[{"href":"https:\/\/serveiseducatius.xtec.cat\/baixllobregat6\/wp-json\/wp\/v2\/types\/post"}],"author":[{"embeddable":true,"href":"https:\/\/serveiseducatius.xtec.cat\/baixllobregat6\/wp-json\/wp\/v2\/users\/1"}],"replies":[{"embeddable":true,"href":"https:\/\/serveiseducatius.xtec.cat\/baixllobregat6\/wp-json\/wp\/v2\/comments?post=27379"}],"version-history":[{"count":1,"href":"https:\/\/serveiseducatius.xtec.cat\/baixllobregat6\/wp-json\/wp\/v2\/posts\/27379\/revisions"}],"predecessor-version":[{"id":27382,"href":"https:\/\/serveiseducatius.xtec.cat\/baixllobregat6\/wp-json\/wp\/v2\/posts\/27379\/revisions\/27382"}],"wp:featuredmedia":[{"embeddable":true,"href":"https:\/\/serveiseducatius.xtec.cat\/baixllobregat6\/wp-json\/wp\/v2\/media\/27381"}],"wp:attachment":[{"href":"https:\/\/serveiseducatius.xtec.cat\/baixllobregat6\/wp-json\/wp\/v2\/media?parent=27379"}],"wp:term":[{"taxonomy":"category","embeddable":true,"href":"https:\/\/serveiseducatius.xtec.cat\/baixllobregat6\/wp-json\/wp\/v2\/categories?post=27379"},{"taxonomy":"post_tag","embeddable":true,"href":"https:\/\/serveiseducatius.xtec.cat\/baixllobregat6\/wp-json\/wp\/v2\/tags?post=27379"}],"curies":[{"name":"wp","href":"https:\/\/api.w.org\/{rel}","templated":true}]}}