{"id":27336,"date":"2024-06-26T12:29:44","date_gmt":"2024-06-26T10:29:44","guid":{"rendered":"https:\/\/serveiseducatius.xtec.cat\/baixllobregat6\/?p=27336"},"modified":"2024-06-26T13:03:50","modified_gmt":"2024-06-26T11:03:50","slug":"animeu-vos-a-participar-amb-els-vostres-alumnes-a-lifest-2024-2025","status":"publish","type":"post","link":"https:\/\/serveiseducatius.xtec.cat\/baixllobregat6\/se-baixllobregat6\/animeu-vos-a-participar-amb-els-vostres-alumnes-a-lifest-2024-2025\/","title":{"rendered":"Animeu-vos a participar amb els vostres alumnes a l\u2019iFest 2024-2025"},"content":{"rendered":"<p><img loading=\"lazy\" decoding=\"async\" class=\"aligncenter wp-image-27337\" src=\"https:\/\/serveiseducatius.xtec.cat\/baixllobregat6\/wp-content\/uploads\/usu778\/2024\/06\/foto-520x264.jpg\" alt=\"\" width=\"534\" height=\"271\" srcset=\"https:\/\/serveiseducatius.xtec.cat\/baixllobregat6\/wp-content\/uploads\/usu778\/2024\/06\/foto-520x264.jpg 520w, https:\/\/serveiseducatius.xtec.cat\/baixllobregat6\/wp-content\/uploads\/usu778\/2024\/06\/foto.jpg 711w\" sizes=\"auto, (max-width: 534px) 100vw, 534px\" \/><\/p>\n<p>La Generalitat de Catalunya, mitjan\u00e7ant la col\u00b7laboraci\u00f3 de cinc departaments, impulsa la\u00a0<strong>7a edici\u00f3\u00a0<\/strong>de l\u2019iFest, una\u00a0<strong>competici\u00f3 de reptes<\/strong>\u00a0per promoure la\u00a0<strong>innovaci\u00f3 i l\u2019esperit emprenedor entre els i les joves de Catalunya<\/strong>. Tota la informaci\u00f3 <a href=\"https:\/\/projectes.xtec.cat\/nou-curriculum\/general\/animeu-vos-a-participar-amb-els-vostres-alumnes-a-lifest-2024-2025\/\" target=\"_blank\" rel=\"noopener\">a la p\u00e0gina de curr\u00edculum del Departament d&#8217;Educaci\u00f3\u00a0\u00a0\u00a0\u00a0<\/a>\u00a0<img loading=\"lazy\" decoding=\"async\" class=\"size-full wp-image-27350 aligncenter\" src=\"https:\/\/serveiseducatius.xtec.cat\/baixllobregat6\/wp-content\/uploads\/usu778\/2024\/06\/Captura-4.png\" alt=\"\" width=\"394\" height=\"150\" \/><\/p>\n<p>Per poder preparar les solucions als reptes i que els docents trobin les m\u00e0ximes facilitats, l\u2019iFest ofereix una\u00a0<strong>formaci\u00f3 i mentoria<\/strong>\u00a0en l\u00ednia basada en la metodologia\u00a0<strong><em>design thinking<\/em><\/strong>, (<strong><em>iFest Bootcamp<\/em><\/strong>). \u00a0Els joves i docents poden connectar-se a la plataforma del Bootcamp i accedir a les fitxes d\u2019activitats i contingut audiovisual. A m\u00e9s a m\u00e9s, els centres educatius que ho sol\u00b7licitin, podran gaudir de diferents tallers a les aules per donar suport a la tasca docent i\u00a0 acompanyar als joves en la preparaci\u00f3 de les solucions amb l\u2019objectiu que participin en la competici\u00f3.<br \/>\nEl\u00a0premi\u00a0pels guanyadors de la iFest Challenge Competition\u00a0\u00e9s una estada de preacceleraci\u00f3 (<em>iFest Acceleration<\/em>).<\/p>\n<p>Cadascuna d\u2019aquestes activitats est\u00e0 ideada i distribu\u00efda al llarg del curs acad\u00e8mic de la seg\u00fcent manera:<\/p>\n<p>La pedra angular de l\u2019iFest s\u00f3n els\u00a0<strong>reptes<\/strong>, que aborden tem\u00e0tiques que\u00a0concerneixen\u00a0a tota la societat i s\u2019alineen amb la consecuci\u00f3 dels\u00a0<strong>Objectius de Desenvolupament Sostenible (ODS)<\/strong>\u00a0de Nacions Unides. Aquests reptes naixen de la\u00a0<strong>col\u00b7laboraci\u00f3 d\u2019organitzacions i empreses<\/strong>\u00a0arrelades a Catalunya que aposten per la innovaci\u00f3 amb l\u2019iFest.<br \/>\nEn les dues \u00faltimes edicions, l\u2019iFest ha comptat amb organitzacions i empreses col\u00b7laboradores compromeses amb la innovaci\u00f3 i l\u2019impuls del talent com la\u00a0<strong>Fundaci\u00f3 Mobile World Capital Barcelona<\/strong>, la\u00a0<strong>Fundaci\u00f3 Catalana per a la Recerca i la Innovaci\u00f3<\/strong>, els hospitals\u00a0<strong>Vall d\u2019Hebron<\/strong>\u00a0i\u00a0<strong>Sant Joan de D\u00e9u<\/strong>\u00a0i\u00a0<strong>Transports Metropolitans de Barcelona<\/strong>,\u00a0<strong>S\u00f2nar + D<\/strong>,\u00a0entre altres.<\/p>\n<p>L\u2019iFest s\u2019adre\u00e7a als centres educatius, universitats i emprenedors joves de tota Catalunya, i es divideix en\u00a0 dues categories en funci\u00f3 de l\u2019edat:<br \/>\n<strong>Categoria J\u00fanior<\/strong>: estudiants a Catalunya de 14 a 17 anys.<br \/>\n<strong>Categoria S\u00e8nior<\/strong>: estudiants i\/o emprenedors i emprenedores de 18 a 30 anys.<br \/>\nExcepcionalment, en la categoria J\u00fanior, un equip pot\u00a0tenir\u00a0membres menors d\u2019edat i majors d\u2019edat, sempre que els majors d\u2019edat no superin els 19 anys (inclosos).<\/p>\n<p><strong>La final de l\u2019iFest<\/strong>, se celebra amb un gran esdeveniment amb una producci\u00f3 que impacta als joves i que no els deixa indiferents. Aquesta edici\u00f3\u00a02023 \u2013 2024 es va celebrar el passat 14 de maig al Disseny Hub de Barcelona\u00a0i\u00a0va posar el punt\u00a0final a una edici\u00f3 amb 120 projectes participants d\u2019arreu de Catalunya.<br \/>\nSeguint els seg\u00fcents enlla\u00e7os trobareu un videoresum\u00a0(edici\u00f3 2022 \u2013 2023)\u00a0i les fotografies de la final; i la nota de premsa que es va publicar amb els guanyadors:<\/p>\n<p><a href=\"https:\/\/www.flickr.com\/photos\/198561208@N06\/53044978653\/\"><img loading=\"lazy\" decoding=\"async\" class=\"alignleft wp-image-27338\" src=\"https:\/\/serveiseducatius.xtec.cat\/baixllobregat6\/wp-content\/uploads\/usu778\/2024\/06\/Captura.png\" alt=\"\" width=\"285\" height=\"97\" \/><\/a><a href=\"https:\/\/www.flickr.com\/photos\/198561208@N06\/albums\/72177720317024503\/with\/53724037267\" target=\"_blank\" rel=\"https:\/\/www.flickr.com\/photos\/198561208@N06\/albums\/72177720317024503\/ noopener\"><img loading=\"lazy\" decoding=\"async\" class=\"alignnone wp-image-27339\" src=\"https:\/\/serveiseducatius.xtec.cat\/baixllobregat6\/wp-content\/uploads\/usu778\/2024\/06\/Captura-1.png\" alt=\"\" width=\"303\" height=\"107\" \/><\/a><a href=\"https:\/\/govern.cat\/salapremsa\/notes-premsa\/608242\/govern-premia-sis-equips-joves-emprenedors-sisena-edicio-lifest\"><img loading=\"lazy\" decoding=\"async\" class=\"alignnone wp-image-27340\" src=\"https:\/\/serveiseducatius.xtec.cat\/baixllobregat6\/wp-content\/uploads\/usu778\/2024\/06\/Captura-2.png\" alt=\"\" width=\"330\" height=\"110\" \/><\/a><\/p>\n<p><strong>M\u00c9S INFORMACI\u00d3<\/strong><\/p>\n<p>La primera de les activitats, l\u2019iFest Bootcamp, estar\u00e0 disponible\u00a0<strong>a partir de setembre<\/strong>, tan bon punt tamb\u00e9 es llancin els reptes de l\u2019edici\u00f3. Mentrestant, podeu consultar els\u00a0<a href=\"https:\/\/bootcamp.ifest.cat\/\" target=\"_blank\" rel=\"noreferrer noopener\">continguts formatius<\/a>\u00a0que s\u2019han fet servir durant aquesta edici\u00f3, aix\u00ed com la guia docent.<\/p>\n<p>La participaci\u00f3 en el Bootcamp no \u00e9s obligat\u00f2ria per inscriure\u2019s posteriorment a la competici\u00f3, tot i que \u00e9s altament recomanable.<\/p>\n<p>Si voleu rebre tota la informaci\u00f3 sobre l\u2019iFest directament a la vostra safata de correu electr\u00f2nic, si us plau,\u00a0responeu a aquest missatge perqu\u00e8 les pr\u00f2ximes comunicacions us arribin directament.<\/p>\n<p><img loading=\"lazy\" decoding=\"async\" class=\"alignleft wp-image-27343\" src=\"https:\/\/serveiseducatius.xtec.cat\/baixllobregat6\/wp-content\/uploads\/usu778\/2024\/06\/Captura-3-520x139.png\" alt=\"\" width=\"569\" height=\"152\" srcset=\"https:\/\/serveiseducatius.xtec.cat\/baixllobregat6\/wp-content\/uploads\/usu778\/2024\/06\/Captura-3-520x139.png 520w, https:\/\/serveiseducatius.xtec.cat\/baixllobregat6\/wp-content\/uploads\/usu778\/2024\/06\/Captura-3.png 600w\" sizes=\"auto, (max-width: 569px) 100vw, 569px\" \/><\/p>\n","protected":false},"excerpt":{"rendered":"<p>La Generalitat de Catalunya, mitjan\u00e7ant la col\u00b7laboraci\u00f3 de cinc departaments, impulsa la\u00a07a edici\u00f3\u00a0de l\u2019iFest, una\u00a0competici\u00f3 de reptes\u00a0per promoure la\u00a0innovaci\u00f3 i l\u2019esperit emprenedor entre els i les joves de Catalunya. Tota la informaci\u00f3 a la p\u00e0gina de curr\u00edculum del Departament d&#8217;Educaci\u00f3\u00a0\u00a0\u00a0\u00a0\u00a0 Per poder preparar les solucions als reptes i que els docents trobin les m\u00e0ximes facilitats, [&hellip;]<\/p>\n","protected":false},"author":1,"featured_media":27337,"comment_status":"closed","ping_status":"closed","sticky":false,"template":"","format":"standard","meta":{"_bbp_topic_count":0,"_bbp_reply_count":0,"_bbp_total_topic_count":0,"_bbp_total_reply_count":0,"_bbp_voice_count":0,"_bbp_anonymous_reply_count":0,"_bbp_topic_count_hidden":0,"_bbp_reply_count_hidden":0,"_bbp_forum_subforum_count":0,"site-sidebar-layout":"default","site-content-layout":"","ast-site-content-layout":"","site-content-style":"default","site-sidebar-style":"default","ast-global-header-display":"","ast-banner-title-visibility":"","ast-main-header-display":"","ast-hfb-above-header-display":"","ast-hfb-below-header-display":"","ast-hfb-mobile-header-display":"","site-post-title":"","ast-breadcrumbs-content":"","ast-featured-img":"","footer-sml-layout":"","theme-transparent-header-meta":"","adv-header-id-meta":"","stick-header-meta":"","header-above-stick-meta":"","header-main-stick-meta":"","header-below-stick-meta":"","astra-migrate-meta-layouts":"default","ast-page-background-enabled":"default","ast-page-background-meta":{"desktop":{"background-color":"var(--ast-global-color-4)","background-image":"","background-repeat":"repeat","background-position":"center center","background-size":"auto","background-attachment":"scroll","background-type":"","background-media":"","overlay-type":"","overlay-color":"","overlay-opacity":"","overlay-gradient":""},"tablet":{"background-color":"","background-image":"","background-repeat":"repeat","background-position":"center center","background-size":"auto","background-attachment":"scroll","background-type":"","background-media":"","overlay-type":"","overlay-color":"","overlay-opacity":"","overlay-gradient":""},"mobile":{"background-color":"","background-image":"","background-repeat":"repeat","background-position":"center center","background-size":"auto","background-attachment":"scroll","background-type":"","background-media":"","overlay-type":"","overlay-color":"","overlay-opacity":"","overlay-gradient":""}},"ast-content-background-meta":{"desktop":{"background-color":"var(--ast-global-color-5)","background-image":"","background-repeat":"repeat","background-position":"center center","background-size":"auto","background-attachment":"scroll","background-type":"","background-media":"","overlay-type":"","overlay-color":"","overlay-opacity":"","overlay-gradient":""},"tablet":{"background-color":"var(--ast-global-color-5)","background-image":"","background-repeat":"repeat","background-position":"center center","background-size":"auto","background-attachment":"scroll","background-type":"","background-media":"","overlay-type":"","overlay-color":"","overlay-opacity":"","overlay-gradient":""},"mobile":{"background-color":"var(--ast-global-color-5)","background-image":"","background-repeat":"repeat","background-position":"center center","background-size":"auto","background-attachment":"scroll","background-type":"","background-media":"","overlay-type":"","overlay-color":"","overlay-opacity":"","overlay-gradient":""}},"footnotes":""},"categories":[162,176,29],"tags":[381,2961,2015,2462,2389,2861],"class_list":["post-27336","post","type-post","status-publish","format-standard","has-post-thumbnail","hentry","category-actualitat","category-dinamica-educativa-sant-vicenc-dels-horts","category-se-baixllobregat6","tag-curriculum","tag-design-thinking","tag-innovacio-educativa","tag-objectius-ods","tag-ods","tag-reptes"],"post_mailing_queue_ids":[],"_links":{"self":[{"href":"https:\/\/serveiseducatius.xtec.cat\/baixllobregat6\/wp-json\/wp\/v2\/posts\/27336","targetHints":{"allow":["GET"]}}],"collection":[{"href":"https:\/\/serveiseducatius.xtec.cat\/baixllobregat6\/wp-json\/wp\/v2\/posts"}],"about":[{"href":"https:\/\/serveiseducatius.xtec.cat\/baixllobregat6\/wp-json\/wp\/v2\/types\/post"}],"author":[{"embeddable":true,"href":"https:\/\/serveiseducatius.xtec.cat\/baixllobregat6\/wp-json\/wp\/v2\/users\/1"}],"replies":[{"embeddable":true,"href":"https:\/\/serveiseducatius.xtec.cat\/baixllobregat6\/wp-json\/wp\/v2\/comments?post=27336"}],"version-history":[{"count":6,"href":"https:\/\/serveiseducatius.xtec.cat\/baixllobregat6\/wp-json\/wp\/v2\/posts\/27336\/revisions"}],"predecessor-version":[{"id":27352,"href":"https:\/\/serveiseducatius.xtec.cat\/baixllobregat6\/wp-json\/wp\/v2\/posts\/27336\/revisions\/27352"}],"wp:featuredmedia":[{"embeddable":true,"href":"https:\/\/serveiseducatius.xtec.cat\/baixllobregat6\/wp-json\/wp\/v2\/media\/27337"}],"wp:attachment":[{"href":"https:\/\/serveiseducatius.xtec.cat\/baixllobregat6\/wp-json\/wp\/v2\/media?parent=27336"}],"wp:term":[{"taxonomy":"category","embeddable":true,"href":"https:\/\/serveiseducatius.xtec.cat\/baixllobregat6\/wp-json\/wp\/v2\/categories?post=27336"},{"taxonomy":"post_tag","embeddable":true,"href":"https:\/\/serveiseducatius.xtec.cat\/baixllobregat6\/wp-json\/wp\/v2\/tags?post=27336"}],"curies":[{"name":"wp","href":"https:\/\/api.w.org\/{rel}","templated":true}]}}