{"id":27330,"date":"2024-06-26T12:38:31","date_gmt":"2024-06-26T10:38:31","guid":{"rendered":"https:\/\/serveiseducatius.xtec.cat\/baixllobregat6\/?p=27330"},"modified":"2024-06-26T13:29:13","modified_gmt":"2024-06-26T11:29:13","slug":"job-shadowing-a-brusselles","status":"publish","type":"post","link":"https:\/\/serveiseducatius.xtec.cat\/baixllobregat6\/se-baixllobregat6\/job-shadowing-a-brusselles\/","title":{"rendered":"Diari de mobilitat de l&#8217;ESC Sant Jordi (SVH) en el Job shadowing a Brussel\u00b7les"},"content":{"rendered":"<p><img loading=\"lazy\" decoding=\"async\" class=\"alignleft size-medium wp-image-27331\" src=\"https:\/\/serveiseducatius.xtec.cat\/baixllobregat6\/wp-content\/uploads\/usu778\/2024\/06\/foto-520x427.png\" alt=\"\" width=\"520\" height=\"427\" srcset=\"https:\/\/serveiseducatius.xtec.cat\/baixllobregat6\/wp-content\/uploads\/usu778\/2024\/06\/foto-520x427.png 520w, https:\/\/serveiseducatius.xtec.cat\/baixllobregat6\/wp-content\/uploads\/usu778\/2024\/06\/foto-768x630.png 768w, https:\/\/serveiseducatius.xtec.cat\/baixllobregat6\/wp-content\/uploads\/usu778\/2024\/06\/foto.png 992w\" sizes=\"auto, (max-width: 520px) 100vw, 520px\" \/><\/p>\n<p>Des del nodes de <a href=\"https:\/\/projectes.xtec.cat\/bescat\/\" target=\"_blank\" rel=\"noopener\">Biblioteques Escolars<\/a> ens comparteixen el <a href=\"https:\/\/drive.google.com\/file\/d\/1Pv8_QzJmxToSvuIySm8Td608mNw_R5Yw\/view?usp=sharing\" target=\"_blank\" rel=\"noreferrer noopener\">Diari de la mobilitat<\/a><a href=\"https:\/\/drive.google.com\/file\/d\/1NwepKC2W7dpPb5H6hYN-fyBjxOTIu3wD\/view?usp=sharing\" target=\"_blank\" rel=\"noreferrer noopener\">\u00a0<\/a>(pdf) de Maria Capdevila (i en\u00a0<a href=\"https:\/\/drive.google.com\/file\/d\/1UshZcMHXSLxs3gcpOsQxPvR9pxEXx0xf\/view?usp=sharing\" target=\"_blank\" rel=\"noreferrer noopener\" data-type=\"link\" data-id=\"https:\/\/drive.google.com\/file\/d\/1UshZcMHXSLxs3gcpOsQxPvR9pxEXx0xf\/view?usp=sharing\">angl\u00e8s<\/a>), docent d&#8217;una escola de la nostra zona<a href=\"https:\/\/agora.xtec.cat\/ceip-santjordi-svhorts\/\" target=\"_blank\" rel=\"noopener\"> ESC Sant Jordi<\/a> (de Sant Vicen\u00e7 dels Horts), en relaci\u00f3 a l&#8217;activitat en qu\u00e8 va participar del job shadowing a Brussel\u00b7les (03\/06\/2024-07\/06\/2024).<br \/>\nMolt\u00edssimes gr\u00e0cies per les teves aportacions, Maria! i a tota l&#8217;escola pel seu suport!<\/p>\n<p>El\u00a0<em>Job shadowing<\/em>\u00a0es basa en l\u2019aprenentatge entre iguals i consisteix en fer visites a centres internacionals on poder observar experi\u00e8ncies que ens ajudin a millorar la nostra organitzaci\u00f3 i pr\u00e0ctica docent.<\/p>\n<p>Lloc:\u00a0<a href=\"https:\/\/eeb4.be\/fr\/\" target=\"_blank\" rel=\"noreferrer noopener\" data-type=\"link\" data-id=\"https:\/\/eeb4.be\/fr\/\">\u00c9cole europ\u00e9enne de Bruxelles IV<\/a>, Brussel\u00b7les (B\u00e8lgica).<img loading=\"lazy\" decoding=\"async\" class=\"alignleft size-full wp-image-27348\" src=\"https:\/\/serveiseducatius.xtec.cat\/baixllobregat6\/wp-content\/uploads\/usu778\/2024\/06\/Captura-de-pantalla-2024-06-26-124335.png\" alt=\"\" width=\"369\" height=\"228\" \/><\/p>\n<p>&nbsp;<\/p>\n<p>&nbsp;<\/p>\n<p>&nbsp;<\/p>\n<p>&nbsp;<\/p>\n<p>&nbsp;<\/p>\n<p>Centres que van fer la mobilitat: <a href=\"https:\/\/agora.xtec.cat\/ceip-santjordi-svhorts\/\" target=\"_blank\" rel=\"noopener\">Escola Sant Jordi<\/a>, escola Sant Mart\u00ed i Institut Antoni Torroja.<\/p>\n<p>Job shadowing del projecte 23 Erasmus KA120 CETE+ de l\u2019equip de treball Puntedu (erasmusbescat).<\/p>\n<p><a href=\"https:\/\/www.canva.com\/design\/DAGH13_IIVg\/FHnO-bjhKuOMNmBSLkehiw\/view?utm_content=DAGH13_IIVg&amp;utm_campaign=designshare&amp;utm_medium=link&amp;utm_source=editor\" target=\"_blank\" rel=\"noreferrer noopener\" data-type=\"link\" data-id=\"https:\/\/www.canva.com\/design\/DAGIsJN6A-8\/YZTIQ07LnuZ4M0-7Sb-gOA\/view?utm_content=DAGIsJN6A-8&amp;utm_campaign=designshare&amp;utm_medium=link&amp;utm_source=editor\">Diari en catal\u00e0 (canva)<\/a>\u00a0\/\u00a0<a href=\"https:\/\/www.canva.com\/design\/DAGIsJN6A-8\/YZTIQ07LnuZ4M0-7Sb-gOA\/view?utm_content=DAGIsJN6A-8&amp;utm_campaign=designshare&amp;utm_medium=link&amp;utm_source=editor\" target=\"_blank\" rel=\"noreferrer noopener\" data-type=\"link\" data-id=\"https:\/\/www.canva.com\/design\/DAGH13_IIVg\/FHnO-bjhKuOMNmBSLkehiw\/view?utm_content=DAGH13_IIVg&amp;utm_campaign=designshare&amp;utm_medium=link&amp;utm_source=editor\">Diari en\u00a0<\/a><a href=\"https:\/\/www.canva.com\/design\/DAGH13_IIVg\/FHnO-bjhKuOMNmBSLkehiw\/view?utm_content=DAGH13_IIVg&amp;utm_campaign=designshare&amp;utm_medium=link&amp;utm_source=editor\" target=\"_blank\" rel=\"noreferrer noopener\" data-type=\"link\" data-id=\"https:\/\/www.canva.com\/design\/DAGH13_IIVg\/FHnO-bjhKuOMNmBSLkehiw\/view?utm_content=DAGH13_IIVg&amp;utm_campaign=designshare&amp;utm_medium=link&amp;utm_source=editor\">a<\/a><a href=\"https:\/\/www.canva.com\/design\/DAGH13_IIVg\/FHnO-bjhKuOMNmBSLkehiw\/view?utm_content=DAGH13_IIVg&amp;utm_campaign=designshare&amp;utm_medium=link&amp;utm_source=editor\" target=\"_blank\" rel=\"noreferrer noopener\" data-type=\"link\" data-id=\"https:\/\/www.canva.com\/design\/DAGH13_IIVg\/FHnO-bjhKuOMNmBSLkehiw\/view?utm_content=DAGH13_IIVg&amp;utm_campaign=designshare&amp;utm_medium=link&amp;utm_source=editor\">ngl\u00e8s (canva)<\/a><\/p>\n<p>&nbsp;<\/p>\n","protected":false},"excerpt":{"rendered":"<p>Des del nodes de Biblioteques Escolars ens comparteixen el Diari de la mobilitat\u00a0(pdf) de Maria Capdevila (i en\u00a0angl\u00e8s), docent d&#8217;una escola de la nostra zona ESC Sant Jordi (de Sant Vicen\u00e7 dels Horts), en relaci\u00f3 a l&#8217;activitat en qu\u00e8 va participar del job shadowing a Brussel\u00b7les (03\/06\/2024-07\/06\/2024). Molt\u00edssimes gr\u00e0cies per les teves aportacions, Maria! i [&hellip;]<\/p>\n","protected":false},"author":1,"featured_media":27331,"comment_status":"closed","ping_status":"closed","sticky":false,"template":"","format":"standard","meta":{"_bbp_topic_count":0,"_bbp_reply_count":0,"_bbp_total_topic_count":0,"_bbp_total_reply_count":0,"_bbp_voice_count":0,"_bbp_anonymous_reply_count":0,"_bbp_topic_count_hidden":0,"_bbp_reply_count_hidden":0,"_bbp_forum_subforum_count":0,"site-sidebar-layout":"default","site-content-layout":"","ast-site-content-layout":"","site-content-style":"default","site-sidebar-style":"default","ast-global-header-display":"","ast-banner-title-visibility":"","ast-main-header-display":"","ast-hfb-above-header-display":"","ast-hfb-below-header-display":"","ast-hfb-mobile-header-display":"","site-post-title":"","ast-breadcrumbs-content":"","ast-featured-img":"","footer-sml-layout":"","theme-transparent-header-meta":"","adv-header-id-meta":"","stick-header-meta":"","header-above-stick-meta":"","header-main-stick-meta":"","header-below-stick-meta":"","astra-migrate-meta-layouts":"default","ast-page-background-enabled":"default","ast-page-background-meta":{"desktop":{"background-color":"var(--ast-global-color-4)","background-image":"","background-repeat":"repeat","background-position":"center center","background-size":"auto","background-attachment":"scroll","background-type":"","background-media":"","overlay-type":"","overlay-color":"","overlay-opacity":"","overlay-gradient":""},"tablet":{"background-color":"","background-image":"","background-repeat":"repeat","background-position":"center center","background-size":"auto","background-attachment":"scroll","background-type":"","background-media":"","overlay-type":"","overlay-color":"","overlay-opacity":"","overlay-gradient":""},"mobile":{"background-color":"","background-image":"","background-repeat":"repeat","background-position":"center center","background-size":"auto","background-attachment":"scroll","background-type":"","background-media":"","overlay-type":"","overlay-color":"","overlay-opacity":"","overlay-gradient":""}},"ast-content-background-meta":{"desktop":{"background-color":"var(--ast-global-color-5)","background-image":"","background-repeat":"repeat","background-position":"center center","background-size":"auto","background-attachment":"scroll","background-type":"","background-media":"","overlay-type":"","overlay-color":"","overlay-opacity":"","overlay-gradient":""},"tablet":{"background-color":"var(--ast-global-color-5)","background-image":"","background-repeat":"repeat","background-position":"center center","background-size":"auto","background-attachment":"scroll","background-type":"","background-media":"","overlay-type":"","overlay-color":"","overlay-opacity":"","overlay-gradient":""},"mobile":{"background-color":"var(--ast-global-color-5)","background-image":"","background-repeat":"repeat","background-position":"center center","background-size":"auto","background-attachment":"scroll","background-type":"","background-media":"","overlay-type":"","overlay-color":"","overlay-opacity":"","overlay-gradient":""}},"footnotes":""},"categories":[1036,162,81,64,1099,29,1148,1071],"tags":[2272,2820,2020,2963,2755,1322,650,2962,2964],"class_list":["post-27330","post","type-post","status-publish","format-standard","has-post-thumbnail","hentry","category-activitat-dels-centres","category-actualitat","category-biblioteca-escolar","category-comunitat","category-dinamitzacio-de-la-biblioteca","category-se-baixllobregat6","category-recursos-per-a-la-biblioteca","category-seminari-de-biblioteques-escolars","tag-aprenentatge-entre-iguals","tag-bescat","tag-biblioteques-escolars","tag-centres-internacionals","tag-comunitat-de-practica-biblioteca-escolar","tag-escola-sant-jordi-sant-vicenc-dels-horts","tag-intercanvi-dexperiencies","tag-job-shadowing","tag-visites-pedagogiques"],"post_mailing_queue_ids":[],"_links":{"self":[{"href":"https:\/\/serveiseducatius.xtec.cat\/baixllobregat6\/wp-json\/wp\/v2\/posts\/27330","targetHints":{"allow":["GET"]}}],"collection":[{"href":"https:\/\/serveiseducatius.xtec.cat\/baixllobregat6\/wp-json\/wp\/v2\/posts"}],"about":[{"href":"https:\/\/serveiseducatius.xtec.cat\/baixllobregat6\/wp-json\/wp\/v2\/types\/post"}],"author":[{"embeddable":true,"href":"https:\/\/serveiseducatius.xtec.cat\/baixllobregat6\/wp-json\/wp\/v2\/users\/1"}],"replies":[{"embeddable":true,"href":"https:\/\/serveiseducatius.xtec.cat\/baixllobregat6\/wp-json\/wp\/v2\/comments?post=27330"}],"version-history":[{"count":6,"href":"https:\/\/serveiseducatius.xtec.cat\/baixllobregat6\/wp-json\/wp\/v2\/posts\/27330\/revisions"}],"predecessor-version":[{"id":27356,"href":"https:\/\/serveiseducatius.xtec.cat\/baixllobregat6\/wp-json\/wp\/v2\/posts\/27330\/revisions\/27356"}],"wp:featuredmedia":[{"embeddable":true,"href":"https:\/\/serveiseducatius.xtec.cat\/baixllobregat6\/wp-json\/wp\/v2\/media\/27331"}],"wp:attachment":[{"href":"https:\/\/serveiseducatius.xtec.cat\/baixllobregat6\/wp-json\/wp\/v2\/media?parent=27330"}],"wp:term":[{"taxonomy":"category","embeddable":true,"href":"https:\/\/serveiseducatius.xtec.cat\/baixllobregat6\/wp-json\/wp\/v2\/categories?post=27330"},{"taxonomy":"post_tag","embeddable":true,"href":"https:\/\/serveiseducatius.xtec.cat\/baixllobregat6\/wp-json\/wp\/v2\/tags?post=27330"}],"curies":[{"name":"wp","href":"https:\/\/api.w.org\/{rel}","templated":true}]}}