{"id":2718,"date":"2012-02-08T10:11:06","date_gmt":"2012-02-08T09:11:06","guid":{"rendered":"http:\/\/www.reporteducacio.cat\/?p=2718"},"modified":"2015-12-23T19:00:23","modified_gmt":"2015-12-23T18:00:23","slug":"ronda-de-llibres-calendari-daccions","status":"publish","type":"post","link":"https:\/\/serveiseducatius.xtec.cat\/baixllobregat6\/dinamitzacio\/ronda-de-llibres\/ronda-de-llibres-calendari-daccions\/","title":{"rendered":"Ronda de llibres: calendari d&#8217;accions"},"content":{"rendered":"<p>L&#8217;activitat <em>Ronda de llibres<\/em>\u00a0avan\u00e7a amb bon peu. Els alumnes de quart d&#8217;educaci\u00f3 prim\u00e0ria de les escoles participants estan llegint els llibres proposats. A la reuni\u00f3 de seguiment de l&#8217;activitat que es va fer el dia 1 de febrer es van acabar de concretar aspectes relacionats amb el calendari, les caracter\u00edstiques de les sessions competitives, aix\u00ed com la implicaci\u00f3 de cadascun dels serveis i de les institucions implicades en l&#8217;organitzaci\u00f3.<\/p>\n<p>La implicaci\u00f3 de les biblioteques p\u00fabliques Les Voltes de Sant Vicen\u00e7 dels Horts, Pompeu Fabra de Torrelles de Llobregat i Can Bar\u00f3 de Corbera de Llobregat i dels ajuntaments d&#8217;aquestes localitats ha estat b\u00e0sica per al bon desenvolupament de la mateixa.<\/p>\n<h4><span style=\"color: #ff0000;\"><strong>CALENDARI<\/strong><\/span><\/h4>\n<p><strong>1 de febrer \u2013 23 de mar\u00e7<\/strong>: Per\u00edode per a l\u2019elaboraci\u00f3 de les preguntes sobre els llibres per part dels grups &#8211; classe participants. Podeu descarregar-vos la <a href=\"http:\/\/www.xtec.cat\/crp-baixllobregat6\/docs\/Rondadellibres_fitxes_preguntes.doc\" target=\"_blank\">plantilla per redactar les preguntes<\/a>.<\/p>\n<p><strong>23 de mar\u00e7<\/strong>: Data l\u00edmit de lliurament de les preguntes al correu del servei educatiu (a8870309@xtec.cat)<\/p>\n<p><strong>17, 18 i 19 d\u2019abril<\/strong>: Revisi\u00f3 de les preguntes per part d\u2019una comissi\u00f3.<\/p>\n<p><strong>Mes de maig<\/strong>: sessions competitives (veure calendari adjunt)<\/p>\n<p><strong>30 de maig<\/strong>: FINAL<\/p>\n<h4><span style=\"color: #ff0000;\">CARACTER\u00cdSTIQUES DE LES SESSIONS<\/span><\/h4>\n<p>a. Tindran una durada aproximada de 3\/4 d\u2019hora.<\/p>\n<p>b. La dinamitzaci\u00f3 de la sessi\u00f3 anir\u00e0 a c\u00e0rrec del personal de la biblioteca p\u00fablica<\/p>\n<p>c. Els serveis educatius seran presents a totes les sessions per tal de donar suport log\u00edstic.<\/p>\n<p>d. A les sessions competitives hi participar\u00e0 tot el grup classe.<\/p>\n<p>e. Cada grup classe nomenar\u00e0 un portantveu, que ser\u00e0 el que respondr\u00e0 a les preguntes.<\/p>\n<p>f. La persona dinamitzadora ser\u00e0 l\u2019encarregada de fer les preguntes.<\/p>\n<p>g. Es faran vuit preguntes a cada grup, una de cada llibre.<\/p>\n<p>h. En cas d\u2019empat, es faran m\u00e9s preguntes fins que un dels grups falli.<\/p>\n<p>i. \u00c9s molt convenient que cada grup classe vagi acompanyat per dues persones. Una ser\u00e0 l\u2019encarregada de controlar la puntuaci\u00f3 del seu grup i l\u2019altra es far\u00e0 c\u00e0rrec de la coordinaci\u00f3 del grup classe.<\/p>\n<p>j. En cap cas, les dues persones que acompanyen el grup podran ajudar en la resoluci\u00f3 de les preguntes.<\/p>\n<p>k. Les dues persones tutores que faran el control de les puntuacions, tindran la responsabilitat, en cas de dubte en una resposta, de comprovar si \u00e9s correcta o no i aprovar o denegar la seva validesa.<\/p>\n<p>l. En el moment de fer la pregunta cada grup classe disposar\u00e0 d\u2019un minut per a deliberar sobre la resposta a donar i dir-ho a qui faci de portantveu.<\/p>\n<h4><span style=\"color: #ff0000;\">SESSIONS COMPETITIVES DE CADASCUNA DE LES POBLACIONS<\/span><\/h4>\n<p><object width=\"466\" height=\"400\" classid=\"clsid:d27cdb6e-ae6d-11cf-96b8-444553540000\" codebase=\"http:\/\/download.macromedia.com\/pub\/shockwave\/cabs\/flash\/swflash.cab#version=6,0,40,0\"><param name=\"src\" value=\"http:\/\/www.box.com\/embed\/710xc18886rsi6g.swf\" \/><param name=\"wmode\" value=\"opaque\" \/><param name=\"allowfullscreen\" value=\"true\" \/><param name=\"allowscriptaccess\" value=\"always\" \/><embed width=\"466\" height=\"400\" type=\"application\/x-shockwave-flash\" src=\"http:\/\/www.box.com\/embed\/710xc18886rsi6g.swf\" wmode=\"opaque\" allowfullscreen=\"true\" allowscriptaccess=\"always\" \/><\/object><\/p>\n","protected":false},"excerpt":{"rendered":"<p>L&#8217;activitat Ronda de llibres\u00a0avan\u00e7a amb bon peu. Els alumnes de quart d&#8217;educaci\u00f3 prim\u00e0ria de les escoles participants estan llegint els llibres proposats. A la reuni\u00f3 de seguiment de l&#8217;activitat que es va fer el dia 1 de febrer es van acabar de concretar aspectes relacionats amb el calendari, les caracter\u00edstiques de les sessions competitives, aix\u00ed [&hellip;]<\/p>\n","protected":false},"author":1,"featured_media":0,"comment_status":"open","ping_status":"open","sticky":false,"template":"","format":"standard","meta":{"_bbp_topic_count":0,"_bbp_reply_count":0,"_bbp_total_topic_count":0,"_bbp_total_reply_count":0,"_bbp_voice_count":0,"_bbp_anonymous_reply_count":0,"_bbp_topic_count_hidden":0,"_bbp_reply_count_hidden":0,"_bbp_forum_subforum_count":0,"site-sidebar-layout":"default","site-content-layout":"","ast-site-content-layout":"","site-content-style":"default","site-sidebar-style":"default","ast-global-header-display":"","ast-banner-title-visibility":"","ast-main-header-display":"","ast-hfb-above-header-display":"","ast-hfb-below-header-display":"","ast-hfb-mobile-header-display":"","site-post-title":"","ast-breadcrumbs-content":"","ast-featured-img":"","footer-sml-layout":"","theme-transparent-header-meta":"","adv-header-id-meta":"","stick-header-meta":"","header-above-stick-meta":"","header-main-stick-meta":"","header-below-stick-meta":"","astra-migrate-meta-layouts":"default","ast-page-background-enabled":"default","ast-page-background-meta":{"desktop":{"background-color":"var(--ast-global-color-4)","background-image":"","background-repeat":"repeat","background-position":"center center","background-size":"auto","background-attachment":"scroll","background-type":"","background-media":"","overlay-type":"","overlay-color":"","overlay-opacity":"","overlay-gradient":""},"tablet":{"background-color":"","background-image":"","background-repeat":"repeat","background-position":"center center","background-size":"auto","background-attachment":"scroll","background-type":"","background-media":"","overlay-type":"","overlay-color":"","overlay-opacity":"","overlay-gradient":""},"mobile":{"background-color":"","background-image":"","background-repeat":"repeat","background-position":"center center","background-size":"auto","background-attachment":"scroll","background-type":"","background-media":"","overlay-type":"","overlay-color":"","overlay-opacity":"","overlay-gradient":""}},"ast-content-background-meta":{"desktop":{"background-color":"var(--ast-global-color-5)","background-image":"","background-repeat":"repeat","background-position":"center center","background-size":"auto","background-attachment":"scroll","background-type":"","background-media":"","overlay-type":"","overlay-color":"","overlay-opacity":"","overlay-gradient":""},"tablet":{"background-color":"var(--ast-global-color-5)","background-image":"","background-repeat":"repeat","background-position":"center center","background-size":"auto","background-attachment":"scroll","background-type":"","background-media":"","overlay-type":"","overlay-color":"","overlay-opacity":"","overlay-gradient":""},"mobile":{"background-color":"var(--ast-global-color-5)","background-image":"","background-repeat":"repeat","background-position":"center center","background-size":"auto","background-attachment":"scroll","background-type":"","background-media":"","overlay-type":"","overlay-color":"","overlay-opacity":"","overlay-gradient":""}},"footnotes":""},"categories":[1041],"tags":[272,273,372,446,100,897,907,960],"class_list":["post-2718","post","type-post","status-publish","format-standard","hentry","category-ronda-de-llibres","tag-biblioteca-escolar","tag-biblioteca-publica","tag-corbera-de-llobregat","tag-educacio-primaria","tag-lectura","tag-ronda-de-llibres","tag-sant-vicenc-dels-horts","tag-torrelles-de-llobregat"],"post_mailing_queue_ids":[],"_links":{"self":[{"href":"https:\/\/serveiseducatius.xtec.cat\/baixllobregat6\/wp-json\/wp\/v2\/posts\/2718","targetHints":{"allow":["GET"]}}],"collection":[{"href":"https:\/\/serveiseducatius.xtec.cat\/baixllobregat6\/wp-json\/wp\/v2\/posts"}],"about":[{"href":"https:\/\/serveiseducatius.xtec.cat\/baixllobregat6\/wp-json\/wp\/v2\/types\/post"}],"author":[{"embeddable":true,"href":"https:\/\/serveiseducatius.xtec.cat\/baixllobregat6\/wp-json\/wp\/v2\/users\/1"}],"replies":[{"embeddable":true,"href":"https:\/\/serveiseducatius.xtec.cat\/baixllobregat6\/wp-json\/wp\/v2\/comments?post=2718"}],"version-history":[{"count":1,"href":"https:\/\/serveiseducatius.xtec.cat\/baixllobregat6\/wp-json\/wp\/v2\/posts\/2718\/revisions"}],"predecessor-version":[{"id":6095,"href":"https:\/\/serveiseducatius.xtec.cat\/baixllobregat6\/wp-json\/wp\/v2\/posts\/2718\/revisions\/6095"}],"wp:attachment":[{"href":"https:\/\/serveiseducatius.xtec.cat\/baixllobregat6\/wp-json\/wp\/v2\/media?parent=2718"}],"wp:term":[{"taxonomy":"category","embeddable":true,"href":"https:\/\/serveiseducatius.xtec.cat\/baixllobregat6\/wp-json\/wp\/v2\/categories?post=2718"},{"taxonomy":"post_tag","embeddable":true,"href":"https:\/\/serveiseducatius.xtec.cat\/baixllobregat6\/wp-json\/wp\/v2\/tags?post=2718"}],"curies":[{"name":"wp","href":"https:\/\/api.w.org\/{rel}","templated":true}]}}