{"id":27138,"date":"2024-06-06T10:27:31","date_gmt":"2024-06-06T08:27:31","guid":{"rendered":"https:\/\/serveiseducatius.xtec.cat\/baixllobregat6\/?p=27138"},"modified":"2024-06-06T11:19:52","modified_gmt":"2024-06-06T09:19:52","slug":"visita-a-la-biblioteca-de-lescola-sant-jordi-de-sant-vicenc-dels-horts","status":"publish","type":"post","link":"https:\/\/serveiseducatius.xtec.cat\/baixllobregat6\/se-baixllobregat6\/visita-a-la-biblioteca-de-lescola-sant-jordi-de-sant-vicenc-dels-horts\/","title":{"rendered":"Visita a la Biblioteca de l\u2019escola Sant Jordi de Sant Vicen\u00e7 dels Horts"},"content":{"rendered":"<div class=\"wp-block-columns is-layout-flex wp-container-3 wp-block-columns-is-layout-flex\">\n<div class=\"wp-block-column is-layout-flow wp-block-column-is-layout-flow\">\n<p style=\"text-align: justify;\"><img loading=\"lazy\" decoding=\"async\" class=\" wp-image-27143 alignleft\" src=\"https:\/\/serveiseducatius.xtec.cat\/baixllobregat6\/wp-content\/uploads\/usu778\/2024\/05\/7-1024x712.png\" alt=\"\" width=\"398\" height=\"277\" srcset=\"https:\/\/serveiseducatius.xtec.cat\/baixllobregat6\/wp-content\/uploads\/usu778\/2024\/05\/7-1024x712.png 1024w, https:\/\/serveiseducatius.xtec.cat\/baixllobregat6\/wp-content\/uploads\/usu778\/2024\/05\/7-520x361.png 520w, https:\/\/serveiseducatius.xtec.cat\/baixllobregat6\/wp-content\/uploads\/usu778\/2024\/05\/7-768x534.png 768w, https:\/\/serveiseducatius.xtec.cat\/baixllobregat6\/wp-content\/uploads\/usu778\/2024\/05\/7.png 1171w\" sizes=\"auto, (max-width: 398px) 100vw, 398px\" \/><span style=\"font-family: inherit; font-size: 1em;\">Des del programa de <a href=\"https:\/\/xtec.gencat.cat\/ca\/projectes\/biblioteca\/puntedu\/\" target=\"_blank\" rel=\"noopener\">Biblioteca Escolar Punt.edu<\/a> (BesCat), s&#8217;ha visitat l\u2019<\/span><a style=\"font-family: inherit; font-size: 1em;\" href=\"https:\/\/agora.xtec.cat\/ceip-santjordi-svhorts\/\" target=\"_blank\" rel=\"noreferrer noopener\" data-type=\"link\" data-id=\"https:\/\/agora.xtec.cat\/ceip-santjordi-svhorts\/\">escola Sant Jordi de Sant Vicen\u00e7 dels Horts,<\/a> despr\u00e9s que en aquest <span style=\"font-family: inherit; font-size: 1em;\">curs s&#8217;hagi reinaugurat l&#8217;espai de la Biblioteca de l&#8217;escola<\/span><\/p>\n<p style=\"text-align: justify;\">Tenen dues zones \u00e0mplies, amb molta llum i que han cuidat cada detall per fer de la biblioteca un espai molt acollidor i pr\u00e0ctic.<\/p>\n<\/div>\n<\/div>\n<div class=\"wp-block-columns is-layout-flex wp-container-6 wp-block-columns-is-layout-flex\">\n<div class=\"wp-block-column is-layout-flow wp-block-column-is-layout-flow\">\n<p style=\"text-align: justify;\"><img loading=\"lazy\" decoding=\"async\" class=\"wp-image-27142 alignright\" src=\"https:\/\/serveiseducatius.xtec.cat\/baixllobregat6\/wp-content\/uploads\/usu778\/2024\/05\/4.png\" alt=\"\" width=\"463\" height=\"371\" srcset=\"https:\/\/serveiseducatius.xtec.cat\/baixllobregat6\/wp-content\/uploads\/usu778\/2024\/05\/4.png 906w, https:\/\/serveiseducatius.xtec.cat\/baixllobregat6\/wp-content\/uploads\/usu778\/2024\/05\/4-520x417.png 520w, https:\/\/serveiseducatius.xtec.cat\/baixllobregat6\/wp-content\/uploads\/usu778\/2024\/05\/4-768x615.png 768w\" sizes=\"auto, (max-width: 463px) 100vw, 463px\" \/>La Maria (coordinadora del projecte Erasmus 23 del centre) ha preparat, com a novetat, activitats que duen a terme a les hores d\u2019esbarjo a part de les que tenen programades. Les propostes van acompanyades de: llibre, instruccions i material necessari (lettering, poesia, lectura en veu alta, passatemps, jocs de taula, etc.). Tamb\u00e9 tenen una exposici\u00f3 de treballs, una zona per a la lectura en veu alta, per fer cerca, novetats, el llibre del mes, etc.<\/p>\n<\/div>\n<\/div>\n<p>&nbsp;<\/p>\n<div class=\"wp-block-columns is-layout-flex wp-container-6 wp-block-columns-is-layout-flex\">\n<div class=\"wp-block-column is-layout-flow wp-block-column-is-layout-flow\">\n<p><img loading=\"lazy\" decoding=\"async\" class=\" wp-image-27141 alignleft\" src=\"https:\/\/serveiseducatius.xtec.cat\/baixllobregat6\/wp-content\/uploads\/usu778\/2024\/05\/1.png\" alt=\"\" width=\"380\" height=\"303\" srcset=\"https:\/\/serveiseducatius.xtec.cat\/baixllobregat6\/wp-content\/uploads\/usu778\/2024\/05\/1.png 879w, https:\/\/serveiseducatius.xtec.cat\/baixllobregat6\/wp-content\/uploads\/usu778\/2024\/05\/1-520x414.png 520w, https:\/\/serveiseducatius.xtec.cat\/baixllobregat6\/wp-content\/uploads\/usu778\/2024\/05\/1-768x611.png 768w\" sizes=\"auto, (max-width: 380px) 100vw, 380px\" \/><\/p>\n<p>&nbsp;<\/p>\n<p style=\"text-align: justify;\">En un plaf\u00f3 hi van actualitzant la informaci\u00f3 del projecte Erasmus <a href=\"https:\/\/projectes.xtec.cat\/cete\/els-nostres-objectius\/\" target=\"_blank\" rel=\"noopener\">CETE+<\/a>.<\/p>\n<p style=\"text-align: justify;\">Despr\u00e9s han comentat els documents que s\u2019enduran amb les altres mestres que faran la segona mobilitat del projecte i revisat alguns dubtes del pla d\u2019acci\u00f3. L\u2019escola Sant Jordi \u00e9s un dels centres que forma part del Consorci <a href=\"https:\/\/programaseducativos.es\/ka120\/\" target=\"_blank\" rel=\"noopener\">KA120<\/a> Erasmus <a href=\"https:\/\/projectes.xtec.cat\/cete\/els-nostres-objectius\/\" target=\"_blank\" rel=\"noopener\">CETE+<\/a> del projecte 23 de l\u2019equip de biblioteques escolars (erasmusbescat).<\/p>\n<p><img loading=\"lazy\" decoding=\"async\" class=\"aligncenter wp-image-27140\" src=\"https:\/\/serveiseducatius.xtec.cat\/baixllobregat6\/wp-content\/uploads\/usu778\/2024\/05\/5-1.png\" alt=\"\" width=\"914\" height=\"674\" srcset=\"https:\/\/serveiseducatius.xtec.cat\/baixllobregat6\/wp-content\/uploads\/usu778\/2024\/05\/5-1.png 848w, https:\/\/serveiseducatius.xtec.cat\/baixllobregat6\/wp-content\/uploads\/usu778\/2024\/05\/5-1-520x383.png 520w, https:\/\/serveiseducatius.xtec.cat\/baixllobregat6\/wp-content\/uploads\/usu778\/2024\/05\/5-1-768x566.png 768w\" sizes=\"auto, (max-width: 914px) 100vw, 914px\" \/><\/p>\n<\/div>\n<\/div>\n","protected":false},"excerpt":{"rendered":"<p>Des del programa de Biblioteca Escolar Punt.edu (BesCat), s&#8217;ha visitat l\u2019escola Sant Jordi de Sant Vicen\u00e7 dels Horts, despr\u00e9s que en aquest curs s&#8217;hagi reinaugurat l&#8217;espai de la Biblioteca de l&#8217;escola Tenen dues zones \u00e0mplies, amb molta llum i que han cuidat cada detall per fer de la biblioteca un espai molt acollidor i pr\u00e0ctic. [&hellip;]<\/p>\n","protected":false},"author":1,"featured_media":27298,"comment_status":"closed","ping_status":"closed","sticky":false,"template":"","format":"standard","meta":{"_bbp_topic_count":0,"_bbp_reply_count":0,"_bbp_total_topic_count":0,"_bbp_total_reply_count":0,"_bbp_voice_count":0,"_bbp_anonymous_reply_count":0,"_bbp_topic_count_hidden":0,"_bbp_reply_count_hidden":0,"_bbp_forum_subforum_count":0,"site-sidebar-layout":"default","site-content-layout":"","ast-site-content-layout":"","site-content-style":"default","site-sidebar-style":"default","ast-global-header-display":"","ast-banner-title-visibility":"","ast-main-header-display":"","ast-hfb-above-header-display":"","ast-hfb-below-header-display":"","ast-hfb-mobile-header-display":"","site-post-title":"","ast-breadcrumbs-content":"","ast-featured-img":"","footer-sml-layout":"","theme-transparent-header-meta":"","adv-header-id-meta":"","stick-header-meta":"","header-above-stick-meta":"","header-main-stick-meta":"","header-below-stick-meta":"","astra-migrate-meta-layouts":"default","ast-page-background-enabled":"default","ast-page-background-meta":{"desktop":{"background-color":"var(--ast-global-color-4)","background-image":"","background-repeat":"repeat","background-position":"center center","background-size":"auto","background-attachment":"scroll","background-type":"","background-media":"","overlay-type":"","overlay-color":"","overlay-opacity":"","overlay-gradient":""},"tablet":{"background-color":"","background-image":"","background-repeat":"repeat","background-position":"center center","background-size":"auto","background-attachment":"scroll","background-type":"","background-media":"","overlay-type":"","overlay-color":"","overlay-opacity":"","overlay-gradient":""},"mobile":{"background-color":"","background-image":"","background-repeat":"repeat","background-position":"center center","background-size":"auto","background-attachment":"scroll","background-type":"","background-media":"","overlay-type":"","overlay-color":"","overlay-opacity":"","overlay-gradient":""}},"ast-content-background-meta":{"desktop":{"background-color":"var(--ast-global-color-5)","background-image":"","background-repeat":"repeat","background-position":"center center","background-size":"auto","background-attachment":"scroll","background-type":"","background-media":"","overlay-type":"","overlay-color":"","overlay-opacity":"","overlay-gradient":""},"tablet":{"background-color":"var(--ast-global-color-5)","background-image":"","background-repeat":"repeat","background-position":"center center","background-size":"auto","background-attachment":"scroll","background-type":"","background-media":"","overlay-type":"","overlay-color":"","overlay-opacity":"","overlay-gradient":""},"mobile":{"background-color":"var(--ast-global-color-5)","background-image":"","background-repeat":"repeat","background-position":"center center","background-size":"auto","background-attachment":"scroll","background-type":"","background-media":"","overlay-type":"","overlay-color":"","overlay-opacity":"","overlay-gradient":""}},"footnotes":""},"categories":[1078,81,29],"tags":[270,2886,1534],"class_list":["post-27138","post","type-post","status-publish","format-standard","has-post-thumbnail","hentry","category-informacions","category-biblioteca-escolar","category-se-baixllobregat6","tag-biblioteca","tag-crp-baix-llobregat-6","tag-portada"],"post_mailing_queue_ids":[],"_links":{"self":[{"href":"https:\/\/serveiseducatius.xtec.cat\/baixllobregat6\/wp-json\/wp\/v2\/posts\/27138","targetHints":{"allow":["GET"]}}],"collection":[{"href":"https:\/\/serveiseducatius.xtec.cat\/baixllobregat6\/wp-json\/wp\/v2\/posts"}],"about":[{"href":"https:\/\/serveiseducatius.xtec.cat\/baixllobregat6\/wp-json\/wp\/v2\/types\/post"}],"author":[{"embeddable":true,"href":"https:\/\/serveiseducatius.xtec.cat\/baixllobregat6\/wp-json\/wp\/v2\/users\/1"}],"replies":[{"embeddable":true,"href":"https:\/\/serveiseducatius.xtec.cat\/baixllobregat6\/wp-json\/wp\/v2\/comments?post=27138"}],"version-history":[{"count":6,"href":"https:\/\/serveiseducatius.xtec.cat\/baixllobregat6\/wp-json\/wp\/v2\/posts\/27138\/revisions"}],"predecessor-version":[{"id":27301,"href":"https:\/\/serveiseducatius.xtec.cat\/baixllobregat6\/wp-json\/wp\/v2\/posts\/27138\/revisions\/27301"}],"wp:featuredmedia":[{"embeddable":true,"href":"https:\/\/serveiseducatius.xtec.cat\/baixllobregat6\/wp-json\/wp\/v2\/media\/27298"}],"wp:attachment":[{"href":"https:\/\/serveiseducatius.xtec.cat\/baixllobregat6\/wp-json\/wp\/v2\/media?parent=27138"}],"wp:term":[{"taxonomy":"category","embeddable":true,"href":"https:\/\/serveiseducatius.xtec.cat\/baixllobregat6\/wp-json\/wp\/v2\/categories?post=27138"},{"taxonomy":"post_tag","embeddable":true,"href":"https:\/\/serveiseducatius.xtec.cat\/baixllobregat6\/wp-json\/wp\/v2\/tags?post=27138"}],"curies":[{"name":"wp","href":"https:\/\/api.w.org\/{rel}","templated":true}]}}