{"id":27049,"date":"2024-05-08T14:19:23","date_gmt":"2024-05-08T12:19:23","guid":{"rendered":"https:\/\/serveiseducatius.xtec.cat\/baixllobregat6\/?p=27049"},"modified":"2024-05-09T13:12:23","modified_gmt":"2024-05-09T11:12:23","slug":"connecten-alumnat-de-primaria-i-secundaria-a-cervello-jornades-esportives","status":"publish","type":"post","link":"https:\/\/serveiseducatius.xtec.cat\/baixllobregat6\/se-baixllobregat6\/connecten-alumnat-de-primaria-i-secundaria-a-cervello-jornades-esportives\/","title":{"rendered":"Connectem alumnat de prim\u00e0ria i secund\u00e0ria a Cervell\u00f3: Jornades esportives"},"content":{"rendered":"<p>Un any m\u00e9s els centres educatius de prim\u00e0ria i secund\u00e0ria de Cervell\u00f3 han organitzat amb el professorat d&#8217;educaci\u00f3 f\u00edsica les jornades esportives. Aquestes jornades s\u00f3n un comprom\u00eds<span style=\"font-family: inherit; font-size: 1em;\"> amb l&#8217;educaci\u00f3 integral de l&#8217;alumnat del municipi, una iniciativa per facilitar la transici\u00f3 entre l&#8217;etapa de prim\u00e0ria i secund\u00e0ria, amb la col\u00b7laboraci\u00f3 de l&#8217;ajuntament que cedeix el Complex Esportiu Municipal Ceraqua.<\/span><\/p>\n<div class=\"flex-1 overflow-hidden\">\n<div class=\"react-scroll-to-bottom--css-kgwgt-79elbk h-full\">\n<div class=\"react-scroll-to-bottom--css-kgwgt-1n7m0yu\">\n<div class=\"flex flex-col text-sm pb-9\">\n<div class=\"w-full text-token-text-primary\" dir=\"auto\" data-testid=\"conversation-turn-5\" data-scroll-anchor=\"true\">\n<div class=\"py-2 px-3 text-base md:px-4 m-auto md:px-5 lg:px-1 xl:px-5\">\n<div class=\"mx-auto flex flex-1 gap-3 text-base juice:gap-4 juice:md:gap-6 md:max-w-3xl lg:max-w-[40rem] xl:max-w-[48rem]\">\n<div class=\"relative flex w-full min-w-0 flex-col agent-turn\">\n<div class=\"flex-col gap-1 md:gap-3\">\n<div class=\"flex flex-grow flex-col max-w-full\">\n<div class=\"min-h-[20px] text-message flex flex-col items-start whitespace-pre-wrap break-words [.text-message+&amp;]:mt-5 overflow-x-auto gap-3\" dir=\"auto\" data-message-author-role=\"assistant\" data-message-id=\"f33240e1-c7ad-4c4b-b6ed-22e0d24f5969\">\n<div class=\"markdown prose w-full break-words dark:prose-invert light\">\n<p>Un total d&#8217;aproximadament 140 alumnes entre 1r de l&#8217;ESO i 6\u00e8 prim\u00e0ria han tingut l&#8217;oportunitat de participar en aquesta experi\u00e8ncia que t\u00e9 com a objectiu principal establir un primer contacte amb l&#8217;entorn i les din\u00e0miques de secund\u00e0ria abans de l&#8217;inici del nou curs escolar al setembre.<\/p>\n<p>Les activitats s&#8217;han desenvolupat en un marc d&#8217;inclusi\u00f3 i col\u00b7laboraci\u00f3, amb grups formats per estudiants dels tres centres educatius participants. A trav\u00e9s de vuit estacions d&#8217;activitats f\u00edsiques l&#8217;alumnat ha posat\u00a0 a prova les seves habilitats mentre treballaven en equip i a respectaven les normes dels joc ( artzikirol, floorball (hoquei), shootball, bitlles catalanes, colpbol, badminton i pinfuvote)<\/p>\n<p>La diversitat d&#8217;activitats proposades ha perm\u00e8s experimentar amb diferents esports i activitats f\u00edsiques, fomentant h\u00e0bits de salut, benestar i \u00a0promovent els valors fonamentals de conviv\u00e8ncia i\u00a0 respecte mutu.<br \/>\nAquesta iniciativa a m\u00e9s de contribuir a alleujar les inquietuds de l&#8217;alumnat de prim\u00e0ria envers el seu pas a secund\u00e0ria tamb\u00e9 \u00e9s un pont per a realitzar una transici\u00f3 suau i exitosa.<\/p>\n<p>Des d&#8217;aquestes l\u00ednies volem felicitar a\u00a0 tot el professorat que ha coordinat i organitzat aquesta jornada i als centres educatius pel seu comprom\u00eds de treball en xarxa per a la millora del desenvolupament de l&#8217;alumnat. Moltes felicitats<a href=\"https:\/\/agora.xtec.cat\/institutcervello\/\" target=\"_blank\" rel=\"noopener\"> institut Cervell\u00f3<\/a>, <a href=\"https:\/\/escolanova.cat\/\" target=\"_blank\" rel=\"noopener\">Escola Nova<\/a> i <a href=\"https:\/\/agora.xtec.cat\/escolasantamariacervello\/\" target=\"_blank\" rel=\"noopener\">escola Santa Maria de Cervell\u00f3<\/a>.<img loading=\"lazy\" decoding=\"async\" class=\"aligncenter size-large wp-image-27050\" src=\"https:\/\/serveiseducatius.xtec.cat\/baixllobregat6\/wp-content\/uploads\/usu778\/2024\/05\/photo-collage.png-1-1024x1024.png\" alt=\"Jornada Cervello\" width=\"1024\" height=\"1024\" srcset=\"https:\/\/serveiseducatius.xtec.cat\/baixllobregat6\/wp-content\/uploads\/usu778\/2024\/05\/photo-collage.png-1-1024x1024.png 1024w, https:\/\/serveiseducatius.xtec.cat\/baixllobregat6\/wp-content\/uploads\/usu778\/2024\/05\/photo-collage.png-1-520x520.png 520w, https:\/\/serveiseducatius.xtec.cat\/baixllobregat6\/wp-content\/uploads\/usu778\/2024\/05\/photo-collage.png-1-150x150.png 150w, https:\/\/serveiseducatius.xtec.cat\/baixllobregat6\/wp-content\/uploads\/usu778\/2024\/05\/photo-collage.png-1-768x768.png 768w, https:\/\/serveiseducatius.xtec.cat\/baixllobregat6\/wp-content\/uploads\/usu778\/2024\/05\/photo-collage.png-1.png 1080w\" sizes=\"auto, (max-width: 1024px) 100vw, 1024px\" \/><\/p>\n<\/div>\n<\/div>\n<\/div>\n<\/div>\n<div class=\"absolute\">\n<div class=\"flex w-full gap-2 items-center justify-center\"><\/div>\n<\/div>\n<\/div>\n<\/div>\n<\/div>\n<\/div>\n<\/div>\n<\/div>\n<\/div>\n<\/div>\n<div class=\"w-full md:pt-0 dark:border-white\/20 md:border-transparent md:dark:border-transparent md:w-[calc(100%-.5rem)] juice:w-full\">\n<div class=\"px-3 text-base md:px-4 m-auto md:px-5 lg:px-1 xl:px-5\">\n<div class=\"mx-auto flex flex-1 gap-3 text-base juice:gap-4 juice:md:gap-6 md:max-w-3xl lg:max-w-[40rem] xl:max-w-[48rem]\">\n<form class=\"w-full\">\n<div class=\"relative flex h-full max-w-full flex-1 flex-col\">\n<div class=\"absolute bottom-full left-0 right-0\"><\/div>\n<div class=\"flex w-full items-center\">\n<div class=\"overflow-hidden [&amp;:has(textarea:focus)]:border-token-border-xheavy [&amp;:has(textarea:focus)]:shadow-[0_2px_6px_rgba(0,0,0,.05)] flex flex-col w-full flex-grow relative border dark:text-white rounded-2xl bg-token-main-surface-primary border-token-border-medium\"><\/div>\n<\/div>\n<\/div>\n<\/form>\n<\/div>\n<\/div>\n<\/div>\n","protected":false},"excerpt":{"rendered":"<p>Un any m\u00e9s els centres educatius de prim\u00e0ria i secund\u00e0ria de Cervell\u00f3 han organitzat amb el professorat d&#8217;educaci\u00f3 f\u00edsica les jornades esportives. Aquestes jornades s\u00f3n un comprom\u00eds amb l&#8217;educaci\u00f3 integral de l&#8217;alumnat del municipi, una iniciativa per facilitar la transici\u00f3 entre l&#8217;etapa de prim\u00e0ria i secund\u00e0ria, amb la col\u00b7laboraci\u00f3 de l&#8217;ajuntament que cedeix el Complex [&hellip;]<\/p>\n","protected":false},"author":1,"featured_media":27050,"comment_status":"closed","ping_status":"closed","sticky":false,"template":"","format":"standard","meta":{"_bbp_topic_count":0,"_bbp_reply_count":0,"_bbp_total_topic_count":0,"_bbp_total_reply_count":0,"_bbp_voice_count":0,"_bbp_anonymous_reply_count":0,"_bbp_topic_count_hidden":0,"_bbp_reply_count_hidden":0,"_bbp_forum_subforum_count":0,"site-sidebar-layout":"default","site-content-layout":"","ast-site-content-layout":"","site-content-style":"default","site-sidebar-style":"default","ast-global-header-display":"","ast-banner-title-visibility":"","ast-main-header-display":"","ast-hfb-above-header-display":"","ast-hfb-below-header-display":"","ast-hfb-mobile-header-display":"","site-post-title":"","ast-breadcrumbs-content":"","ast-featured-img":"","footer-sml-layout":"","theme-transparent-header-meta":"","adv-header-id-meta":"","stick-header-meta":"","header-above-stick-meta":"","header-main-stick-meta":"","header-below-stick-meta":"","astra-migrate-meta-layouts":"default","ast-page-background-enabled":"default","ast-page-background-meta":{"desktop":{"background-color":"var(--ast-global-color-4)","background-image":"","background-repeat":"repeat","background-position":"center center","background-size":"auto","background-attachment":"scroll","background-type":"","background-media":"","overlay-type":"","overlay-color":"","overlay-opacity":"","overlay-gradient":""},"tablet":{"background-color":"","background-image":"","background-repeat":"repeat","background-position":"center center","background-size":"auto","background-attachment":"scroll","background-type":"","background-media":"","overlay-type":"","overlay-color":"","overlay-opacity":"","overlay-gradient":""},"mobile":{"background-color":"","background-image":"","background-repeat":"repeat","background-position":"center center","background-size":"auto","background-attachment":"scroll","background-type":"","background-media":"","overlay-type":"","overlay-color":"","overlay-opacity":"","overlay-gradient":""}},"ast-content-background-meta":{"desktop":{"background-color":"var(--ast-global-color-5)","background-image":"","background-repeat":"repeat","background-position":"center center","background-size":"auto","background-attachment":"scroll","background-type":"","background-media":"","overlay-type":"","overlay-color":"","overlay-opacity":"","overlay-gradient":""},"tablet":{"background-color":"var(--ast-global-color-5)","background-image":"","background-repeat":"repeat","background-position":"center center","background-size":"auto","background-attachment":"scroll","background-type":"","background-media":"","overlay-type":"","overlay-color":"","overlay-opacity":"","overlay-gradient":""},"mobile":{"background-color":"var(--ast-global-color-5)","background-image":"","background-repeat":"repeat","background-position":"center center","background-size":"auto","background-attachment":"scroll","background-type":"","background-media":"","overlay-type":"","overlay-color":"","overlay-opacity":"","overlay-gradient":""}},"footnotes":""},"categories":[162,29],"tags":[2894,308,2079,2886,2885,437,1534],"class_list":["post-27049","post","type-post","status-publish","format-standard","has-post-thumbnail","hentry","category-actualitat","category-se-baixllobregat6","tag-activitats-amb-alumnat","tag-cervello","tag-coordinacio-primaria-i-secundaria","tag-crp-baix-llobregat-6","tag-curs-23-24","tag-educacio-fisica","tag-portada"],"post_mailing_queue_ids":[],"_links":{"self":[{"href":"https:\/\/serveiseducatius.xtec.cat\/baixllobregat6\/wp-json\/wp\/v2\/posts\/27049","targetHints":{"allow":["GET"]}}],"collection":[{"href":"https:\/\/serveiseducatius.xtec.cat\/baixllobregat6\/wp-json\/wp\/v2\/posts"}],"about":[{"href":"https:\/\/serveiseducatius.xtec.cat\/baixllobregat6\/wp-json\/wp\/v2\/types\/post"}],"author":[{"embeddable":true,"href":"https:\/\/serveiseducatius.xtec.cat\/baixllobregat6\/wp-json\/wp\/v2\/users\/1"}],"replies":[{"embeddable":true,"href":"https:\/\/serveiseducatius.xtec.cat\/baixllobregat6\/wp-json\/wp\/v2\/comments?post=27049"}],"version-history":[{"count":4,"href":"https:\/\/serveiseducatius.xtec.cat\/baixllobregat6\/wp-json\/wp\/v2\/posts\/27049\/revisions"}],"predecessor-version":[{"id":27054,"href":"https:\/\/serveiseducatius.xtec.cat\/baixllobregat6\/wp-json\/wp\/v2\/posts\/27049\/revisions\/27054"}],"wp:featuredmedia":[{"embeddable":true,"href":"https:\/\/serveiseducatius.xtec.cat\/baixllobregat6\/wp-json\/wp\/v2\/media\/27050"}],"wp:attachment":[{"href":"https:\/\/serveiseducatius.xtec.cat\/baixllobregat6\/wp-json\/wp\/v2\/media?parent=27049"}],"wp:term":[{"taxonomy":"category","embeddable":true,"href":"https:\/\/serveiseducatius.xtec.cat\/baixllobregat6\/wp-json\/wp\/v2\/categories?post=27049"},{"taxonomy":"post_tag","embeddable":true,"href":"https:\/\/serveiseducatius.xtec.cat\/baixllobregat6\/wp-json\/wp\/v2\/tags?post=27049"}],"curies":[{"name":"wp","href":"https:\/\/api.w.org\/{rel}","templated":true}]}}