{"id":26950,"date":"2024-04-24T09:41:03","date_gmt":"2024-04-24T07:41:03","guid":{"rendered":"https:\/\/serveiseducatius.xtec.cat\/baixllobregat6\/?p=26950"},"modified":"2024-05-02T11:59:54","modified_gmt":"2024-05-02T09:59:54","slug":"compartim-un-conte-2023-2024","status":"publish","type":"post","link":"https:\/\/serveiseducatius.xtec.cat\/baixllobregat6\/se-baixllobregat6\/compartim-un-conte-2023-2024\/","title":{"rendered":"Compartim un conte 2023-2024"},"content":{"rendered":"<p><img loading=\"lazy\" decoding=\"async\" class=\"wp-image-26951 alignleft\" src=\"https:\/\/serveiseducatius.xtec.cat\/baixllobregat6\/wp-content\/uploads\/usu778\/2024\/04\/CC.png\" alt=\"\" width=\"415\" height=\"404\" srcset=\"https:\/\/serveiseducatius.xtec.cat\/baixllobregat6\/wp-content\/uploads\/usu778\/2024\/04\/CC.png 743w, https:\/\/serveiseducatius.xtec.cat\/baixllobregat6\/wp-content\/uploads\/usu778\/2024\/04\/CC-520x506.png 520w\" sizes=\"auto, (max-width: 415px) 100vw, 415px\" \/><\/p>\n<p>Aquest curs nou grups d&#8217;alumnes\u00a0 de 5\u00e8 de prim\u00e0ria i dos de sis\u00e8 de prim\u00e0ria dels centres de la demarcaci\u00f3 Baix Llobregat-VI han treballat col\u00b7laborativament amb la finalitat de construir <a href=\"https:\/\/serveiseducatius.xtec.cat\/baixllobregat6\/compartim-un-conte\/els-contes\/els-contes-de-cinque-i-sise-2023-2024\/\" target=\"_blank\" rel=\"noopener\">un conte compartit<\/a>.<!--more--><\/p>\n<p>El procediment per a realitzar-ho ha estat el seg\u00fcent: un autor que ha escrit diverses obres fent \u00fas de diferents g\u00e8neres literaris, <a href=\"https:\/\/serveiseducatius.xtec.cat\/baixllobregat6\/compartim-un-conte\/inici-del-conte\/lautor-curs-2023-24\/\">Santi Balmes<\/a>, ens va escriure <a href=\"https:\/\/serveiseducatius.xtec.cat\/baixllobregat6\/compartim-un-conte\/inici-del-conte\/\" target=\"_blank\" rel=\"noopener\">l\u2019inici del conte<\/a>. El seu relat ens ha perm\u00e8s con\u00e8ixer en Roger i en Marc, dos cosins que de sobte es veuen immersos en el misteri del Doble Check.\u00a0<span id=\"more-24841\"><\/span><\/p>\n<p>A partir d\u2019aqu\u00ed, un centre se n\u2019ocupa de redactar el nus i un de diferent el desenlla\u00e7 del conte, incorporant alhora en l\u2019edici\u00f3 de les il\u00b7lustracions, per a obtenir una hist\u00f2ria completa.<\/p>\n<p>El resultat d\u2019aquesta activitat s\u00f3n aquest 6 <a href=\"https:\/\/serveiseducatius.xtec.cat\/baixllobregat6\/compartim-un-conte\/els-contes\/els-contes-de-cinque-i-sise-2023-2024\/\" target=\"_blank\" rel=\"noopener\">contes<\/a> plens d\u2019aventures i descobriment de secrets a partir de la relaci\u00f3 dels dos protagonistes.<\/p>\n","protected":false},"excerpt":{"rendered":"<p>Aquest curs nou grups d&#8217;alumnes\u00a0 de 5\u00e8 de prim\u00e0ria i dos de sis\u00e8 de prim\u00e0ria dels centres de la demarcaci\u00f3 Baix Llobregat-VI han treballat col\u00b7laborativament amb la finalitat de construir un conte compartit.<\/p>\n","protected":false},"author":1,"featured_media":26951,"comment_status":"closed","ping_status":"closed","sticky":false,"template":"","format":"standard","meta":{"_bbp_topic_count":0,"_bbp_reply_count":0,"_bbp_total_topic_count":0,"_bbp_total_reply_count":0,"_bbp_voice_count":0,"_bbp_anonymous_reply_count":0,"_bbp_topic_count_hidden":0,"_bbp_reply_count_hidden":0,"_bbp_forum_subforum_count":0,"site-sidebar-layout":"default","site-content-layout":"","ast-site-content-layout":"","site-content-style":"default","site-sidebar-style":"default","ast-global-header-display":"","ast-banner-title-visibility":"","ast-main-header-display":"","ast-hfb-above-header-display":"","ast-hfb-below-header-display":"","ast-hfb-mobile-header-display":"","site-post-title":"","ast-breadcrumbs-content":"","ast-featured-img":"","footer-sml-layout":"","theme-transparent-header-meta":"","adv-header-id-meta":"","stick-header-meta":"","header-above-stick-meta":"","header-main-stick-meta":"","header-below-stick-meta":"","astra-migrate-meta-layouts":"default","ast-page-background-enabled":"default","ast-page-background-meta":{"desktop":{"background-color":"var(--ast-global-color-4)","background-image":"","background-repeat":"repeat","background-position":"center center","background-size":"auto","background-attachment":"scroll","background-type":"","background-media":"","overlay-type":"","overlay-color":"","overlay-opacity":"","overlay-gradient":""},"tablet":{"background-color":"","background-image":"","background-repeat":"repeat","background-position":"center center","background-size":"auto","background-attachment":"scroll","background-type":"","background-media":"","overlay-type":"","overlay-color":"","overlay-opacity":"","overlay-gradient":""},"mobile":{"background-color":"","background-image":"","background-repeat":"repeat","background-position":"center center","background-size":"auto","background-attachment":"scroll","background-type":"","background-media":"","overlay-type":"","overlay-color":"","overlay-opacity":"","overlay-gradient":""}},"ast-content-background-meta":{"desktop":{"background-color":"var(--ast-global-color-5)","background-image":"","background-repeat":"repeat","background-position":"center center","background-size":"auto","background-attachment":"scroll","background-type":"","background-media":"","overlay-type":"","overlay-color":"","overlay-opacity":"","overlay-gradient":""},"tablet":{"background-color":"var(--ast-global-color-5)","background-image":"","background-repeat":"repeat","background-position":"center center","background-size":"auto","background-attachment":"scroll","background-type":"","background-media":"","overlay-type":"","overlay-color":"","overlay-opacity":"","overlay-gradient":""},"mobile":{"background-color":"var(--ast-global-color-5)","background-image":"","background-repeat":"repeat","background-position":"center center","background-size":"auto","background-attachment":"scroll","background-type":"","background-media":"","overlay-type":"","overlay-color":"","overlay-opacity":"","overlay-gradient":""}},"footnotes":""},"categories":[81,29],"tags":[272,2628,363,403,446],"class_list":["post-26950","post","type-post","status-publish","format-standard","has-post-thumbnail","hentry","category-biblioteca-escolar","category-se-baixllobregat6","tag-biblioteca-escolar","tag-compartim-un-conte","tag-contes","tag-dinamica-educativa","tag-educacio-primaria"],"post_mailing_queue_ids":[],"_links":{"self":[{"href":"https:\/\/serveiseducatius.xtec.cat\/baixllobregat6\/wp-json\/wp\/v2\/posts\/26950","targetHints":{"allow":["GET"]}}],"collection":[{"href":"https:\/\/serveiseducatius.xtec.cat\/baixllobregat6\/wp-json\/wp\/v2\/posts"}],"about":[{"href":"https:\/\/serveiseducatius.xtec.cat\/baixllobregat6\/wp-json\/wp\/v2\/types\/post"}],"author":[{"embeddable":true,"href":"https:\/\/serveiseducatius.xtec.cat\/baixllobregat6\/wp-json\/wp\/v2\/users\/1"}],"replies":[{"embeddable":true,"href":"https:\/\/serveiseducatius.xtec.cat\/baixllobregat6\/wp-json\/wp\/v2\/comments?post=26950"}],"version-history":[{"count":2,"href":"https:\/\/serveiseducatius.xtec.cat\/baixllobregat6\/wp-json\/wp\/v2\/posts\/26950\/revisions"}],"predecessor-version":[{"id":26953,"href":"https:\/\/serveiseducatius.xtec.cat\/baixllobregat6\/wp-json\/wp\/v2\/posts\/26950\/revisions\/26953"}],"wp:featuredmedia":[{"embeddable":true,"href":"https:\/\/serveiseducatius.xtec.cat\/baixllobregat6\/wp-json\/wp\/v2\/media\/26951"}],"wp:attachment":[{"href":"https:\/\/serveiseducatius.xtec.cat\/baixllobregat6\/wp-json\/wp\/v2\/media?parent=26950"}],"wp:term":[{"taxonomy":"category","embeddable":true,"href":"https:\/\/serveiseducatius.xtec.cat\/baixllobregat6\/wp-json\/wp\/v2\/categories?post=26950"},{"taxonomy":"post_tag","embeddable":true,"href":"https:\/\/serveiseducatius.xtec.cat\/baixllobregat6\/wp-json\/wp\/v2\/tags?post=26950"}],"curies":[{"name":"wp","href":"https:\/\/api.w.org\/{rel}","templated":true}]}}