{"id":26831,"date":"2024-04-11T11:26:24","date_gmt":"2024-04-11T09:26:24","guid":{"rendered":"https:\/\/serveiseducatius.xtec.cat\/baixllobregat6\/?p=26831"},"modified":"2024-04-11T11:28:23","modified_gmt":"2024-04-11T09:28:23","slug":"ajuts-per-les-despeses-descolaritzacio-i-menjador-activitats-extraescolars-i-casals-destiu","status":"publish","type":"post","link":"https:\/\/serveiseducatius.xtec.cat\/baixllobregat6\/se-baixllobregat6\/ajuts-per-les-despeses-descolaritzacio-i-menjador-activitats-extraescolars-i-casals-destiu\/","title":{"rendered":"Ajuts per les despeses d\u2019escolaritzaci\u00f3 i menjador, activitats extraescolars i casals d\u2019estiu"},"content":{"rendered":"<p style=\"text-align: center;\"><a href=\"https:\/\/svh.cat\/actualitat\/noticies\/lajuntament-obre-la-convocatoria-dajuts-per-les-despeses-descolaritzacio-i-menjador-activitats-extraescolars-i-casals-destiu\/\"><img loading=\"lazy\" decoding=\"async\" class=\"alignnone wp-image-26842\" src=\"https:\/\/serveiseducatius.xtec.cat\/baixllobregat6\/wp-content\/uploads\/usu778\/2024\/04\/XXSS-Macro_1345-x-768-2048x1169-1-520x297.jpg\" alt=\"\" width=\"814\" height=\"465\" srcset=\"https:\/\/serveiseducatius.xtec.cat\/baixllobregat6\/wp-content\/uploads\/usu778\/2024\/04\/XXSS-Macro_1345-x-768-2048x1169-1-520x297.jpg 520w, https:\/\/serveiseducatius.xtec.cat\/baixllobregat6\/wp-content\/uploads\/usu778\/2024\/04\/XXSS-Macro_1345-x-768-2048x1169-1-1024x585.jpg 1024w, https:\/\/serveiseducatius.xtec.cat\/baixllobregat6\/wp-content\/uploads\/usu778\/2024\/04\/XXSS-Macro_1345-x-768-2048x1169-1-768x438.jpg 768w, https:\/\/serveiseducatius.xtec.cat\/baixllobregat6\/wp-content\/uploads\/usu778\/2024\/04\/XXSS-Macro_1345-x-768-2048x1169-1-1536x877.jpg 1536w, https:\/\/serveiseducatius.xtec.cat\/baixllobregat6\/wp-content\/uploads\/usu778\/2024\/04\/XXSS-Macro_1345-x-768-2048x1169-1.jpg 2048w\" sizes=\"auto, (max-width: 814px) 100vw, 814px\" \/><\/a><\/p>\n<p>La presentaci\u00f3 de sol\u00b7licituds comen\u00e7a el 10 d\u2019abril i la documentaci\u00f3 s\u2019adjuntar\u00e0 sense necessitat d\u2019inst\u00e0ncia gen\u00e8rica<br \/>\nLes ajudes pels casals d\u2019estiu es poden sol\u00b7licitar fins al 3 de maig; les despeses d\u2019escolaritzaci\u00f3 i menjador, fins al 31 de maig; i les ajudes per a activitats extraescolars, del 9 de setembre al 13 d\u2019octubre<br \/>\nUn any m\u00e9s, l\u2019Ajuntament de Sant Vicen\u00e7 dels Horts ofereix a la ciutadania la convocat\u00f2ria de subvencions i prestacions econ\u00f2miques de car\u00e0cter social, amb la finalitat de contribuir a finan\u00e7ar activitats relacionades amb l\u2019escolaritzaci\u00f3 i el lleure d\u2019infants i joves. Aquests ajuts estan destinats a les fam\u00edlies amb necessitats econ\u00f2miques i socials, per promoure l\u2019acc\u00e9s igualitari a activitats per als seus fills i filles, com les que gaudeixen altres infants i joves.<\/p>\n<p>La convocat\u00f2ria contempla el finan\u00e7ament de les activitats seg\u00fcents:<\/p>\n<p>Activitats extraescolars esportives (amb un m\u00e0xim d\u2019una activitat per esportista), d\u2019aprenentatges de lleng\u00fces estrangeres, musicals, expressi\u00f3 art\u00edstica i tecnologia (amb un m\u00e0xim d\u2019una activitat entre lleng\u00fces estrangeres, musicals, expressi\u00f3 art\u00edstica i tecnol\u00f2gica) (d\u2019I3 a 4t ESO)<br \/>\nCasals d\u2019estiu (d\u2019I3 a 4t ESO)<br \/>\nLes escoles bressol municipals (d\u2019I0 a I2)<br \/>\nMenjadors escolars (d\u2019I3 a 4t ESO)<br \/>\nDespeses d\u2019escolaritzaci\u00f3: materials escolars, sortides, etc. (d\u2019I3 a 4t ESO)<!--more--><\/p>\n<h4><strong>Presentaci\u00f3 de sol\u00b7licituds<\/strong><\/h4>\n<p><a href=\"https:\/\/svh.cat\/tramita\/tramits\/subvencions-de-caracter-social-menjador-escolar-despeses-escolaritzacio-activitats-extraescolars-casals-estiu-any-2024\/\" target=\"_blank\" rel=\"noopener\">La presentaci\u00f3 de sol\u00b7licituds ser\u00e0 a partir del 10 d\u2019abril de 2024 mitjan\u00e7ant la p\u00e0gina web de l\u2019Ajuntament de Sant Vicen\u00e7 dels Horts<\/a>, i no caldr\u00e0 presentar la inst\u00e0ncia gen\u00e8rica: directament es podran trametre els documents necessaris per fer el tr\u00e0mit.<\/p>\n<p><strong><span style=\"color: #000000;\">Enlla\u00e7 tr\u00e0mit telem\u00e0tic:<\/span><\/strong> <strong><span style=\"color: #000000;\"><a href=\"https:\/\/svh.cat\/tramita\/tramits\/subvencions-de-caracter-social-menjador-escolar-despeses-escolaritzacio-activitats-extraescolars-casals-estiu-any-2024\/\" target=\"_blank\" rel=\"noopener\">www.svh.cat\/ajuts2024<\/a><\/span><\/strong><\/p>\n<p>Els terminis per a cadascun dels ajuts s\u00f3n:<\/p>\n<ul style=\"list-style-type: circle;\">\n<li>Ajuts complementaris de menjador: <strong>fins al 31 de maig de 2024<\/strong><\/li>\n<li>Ajuts a l\u2019escolaritat: <strong>fins al 31 de maig de 2024<\/strong><\/li>\n<li>Ajuts per a activitats extraescolars (esportives, lleng\u00fces estrangeres, m\u00fasica, art i tecnologia): <strong>del 9 de setembre al 13 d\u2019octubre de 2024<\/strong><\/li>\n<li>Ajuts per a Casals d\u2019estiu: <strong>fins al 3 de maig de 2024<\/strong><\/li>\n<\/ul>\n<h4><strong>Com fer les sol\u00b7licituds?<\/strong><\/h4>\n<p>Al web de l\u2019Ajuntament de Sant Vicen\u00e7 dels Horts, amb certificat digital (adjuntant la documentaci\u00f3 requerida en les bases de la convocat\u00f2ria). <strong>Enlla\u00e7 tr\u00e0mit telem\u00e0tic: svh.cat\/ajuts2024<\/strong><\/p>\n<p>Teniu a disposici\u00f3 el <a href=\"https:\/\/svh.cat\/siac\/\" target=\"_blank\" rel=\"noopener\">servei d\u2019assist\u00e8ncia integral per la tramitaci\u00f3 electr\u00f2nica SIAC 360<\/a>, que ofereix suport en aquest tr\u00e0mit telem\u00e0tic amb l\u2019Ajuntament.<\/p>\n<p>Aquest servei est\u00e0 disponible de dilluns a divendres de 8 a 20 hores mitjan\u00e7ant els seg\u00fcents canals:<\/p>\n<p>Tel\u00e8fon: 93 656 18 18<br \/>\nCorreu electr\u00f2nic: <span style=\"color: #000000;\">siac360@svh.cat<\/span><\/p>\n<h4><strong>Sol\u00b7licituds presencials<\/strong><\/h4>\n<p>De manera excepcional, nom\u00e9s les fam\u00edlies que no disposin de cap mitj\u00e0 electr\u00f2nic podran presentar la sol\u00b7licitud en paper i presencialment mitjan\u00e7ant cita pr\u00e8via al SIAC (Servei Integral d\u2019Atenci\u00f3 Ciutadana), situat a l\u2019edifici municipal de Can Comamala, al carrer Jacint Verdaguer, 105-113.<\/p>\n<p>Aquesta cita pr\u00e8via es podr\u00e0 demanar:<\/p>\n<p>Per tel\u00e8fon: 93 656 18 18<br \/>\nWeb municipal: <a href=\"https:\/\/svh.cat\/siac\/\" target=\"_blank\" rel=\"noopener\">https:\/\/svh.cat\/siac\/<\/a><\/p>\n","protected":false},"excerpt":{"rendered":"<p>La presentaci\u00f3 de sol\u00b7licituds comen\u00e7a el 10 d\u2019abril i la documentaci\u00f3 s\u2019adjuntar\u00e0 sense necessitat d\u2019inst\u00e0ncia gen\u00e8rica Les ajudes pels casals d\u2019estiu es poden sol\u00b7licitar fins al 3 de maig; les despeses d\u2019escolaritzaci\u00f3 i menjador, fins al 31 de maig; i les ajudes per a activitats extraescolars, del 9 de setembre al 13 d\u2019octubre Un any [&hellip;]<\/p>\n","protected":false},"author":1,"featured_media":26842,"comment_status":"open","ping_status":"closed","sticky":false,"template":"","format":"standard","meta":{"_bbp_topic_count":0,"_bbp_reply_count":0,"_bbp_total_topic_count":0,"_bbp_total_reply_count":0,"_bbp_voice_count":0,"_bbp_anonymous_reply_count":0,"_bbp_topic_count_hidden":0,"_bbp_reply_count_hidden":0,"_bbp_forum_subforum_count":0,"site-sidebar-layout":"default","site-content-layout":"","ast-site-content-layout":"","site-content-style":"default","site-sidebar-style":"default","ast-global-header-display":"","ast-banner-title-visibility":"","ast-main-header-display":"","ast-hfb-above-header-display":"","ast-hfb-below-header-display":"","ast-hfb-mobile-header-display":"","site-post-title":"","ast-breadcrumbs-content":"","ast-featured-img":"","footer-sml-layout":"","theme-transparent-header-meta":"","adv-header-id-meta":"","stick-header-meta":"","header-above-stick-meta":"","header-main-stick-meta":"","header-below-stick-meta":"","astra-migrate-meta-layouts":"default","ast-page-background-enabled":"default","ast-page-background-meta":{"desktop":{"background-color":"var(--ast-global-color-4)","background-image":"","background-repeat":"repeat","background-position":"center center","background-size":"auto","background-attachment":"scroll","background-type":"","background-media":"","overlay-type":"","overlay-color":"","overlay-opacity":"","overlay-gradient":""},"tablet":{"background-color":"","background-image":"","background-repeat":"repeat","background-position":"center center","background-size":"auto","background-attachment":"scroll","background-type":"","background-media":"","overlay-type":"","overlay-color":"","overlay-opacity":"","overlay-gradient":""},"mobile":{"background-color":"","background-image":"","background-repeat":"repeat","background-position":"center center","background-size":"auto","background-attachment":"scroll","background-type":"","background-media":"","overlay-type":"","overlay-color":"","overlay-opacity":"","overlay-gradient":""}},"ast-content-background-meta":{"desktop":{"background-color":"var(--ast-global-color-5)","background-image":"","background-repeat":"repeat","background-position":"center center","background-size":"auto","background-attachment":"scroll","background-type":"","background-media":"","overlay-type":"","overlay-color":"","overlay-opacity":"","overlay-gradient":""},"tablet":{"background-color":"var(--ast-global-color-5)","background-image":"","background-repeat":"repeat","background-position":"center center","background-size":"auto","background-attachment":"scroll","background-type":"","background-media":"","overlay-type":"","overlay-color":"","overlay-opacity":"","overlay-gradient":""},"mobile":{"background-color":"var(--ast-global-color-5)","background-image":"","background-repeat":"repeat","background-position":"center center","background-size":"auto","background-attachment":"scroll","background-type":"","background-media":"","overlay-type":"","overlay-color":"","overlay-opacity":"","overlay-gradient":""}},"footnotes":""},"categories":[162,75,29,2004],"tags":[2948,2172,305],"class_list":["post-26831","post","type-post","status-publish","format-standard","has-post-thumbnail","hentry","category-actualitat","category-pee020","category-se-baixllobregat6","category-recursos","tag-ajuntament-sant-vicenc","tag-ajuts-als-centres","tag-centres-educatius-2"],"post_mailing_queue_ids":[],"_links":{"self":[{"href":"https:\/\/serveiseducatius.xtec.cat\/baixllobregat6\/wp-json\/wp\/v2\/posts\/26831","targetHints":{"allow":["GET"]}}],"collection":[{"href":"https:\/\/serveiseducatius.xtec.cat\/baixllobregat6\/wp-json\/wp\/v2\/posts"}],"about":[{"href":"https:\/\/serveiseducatius.xtec.cat\/baixllobregat6\/wp-json\/wp\/v2\/types\/post"}],"author":[{"embeddable":true,"href":"https:\/\/serveiseducatius.xtec.cat\/baixllobregat6\/wp-json\/wp\/v2\/users\/1"}],"replies":[{"embeddable":true,"href":"https:\/\/serveiseducatius.xtec.cat\/baixllobregat6\/wp-json\/wp\/v2\/comments?post=26831"}],"version-history":[{"count":6,"href":"https:\/\/serveiseducatius.xtec.cat\/baixllobregat6\/wp-json\/wp\/v2\/posts\/26831\/revisions"}],"predecessor-version":[{"id":26858,"href":"https:\/\/serveiseducatius.xtec.cat\/baixllobregat6\/wp-json\/wp\/v2\/posts\/26831\/revisions\/26858"}],"wp:featuredmedia":[{"embeddable":true,"href":"https:\/\/serveiseducatius.xtec.cat\/baixllobregat6\/wp-json\/wp\/v2\/media\/26842"}],"wp:attachment":[{"href":"https:\/\/serveiseducatius.xtec.cat\/baixllobregat6\/wp-json\/wp\/v2\/media?parent=26831"}],"wp:term":[{"taxonomy":"category","embeddable":true,"href":"https:\/\/serveiseducatius.xtec.cat\/baixllobregat6\/wp-json\/wp\/v2\/categories?post=26831"},{"taxonomy":"post_tag","embeddable":true,"href":"https:\/\/serveiseducatius.xtec.cat\/baixllobregat6\/wp-json\/wp\/v2\/tags?post=26831"}],"curies":[{"name":"wp","href":"https:\/\/api.w.org\/{rel}","templated":true}]}}