{"id":26818,"date":"2024-03-08T10:16:36","date_gmt":"2024-03-08T09:16:36","guid":{"rendered":"https:\/\/serveiseducatius.xtec.cat\/baixllobregat6\/?p=26818"},"modified":"2024-06-06T10:26:12","modified_gmt":"2024-06-06T08:26:12","slug":"el-grup-de-mestres-deducacio-fisica-mobilitza-mil-cinc-cents-alumnes-de-sant-vicenc-dels-horts-a-les-14-jornades-escolars-datletisme","status":"publish","type":"post","link":"https:\/\/serveiseducatius.xtec.cat\/baixllobregat6\/se-baixllobregat6\/el-grup-de-mestres-deducacio-fisica-mobilitza-mil-cinc-cents-alumnes-de-sant-vicenc-dels-horts-a-les-14-jornades-escolars-datletisme\/","title":{"rendered":"El Grup de Mestres d\u2019Educaci\u00f3 F\u00edsica mobilitza mil cinc-cents alumnes de Sant Vicen\u00e7 dels Horts a les 14 Jornades Escolars d\u2019Atletisme"},"content":{"rendered":"<p><span style=\"font-weight: 400;\"><img loading=\"lazy\" decoding=\"async\" class=\" wp-image-26985 alignleft\" src=\"https:\/\/serveiseducatius.xtec.cat\/baixllobregat6\/wp-content\/uploads\/usu778\/2024\/05\/JORNADA_24.png\" alt=\"JORNADA_24\" width=\"536\" height=\"533\" srcset=\"https:\/\/serveiseducatius.xtec.cat\/baixllobregat6\/wp-content\/uploads\/usu778\/2024\/05\/JORNADA_24.png 643w, https:\/\/serveiseducatius.xtec.cat\/baixllobregat6\/wp-content\/uploads\/usu778\/2024\/05\/JORNADA_24-520x517.png 520w, https:\/\/serveiseducatius.xtec.cat\/baixllobregat6\/wp-content\/uploads\/usu778\/2024\/05\/JORNADA_24-150x150.png 150w\" sizes=\"auto, (max-width: 536px) 100vw, 536px\" \/>Els passats dies 4,5 i 6 de mar\u00e7 de 2024 es va celebrar al camp de Futbol de la Barruana la 14 edici\u00f3 de les jornades d&#8217;atletisme escolar. Aquesta activitat que es va iniciar el curs 2007- 2008 junt amb la posada en marxa del Pla Educatiu d&#8217;Entorn continua promovent <\/span><span style=\"font-weight: 400;\">l\u2019activitat f\u00edsica, l\u2019adquisici\u00f3 de valors, h\u00e0bits esportius i la cohesi\u00f3 social. <\/span><\/p>\n<p><span style=\"font-weight: 400;\">Des del curs passat, a m\u00e9s de la participaci\u00f3 activa de l&#8217;alumnat, mestres i fam\u00edlies, compta amb la col\u00b7laboraci\u00f3 de l&#8217;alumnat de Cicles Formatiu Grau Superior Ensenyament i Animaci\u00f3 Socioesportiva de l<a href=\"https:\/\/www.insdanielblanxart.cat\/\" target=\"_blank\" rel=\"noopener\">&#8216;institut Daniel Blanxart<\/a> d&#8217;Olesa de Montserrat.<\/span><\/p>\n<p><span style=\"font-weight: 400;\">Enguany\u00a0 m\u00e9s de 1500 alumnes, distribu\u00efts en 3 dies, per cicles, han realitzat un circuit amb diferents modalitats com la cursa de resist\u00e8ncia, de velocitat o llan\u00e7ament de pes.<\/span><\/p>\n<p>Des d&#8217;aquestes l\u00ednies volem agrair la participaci\u00f3 i col\u00b7laboraci\u00f3 de totes les entitats i persones que han fet possible aquesta jornada: l&#8217;\u00e0rea d&#8217;educaci\u00f3 de l&#8217;ajuntament de Sant Vicen\u00e7 dels Horts, el professorat i alumnat dels CFGS Ensenyament i Animaci\u00f3 Socioesportiva de l<a href=\"https:\/\/www.insdanielblanxart.cat\/\" target=\"_blank\" rel=\"noopener\">&#8216;institut Daniel Blanxart<\/a> d&#8217;Olesa de Montserrat, el grup de mestres d&#8217;educaci\u00f3 f\u00edsica que cada curs al seminari prepara i supervisa les activitats de la jornada, es fam\u00edlies que acompanyen als diferents grups i sobretot l&#8217;alumnat que \u00e9s el protagonista i participa posant a prova les seves habilitats f\u00edsiques respectant els valors i normes que suposa practicar un esport<\/p>\n","protected":false},"excerpt":{"rendered":"<p>Els passats dies 4,5 i 6 de mar\u00e7 de 2024 es va celebrar al camp de Futbol de la Barruana la 14 edici\u00f3 de les jornades d&#8217;atletisme escolar. Aquesta activitat que es va iniciar el curs 2007- 2008 junt amb la posada en marxa del Pla Educatiu d&#8217;Entorn continua promovent l\u2019activitat f\u00edsica, l\u2019adquisici\u00f3 de valors, [&hellip;]<\/p>\n","protected":false},"author":1,"featured_media":26985,"comment_status":"closed","ping_status":"closed","sticky":false,"template":"","format":"standard","meta":{"_bbp_topic_count":0,"_bbp_reply_count":0,"_bbp_total_topic_count":0,"_bbp_total_reply_count":0,"_bbp_voice_count":0,"_bbp_anonymous_reply_count":0,"_bbp_topic_count_hidden":0,"_bbp_reply_count_hidden":0,"_bbp_forum_subforum_count":0,"site-sidebar-layout":"default","site-content-layout":"","ast-site-content-layout":"","site-content-style":"default","site-sidebar-style":"default","ast-global-header-display":"","ast-banner-title-visibility":"","ast-main-header-display":"","ast-hfb-above-header-display":"","ast-hfb-below-header-display":"","ast-hfb-mobile-header-display":"","site-post-title":"","ast-breadcrumbs-content":"","ast-featured-img":"","footer-sml-layout":"","theme-transparent-header-meta":"","adv-header-id-meta":"","stick-header-meta":"","header-above-stick-meta":"","header-main-stick-meta":"","header-below-stick-meta":"","astra-migrate-meta-layouts":"default","ast-page-background-enabled":"default","ast-page-background-meta":{"desktop":{"background-color":"var(--ast-global-color-4)","background-image":"","background-repeat":"repeat","background-position":"center center","background-size":"auto","background-attachment":"scroll","background-type":"","background-media":"","overlay-type":"","overlay-color":"","overlay-opacity":"","overlay-gradient":""},"tablet":{"background-color":"","background-image":"","background-repeat":"repeat","background-position":"center center","background-size":"auto","background-attachment":"scroll","background-type":"","background-media":"","overlay-type":"","overlay-color":"","overlay-opacity":"","overlay-gradient":""},"mobile":{"background-color":"","background-image":"","background-repeat":"repeat","background-position":"center center","background-size":"auto","background-attachment":"scroll","background-type":"","background-media":"","overlay-type":"","overlay-color":"","overlay-opacity":"","overlay-gradient":""}},"ast-content-background-meta":{"desktop":{"background-color":"var(--ast-global-color-5)","background-image":"","background-repeat":"repeat","background-position":"center center","background-size":"auto","background-attachment":"scroll","background-type":"","background-media":"","overlay-type":"","overlay-color":"","overlay-opacity":"","overlay-gradient":""},"tablet":{"background-color":"var(--ast-global-color-5)","background-image":"","background-repeat":"repeat","background-position":"center center","background-size":"auto","background-attachment":"scroll","background-type":"","background-media":"","overlay-type":"","overlay-color":"","overlay-opacity":"","overlay-gradient":""},"mobile":{"background-color":"var(--ast-global-color-5)","background-image":"","background-repeat":"repeat","background-position":"center center","background-size":"auto","background-attachment":"scroll","background-type":"","background-media":"","overlay-type":"","overlay-color":"","overlay-opacity":"","overlay-gradient":""}},"footnotes":""},"categories":[162,29],"tags":[2894,251,2886,2885,437,1534],"class_list":["post-26818","post","type-post","status-publish","format-standard","has-post-thumbnail","hentry","category-actualitat","category-se-baixllobregat6","tag-activitats-amb-alumnat","tag-atletisme","tag-crp-baix-llobregat-6","tag-curs-23-24","tag-educacio-fisica","tag-portada"],"post_mailing_queue_ids":[],"_links":{"self":[{"href":"https:\/\/serveiseducatius.xtec.cat\/baixllobregat6\/wp-json\/wp\/v2\/posts\/26818","targetHints":{"allow":["GET"]}}],"collection":[{"href":"https:\/\/serveiseducatius.xtec.cat\/baixllobregat6\/wp-json\/wp\/v2\/posts"}],"about":[{"href":"https:\/\/serveiseducatius.xtec.cat\/baixllobregat6\/wp-json\/wp\/v2\/types\/post"}],"author":[{"embeddable":true,"href":"https:\/\/serveiseducatius.xtec.cat\/baixllobregat6\/wp-json\/wp\/v2\/users\/1"}],"replies":[{"embeddable":true,"href":"https:\/\/serveiseducatius.xtec.cat\/baixllobregat6\/wp-json\/wp\/v2\/comments?post=26818"}],"version-history":[{"count":3,"href":"https:\/\/serveiseducatius.xtec.cat\/baixllobregat6\/wp-json\/wp\/v2\/posts\/26818\/revisions"}],"predecessor-version":[{"id":26986,"href":"https:\/\/serveiseducatius.xtec.cat\/baixllobregat6\/wp-json\/wp\/v2\/posts\/26818\/revisions\/26986"}],"wp:featuredmedia":[{"embeddable":true,"href":"https:\/\/serveiseducatius.xtec.cat\/baixllobregat6\/wp-json\/wp\/v2\/media\/26985"}],"wp:attachment":[{"href":"https:\/\/serveiseducatius.xtec.cat\/baixllobregat6\/wp-json\/wp\/v2\/media?parent=26818"}],"wp:term":[{"taxonomy":"category","embeddable":true,"href":"https:\/\/serveiseducatius.xtec.cat\/baixllobregat6\/wp-json\/wp\/v2\/categories?post=26818"},{"taxonomy":"post_tag","embeddable":true,"href":"https:\/\/serveiseducatius.xtec.cat\/baixllobregat6\/wp-json\/wp\/v2\/tags?post=26818"}],"curies":[{"name":"wp","href":"https:\/\/api.w.org\/{rel}","templated":true}]}}