{"id":26810,"date":"2024-04-05T08:05:58","date_gmt":"2024-04-05T06:05:58","guid":{"rendered":"https:\/\/serveiseducatius.xtec.cat\/baixllobregat6\/?p=26810"},"modified":"2024-04-02T16:09:23","modified_gmt":"2024-04-02T14:09:23","slug":"12-dabril-cloenda-programa-sharing-to-learn-2024","status":"publish","type":"post","link":"https:\/\/serveiseducatius.xtec.cat\/baixllobregat6\/se-baixllobregat6\/12-dabril-cloenda-programa-sharing-to-learn-2024\/","title":{"rendered":"12 d&#8217;abril cloenda Programa Sharing to Learn 2024"},"content":{"rendered":"<p><img loading=\"lazy\" decoding=\"async\" class=\"alignleft size-medium wp-image-26815\" src=\"https:\/\/serveiseducatius.xtec.cat\/baixllobregat6\/wp-content\/uploads\/usu778\/2024\/04\/collage_Sharing-520x520.png\" alt=\"Collage_Sharing 24\" width=\"520\" height=\"520\" srcset=\"https:\/\/serveiseducatius.xtec.cat\/baixllobregat6\/wp-content\/uploads\/usu778\/2024\/04\/collage_Sharing-520x520.png 520w, https:\/\/serveiseducatius.xtec.cat\/baixllobregat6\/wp-content\/uploads\/usu778\/2024\/04\/collage_Sharing-150x150.png 150w, https:\/\/serveiseducatius.xtec.cat\/baixllobregat6\/wp-content\/uploads\/usu778\/2024\/04\/collage_Sharing.png 522w\" sizes=\"auto, (max-width: 520px) 100vw, 520px\" \/>En breu estar\u00e0 tot a punt per celebrar l&#8217;<strong>acte de cloenda<\/strong> del<strong> Programa Sharing to Learn 2024<\/strong> que es realitzar\u00e0 a l<strong>&#8216;<a href=\"https:\/\/sites.google.com\/xtec.cat\/insvalldarus\" target=\"_blank\" rel=\"noopener\">institut Vall d&#8217;Ar\u00fas<\/a> de Vallirana el proper 12 d&#8217;abril a les 11hores<\/strong>.<\/p>\n<p>Enguany els m\u00e9s de 40 Language Assistants participaran en l&#8217;acte conjuntament amb una representaci\u00f3 de l&#8217;alumnat de cicle superior de les escoles de prim\u00e0ria de Vallirana per finalitzar aquesta experi\u00e8ncia,<\/p>\n<p>Al llarg d&#8217;aquests mesos aquest projecte ha afavorit l\u2019intercanvi entre l&#8217;alumnat de diferents etapes educatives que han posat a prova la seva expressi\u00f3 oral en llengua anglesa.<b><\/b><\/p>\n<p>&nbsp;<\/p>\n","protected":false},"excerpt":{"rendered":"<p>En breu estar\u00e0 tot a punt per celebrar l&#8217;acte de cloenda del Programa Sharing to Learn 2024 que es realitzar\u00e0 a l&#8216;institut Vall d&#8217;Ar\u00fas de Vallirana el proper 12 d&#8217;abril a les 11hores. Enguany els m\u00e9s de 40 Language Assistants participaran en l&#8217;acte conjuntament amb una representaci\u00f3 de l&#8217;alumnat de cicle superior de les escoles [&hellip;]<\/p>\n","protected":false},"author":1,"featured_media":26815,"comment_status":"closed","ping_status":"closed","sticky":false,"template":"","format":"standard","meta":{"_bbp_topic_count":0,"_bbp_reply_count":0,"_bbp_total_topic_count":0,"_bbp_total_reply_count":0,"_bbp_voice_count":0,"_bbp_anonymous_reply_count":0,"_bbp_topic_count_hidden":0,"_bbp_reply_count_hidden":0,"_bbp_forum_subforum_count":0,"site-sidebar-layout":"default","site-content-layout":"","ast-site-content-layout":"","site-content-style":"default","site-sidebar-style":"default","ast-global-header-display":"","ast-banner-title-visibility":"","ast-main-header-display":"","ast-hfb-above-header-display":"","ast-hfb-below-header-display":"","ast-hfb-mobile-header-display":"","site-post-title":"","ast-breadcrumbs-content":"","ast-featured-img":"","footer-sml-layout":"","theme-transparent-header-meta":"","adv-header-id-meta":"","stick-header-meta":"","header-above-stick-meta":"","header-main-stick-meta":"","header-below-stick-meta":"","astra-migrate-meta-layouts":"default","ast-page-background-enabled":"default","ast-page-background-meta":{"desktop":{"background-color":"var(--ast-global-color-4)","background-image":"","background-repeat":"repeat","background-position":"center center","background-size":"auto","background-attachment":"scroll","background-type":"","background-media":"","overlay-type":"","overlay-color":"","overlay-opacity":"","overlay-gradient":""},"tablet":{"background-color":"","background-image":"","background-repeat":"repeat","background-position":"center center","background-size":"auto","background-attachment":"scroll","background-type":"","background-media":"","overlay-type":"","overlay-color":"","overlay-opacity":"","overlay-gradient":""},"mobile":{"background-color":"","background-image":"","background-repeat":"repeat","background-position":"center center","background-size":"auto","background-attachment":"scroll","background-type":"","background-media":"","overlay-type":"","overlay-color":"","overlay-opacity":"","overlay-gradient":""}},"ast-content-background-meta":{"desktop":{"background-color":"var(--ast-global-color-5)","background-image":"","background-repeat":"repeat","background-position":"center center","background-size":"auto","background-attachment":"scroll","background-type":"","background-media":"","overlay-type":"","overlay-color":"","overlay-opacity":"","overlay-gradient":""},"tablet":{"background-color":"var(--ast-global-color-5)","background-image":"","background-repeat":"repeat","background-position":"center center","background-size":"auto","background-attachment":"scroll","background-type":"","background-media":"","overlay-type":"","overlay-color":"","overlay-opacity":"","overlay-gradient":""},"mobile":{"background-color":"var(--ast-global-color-5)","background-image":"","background-repeat":"repeat","background-position":"center center","background-size":"auto","background-attachment":"scroll","background-type":"","background-media":"","overlay-type":"","overlay-color":"","overlay-opacity":"","overlay-gradient":""}},"footnotes":""},"categories":[162,176,29],"tags":[2894,239,2886,403,701,1534,1817],"class_list":["post-26810","post","type-post","status-publish","format-standard","has-post-thumbnail","hentry","category-actualitat","category-dinamica-educativa-sant-vicenc-dels-horts","category-se-baixllobregat6","tag-activitats-amb-alumnat","tag-aps","tag-crp-baix-llobregat-6","tag-dinamica-educativa","tag-llengua-anglesa","tag-portada","tag-sharing-to-learn"],"post_mailing_queue_ids":[],"_links":{"self":[{"href":"https:\/\/serveiseducatius.xtec.cat\/baixllobregat6\/wp-json\/wp\/v2\/posts\/26810","targetHints":{"allow":["GET"]}}],"collection":[{"href":"https:\/\/serveiseducatius.xtec.cat\/baixllobregat6\/wp-json\/wp\/v2\/posts"}],"about":[{"href":"https:\/\/serveiseducatius.xtec.cat\/baixllobregat6\/wp-json\/wp\/v2\/types\/post"}],"author":[{"embeddable":true,"href":"https:\/\/serveiseducatius.xtec.cat\/baixllobregat6\/wp-json\/wp\/v2\/users\/1"}],"replies":[{"embeddable":true,"href":"https:\/\/serveiseducatius.xtec.cat\/baixllobregat6\/wp-json\/wp\/v2\/comments?post=26810"}],"version-history":[{"count":2,"href":"https:\/\/serveiseducatius.xtec.cat\/baixllobregat6\/wp-json\/wp\/v2\/posts\/26810\/revisions"}],"predecessor-version":[{"id":26817,"href":"https:\/\/serveiseducatius.xtec.cat\/baixllobregat6\/wp-json\/wp\/v2\/posts\/26810\/revisions\/26817"}],"wp:featuredmedia":[{"embeddable":true,"href":"https:\/\/serveiseducatius.xtec.cat\/baixllobregat6\/wp-json\/wp\/v2\/media\/26815"}],"wp:attachment":[{"href":"https:\/\/serveiseducatius.xtec.cat\/baixllobregat6\/wp-json\/wp\/v2\/media?parent=26810"}],"wp:term":[{"taxonomy":"category","embeddable":true,"href":"https:\/\/serveiseducatius.xtec.cat\/baixllobregat6\/wp-json\/wp\/v2\/categories?post=26810"},{"taxonomy":"post_tag","embeddable":true,"href":"https:\/\/serveiseducatius.xtec.cat\/baixllobregat6\/wp-json\/wp\/v2\/tags?post=26810"}],"curies":[{"name":"wp","href":"https:\/\/api.w.org\/{rel}","templated":true}]}}