{"id":26540,"date":"2024-02-29T13:48:14","date_gmt":"2024-02-29T12:48:14","guid":{"rendered":"https:\/\/serveiseducatius.xtec.cat\/baixllobregat6\/?p=26540"},"modified":"2024-03-05T15:39:16","modified_gmt":"2024-03-05T14:39:16","slug":"presentacio-i-documents-dorientacions-de-la-lectura-literaria-als-centres-educatius","status":"publish","type":"post","link":"https:\/\/serveiseducatius.xtec.cat\/baixllobregat6\/se-baixllobregat6\/presentacio-i-documents-dorientacions-de-la-lectura-literaria-als-centres-educatius\/","title":{"rendered":"Presentaci\u00f3 i documents d\u2019orientacions de la lectura liter\u00e0ria als centres educatius"},"content":{"rendered":"<p><a href=\"https:\/\/projectes.xtec.cat\/educacio-literaria\/general\/la-lectura-literaria-a-laula-orientacions-didactiques-de-0-a-18-anys\/?_ga=2.46147239.1628528494.1709138011-2019026101.1599639094\" target=\"_blank\" rel=\"noopener\">El Departament d\u2019Educaci\u00f3, a la <strong>web d\u2019educaci\u00f3 liter\u00e0ria<\/strong><\/a><strong>\u00a0<\/strong>ofereix\u00a0<strong> tres documents d\u2019orientacions per a tots els nivells educatiu<\/strong>s, de 0 a 18 anys, amb la finalitat d<strong>\u2019acompanyar els docents en el desplegament del nou curr\u00edculum a l\u2019aula, centrada en la compet\u00e8ncia del lector per interpretar i llegir textos literaris.<\/strong><\/p>\n<p><strong>Qu\u00e8 entenem per ser bon lector a cada nivell educatiu?<\/strong>\u00a0En quin entorn, recursos, experi\u00e8ncia lectora pr\u00e8via, com passen d\u2019un llibre a un altre (itinerari lector), interessos, espais per compartir, \u2026Comencem en observar l\u2019univers lector de cada alumne, per diversificar en g\u00e8neres, en complexitat, en capacitat lectora, en habilitats lectores, en la formaci\u00f3 liter\u00e0ria,\u00a0 en bagatge lector, en moments de plaer lector,\u2026<\/p>\n<p>Us compartim la presentaci\u00f3 dels documents del dia 28 de febrer,\u00a0 on donen, idees per al foment de la lectura i la interpretaci\u00f3 liter\u00e0ria al centre, exposen pr\u00e0ctiques i destaquen el paper del mediador o docent (claustre) en la lectura, com a pr\u00e0ctica social que traspassa el centre docent amb reptes que cal anar afrontant progressivament.<\/p>\n<p><iframe loading=\"lazy\" title=\"YouTube video player\" src=\"https:\/\/www.youtube.com\/embed\/UYBfwwcUtjs?si=dQGeD2_1r3_oleun\" width=\"560\" height=\"315\" frameborder=\"0\" allowfullscreen=\"allowfullscreen\"><\/iframe><\/p>\n<p><a href=\"https:\/\/repositori.educacio.gencat.cat\/handle\/20.500.12694\/5709#page=1\" target=\"_blank\" rel=\"noopener\"><img loading=\"lazy\" decoding=\"async\" class=\"alignnone wp-image-18935\" src=\"https:\/\/serveiseducatius.xtec.cat\/riberadebre\/wp-content\/uploads\/usu1126\/2024\/02\/lectura-ed-infantil.jpg\" sizes=\"auto, (max-width: 221px) 100vw, 221px\" srcset=\"https:\/\/serveiseducatius.xtec.cat\/riberadebre\/wp-content\/uploads\/usu1126\/2024\/02\/lectura-ed-infantil.jpg 362w, https:\/\/serveiseducatius.xtec.cat\/riberadebre\/wp-content\/uploads\/usu1126\/2024\/02\/lectura-ed-infantil-206x300.jpg 206w\" alt=\"\" width=\"221\" height=\"321\" \/><\/a><a href=\"https:\/\/serveiseducatius.xtec.cat\/riberadebre\/wp-content\/uploads\/usu1126\/2024\/02\/doc-lectura-literaria-ESO-i-Bat.jpg\">\u00a0 \u00a0 \u00a0 \u00a0 \u00a0<\/a><a href=\"https:\/\/repositori.educacio.gencat.cat\/handle\/20.500.12694\/5710#page=1\" target=\"_blank\" rel=\"noopener\"><img loading=\"lazy\" decoding=\"async\" class=\"alignnone wp-image-18930\" src=\"https:\/\/serveiseducatius.xtec.cat\/riberadebre\/wp-content\/uploads\/usu1126\/2024\/02\/doc-ed-literaria-primaria-1.jpg\" sizes=\"auto, (max-width: 226px) 100vw, 226px\" srcset=\"https:\/\/serveiseducatius.xtec.cat\/riberadebre\/wp-content\/uploads\/usu1126\/2024\/02\/doc-ed-literaria-primaria-1.jpg 397w, https:\/\/serveiseducatius.xtec.cat\/riberadebre\/wp-content\/uploads\/usu1126\/2024\/02\/doc-ed-literaria-primaria-1-212x300.jpg 212w\" alt=\"\" width=\"226\" height=\"321\" \/>\u00a0\u00a0 \u00a0<\/a><a href=\"https:\/\/repositori.educacio.gencat.cat\/handle\/20.500.12694\/5711#page=1\" target=\"_blank\" rel=\"noopener\"><img loading=\"lazy\" decoding=\"async\" class=\"alignnone wp-image-18928\" src=\"https:\/\/serveiseducatius.xtec.cat\/riberadebre\/wp-content\/uploads\/usu1126\/2024\/02\/doc-lectura-literaria-ESO-i-Bat.jpg\" sizes=\"auto, (max-width: 230px) 100vw, 230px\" srcset=\"https:\/\/serveiseducatius.xtec.cat\/riberadebre\/wp-content\/uploads\/usu1126\/2024\/02\/doc-lectura-literaria-ESO-i-Bat.jpg 369w, https:\/\/serveiseducatius.xtec.cat\/riberadebre\/wp-content\/uploads\/usu1126\/2024\/02\/doc-lectura-literaria-ESO-i-Bat-211x300.jpg 211w\" alt=\"\" width=\"230\" height=\"328\" \/><\/a><\/p>\n<p><a href=\"https:\/\/projectes.xtec.cat\/bescat\/general\/la-lectura-literaria-de-0-a-18-anys-enregistraments-i-materials-didactics\/\"><span style=\"font-weight: 400;\">Acc\u00e9s a tots els\u00a0 enregistraments i materials<\/span><\/a><br \/>\nUn dels quadres resum de les recomanacions de pr\u00e0ctiques lectores a l\u2019educaci\u00f3 prim\u00e0ria del document:<\/p>\n<p><a href=\"https:\/\/serveiseducatius.xtec.cat\/riberadebre\/wp-content\/uploads\/usu1126\/2024\/02\/practiques-educacio-literaria-primaria.jpg\"><img loading=\"lazy\" decoding=\"async\" class=\"alignnone size-full wp-image-18932\" src=\"https:\/\/serveiseducatius.xtec.cat\/riberadebre\/wp-content\/uploads\/usu1126\/2024\/02\/practiques-educacio-literaria-primaria.jpg\" sizes=\"auto, (max-width: 856px) 100vw, 856px\" srcset=\"https:\/\/serveiseducatius.xtec.cat\/riberadebre\/wp-content\/uploads\/usu1126\/2024\/02\/practiques-educacio-literaria-primaria.jpg 856w, https:\/\/serveiseducatius.xtec.cat\/riberadebre\/wp-content\/uploads\/usu1126\/2024\/02\/practiques-educacio-literaria-primaria-300x171.jpg 300w, https:\/\/serveiseducatius.xtec.cat\/riberadebre\/wp-content\/uploads\/usu1126\/2024\/02\/practiques-educacio-literaria-primaria-768x437.jpg 768w\" alt=\"\" width=\"856\" height=\"487\" \/><\/a><\/p>\n","protected":false},"excerpt":{"rendered":"<p>El Departament d\u2019Educaci\u00f3, a la web d\u2019educaci\u00f3 liter\u00e0ria\u00a0ofereix\u00a0 tres documents d\u2019orientacions per a tots els nivells educatius, de 0 a 18 anys, amb la finalitat d\u2019acompanyar els docents en el desplegament del nou curr\u00edculum a l\u2019aula, centrada en la compet\u00e8ncia del lector per interpretar i llegir textos literaris. Qu\u00e8 entenem per ser bon lector a [&hellip;]<\/p>\n","protected":false},"author":1,"featured_media":26541,"comment_status":"closed","ping_status":"closed","sticky":false,"template":"","format":"standard","meta":{"_bbp_topic_count":0,"_bbp_reply_count":0,"_bbp_total_topic_count":0,"_bbp_total_reply_count":0,"_bbp_voice_count":0,"_bbp_anonymous_reply_count":0,"_bbp_topic_count_hidden":0,"_bbp_reply_count_hidden":0,"_bbp_forum_subforum_count":0,"site-sidebar-layout":"default","site-content-layout":"","ast-site-content-layout":"","site-content-style":"default","site-sidebar-style":"default","ast-global-header-display":"","ast-banner-title-visibility":"","ast-main-header-display":"","ast-hfb-above-header-display":"","ast-hfb-below-header-display":"","ast-hfb-mobile-header-display":"","site-post-title":"","ast-breadcrumbs-content":"","ast-featured-img":"","footer-sml-layout":"","theme-transparent-header-meta":"","adv-header-id-meta":"","stick-header-meta":"","header-above-stick-meta":"","header-main-stick-meta":"","header-below-stick-meta":"","astra-migrate-meta-layouts":"default","ast-page-background-enabled":"default","ast-page-background-meta":{"desktop":{"background-color":"var(--ast-global-color-4)","background-image":"","background-repeat":"repeat","background-position":"center center","background-size":"auto","background-attachment":"scroll","background-type":"","background-media":"","overlay-type":"","overlay-color":"","overlay-opacity":"","overlay-gradient":""},"tablet":{"background-color":"","background-image":"","background-repeat":"repeat","background-position":"center center","background-size":"auto","background-attachment":"scroll","background-type":"","background-media":"","overlay-type":"","overlay-color":"","overlay-opacity":"","overlay-gradient":""},"mobile":{"background-color":"","background-image":"","background-repeat":"repeat","background-position":"center center","background-size":"auto","background-attachment":"scroll","background-type":"","background-media":"","overlay-type":"","overlay-color":"","overlay-opacity":"","overlay-gradient":""}},"ast-content-background-meta":{"desktop":{"background-color":"var(--ast-global-color-5)","background-image":"","background-repeat":"repeat","background-position":"center center","background-size":"auto","background-attachment":"scroll","background-type":"","background-media":"","overlay-type":"","overlay-color":"","overlay-opacity":"","overlay-gradient":""},"tablet":{"background-color":"var(--ast-global-color-5)","background-image":"","background-repeat":"repeat","background-position":"center center","background-size":"auto","background-attachment":"scroll","background-type":"","background-media":"","overlay-type":"","overlay-color":"","overlay-opacity":"","overlay-gradient":""},"mobile":{"background-color":"var(--ast-global-color-5)","background-image":"","background-repeat":"repeat","background-position":"center center","background-size":"auto","background-attachment":"scroll","background-type":"","background-media":"","overlay-type":"","overlay-color":"","overlay-opacity":"","overlay-gradient":""}},"footnotes":""},"categories":[162,1078,81,1099,29],"tags":[2886,2934,684,2625,2930,2366,1534],"class_list":["post-26540","post","type-post","status-publish","format-standard","has-post-thumbnail","hentry","category-actualitat","category-informacions","category-biblioteca-escolar","category-dinamitzacio-de-la-biblioteca","category-se-baixllobregat6","tag-crp-baix-llobregat-6","tag-documents","tag-lectura-infantil-i-primaria","tag-lectura-secundaria","tag-lomloe","tag-orientacions","tag-portada"],"post_mailing_queue_ids":[],"_links":{"self":[{"href":"https:\/\/serveiseducatius.xtec.cat\/baixllobregat6\/wp-json\/wp\/v2\/posts\/26540","targetHints":{"allow":["GET"]}}],"collection":[{"href":"https:\/\/serveiseducatius.xtec.cat\/baixllobregat6\/wp-json\/wp\/v2\/posts"}],"about":[{"href":"https:\/\/serveiseducatius.xtec.cat\/baixllobregat6\/wp-json\/wp\/v2\/types\/post"}],"author":[{"embeddable":true,"href":"https:\/\/serveiseducatius.xtec.cat\/baixllobregat6\/wp-json\/wp\/v2\/users\/1"}],"replies":[{"embeddable":true,"href":"https:\/\/serveiseducatius.xtec.cat\/baixllobregat6\/wp-json\/wp\/v2\/comments?post=26540"}],"version-history":[{"count":3,"href":"https:\/\/serveiseducatius.xtec.cat\/baixllobregat6\/wp-json\/wp\/v2\/posts\/26540\/revisions"}],"predecessor-version":[{"id":26580,"href":"https:\/\/serveiseducatius.xtec.cat\/baixllobregat6\/wp-json\/wp\/v2\/posts\/26540\/revisions\/26580"}],"wp:featuredmedia":[{"embeddable":true,"href":"https:\/\/serveiseducatius.xtec.cat\/baixllobregat6\/wp-json\/wp\/v2\/media\/26541"}],"wp:attachment":[{"href":"https:\/\/serveiseducatius.xtec.cat\/baixllobregat6\/wp-json\/wp\/v2\/media?parent=26540"}],"wp:term":[{"taxonomy":"category","embeddable":true,"href":"https:\/\/serveiseducatius.xtec.cat\/baixllobregat6\/wp-json\/wp\/v2\/categories?post=26540"},{"taxonomy":"post_tag","embeddable":true,"href":"https:\/\/serveiseducatius.xtec.cat\/baixllobregat6\/wp-json\/wp\/v2\/tags?post=26540"}],"curies":[{"name":"wp","href":"https:\/\/api.w.org\/{rel}","templated":true}]}}