{"id":26253,"date":"2024-01-25T08:00:38","date_gmt":"2024-01-25T07:00:38","guid":{"rendered":"https:\/\/serveiseducatius.xtec.cat\/baixllobregat6\/?p=26253"},"modified":"2024-01-26T12:23:49","modified_gmt":"2024-01-26T11:23:49","slug":"apuntat-fotonica-en-5-minuts-eso-i-batxillerat-women-in-science-month","status":"publish","type":"post","link":"https:\/\/serveiseducatius.xtec.cat\/baixllobregat6\/se-baixllobregat6\/apuntat-fotonica-en-5-minuts-eso-i-batxillerat-women-in-science-month\/","title":{"rendered":"Apunta&#8217;t: Fot\u00f2nica en 5 minuts! ESO i Batxillerat. Women in Science Month\u00a0"},"content":{"rendered":"<p><a href=\"https:\/\/serveiseducatius.xtec.cat\/baixllobregat6\/se-baixllobregat6\/apuntat-fotonica-en-5-minuts-eso-i-batxillerat-women-in-science-month\/attachment\/fotonica24\/\" rel=\"attachment wp-att-26254\"><img loading=\"lazy\" decoding=\"async\" class=\" wp-image-26254 aligncenter\" src=\"https:\/\/serveiseducatius.xtec.cat\/baixllobregat6\/wp-content\/uploads\/usu778\/2024\/01\/Fotonica24.jpg\" alt=\"Fotonica24\" width=\"660\" height=\"508\" srcset=\"https:\/\/serveiseducatius.xtec.cat\/baixllobregat6\/wp-content\/uploads\/usu778\/2024\/01\/Fotonica24.jpg 1024w, https:\/\/serveiseducatius.xtec.cat\/baixllobregat6\/wp-content\/uploads\/usu778\/2024\/01\/Fotonica24-520x400.jpg 520w, https:\/\/serveiseducatius.xtec.cat\/baixllobregat6\/wp-content\/uploads\/usu778\/2024\/01\/Fotonica24-768x591.jpg 768w\" sizes=\"auto, (max-width: 660px) 100vw, 660px\" \/><\/a><\/p>\n<div class=\"et_pb_module et_pb_text et_pb_text_0 et_pb_text_align_left et_pb_bg_layout_light\">\n<div class=\"et_pb_text_inner\">\n<h1 style=\"text-align: center;\"><span style=\"color: #333399;\">FOT\u00d2NICA EN 5 MINUTS!<\/span><\/h1>\n<h3 style=\"text-align: center;\"><span style=\"color: #333399;\">DIA INTERNACIONAL DE LA DONA I LA NENA EN LA CI\u00c8NCIA<\/span><\/h3>\n<\/div>\n<\/div>\n<div class=\"et_pb_module et_pb_text et_pb_text_1 et_pb_text_align_left et_pb_bg_layout_light\">\n<div class=\"et_pb_text_inner\">\n<h1 style=\"text-align: center;\"><span style=\"color: #333399;\">9 DE FEBRER DE 2024<\/span><\/h1>\n<h1 style=\"text-align: center;\"><span style=\"color: #333399;\">10:30 CET<\/span><\/h1>\n<\/div>\n<\/div>\n<p>Descobreix el m\u00f3n de la fot\u00f2nica a trav\u00e9s de 4 especialistes de l\u2019ICFO, que explicaran per qu\u00e8 la fot\u00f2nica \u00e9s important per a la seva investigaci\u00f3 i la societat. Cada ponent tindr\u00e0 5 minuts per donar la seva xerrada de forma entretinguda i entenedora. Podr\u00e0s tamb\u00e9 enviar-li les teves preguntes sobre ci\u00e8ncia i les seves carreres en directe.<\/p>\n<p>Aquest esdeveniment est\u00e0 dirigit a l\u2019alumnat del segon cicle de l\u2019ESO i de batxillerat.<\/p>\n<div class=\"et_pb_row et_pb_row_0 et_pb_row_fullwidth et_pb_equal_columns et_pb_gutters1\">\n<div class=\"et_pb_column et_pb_column_1_3 et_pb_column_1 et_pb_css_mix_blend_mode_passthrough\">\n<div class=\"et_pb_module et_pb_text et_pb_text_2 et_pb_text_align_left et_pb_bg_layout_light\">\n<div class=\"et_pb_text_inner\">\n<p><strong>Fot\u00f2nica en 5 minuts!<\/strong>\u00a0est\u00e0 organitzat en el marc del\u00a0<strong>Women in Science Month<\/strong>\u00a0de l\u2019ICFO per celebrar el\u00a0<strong>Dia Internacional de la Dona i la Nena en la Ci\u00e8ncia<\/strong>, sumant-nos a la\u00a0<a href=\"https:\/\/11defebrero.org\/\" target=\"_blank\" rel=\"noopener\"><strong>Iniciativa 11 de Febrero<\/strong>.<\/a><\/p>\n<\/div>\n<\/div>\n<div><\/div>\n<div class=\"et_pb_button_module_wrapper et_pb_button_1_wrapper et_pb_button_alignment_left et_pb_module \"><strong>INSCRIPCI\u00d3<\/strong>:\u00a0<a id=\"botons\" class=\"et_pb_button et_pb_button_1 botons et_hover_enabled et_pb_bg_layout_light\" href=\"https:\/\/forms.office.com\/e\/7CWtVahBNM\" target=\"_blank\" rel=\"noopener\">Apunta\u2019t aqu\u00ed<\/a><\/div>\n<\/div>\n<\/div>\n<div class=\"et_pb_row et_pb_row_1 et_pb_row_fullwidth et_pb_equal_columns et_pb_gutters1\">\n<div class=\"et_pb_column et_pb_column_1_3 et_pb_column_3 et_pb_css_mix_blend_mode_passthrough\">\n<h3><\/h3>\n<h3>Programa:<\/h3>\n<\/div>\n<div class=\"et_pb_column et_pb_column_2_3 et_pb_column_4 et_pb_css_mix_blend_mode_passthrough et-last-child\">\n<div class=\"et_pb_module et_pb_text et_pb_text_4 et_pb_text_align_left et_pb_bg_layout_light\">\n<div class=\"et_pb_text_inner\">\n<p><strong>1<\/strong><b>0:30-10:40: Benvinguda\u00a0<\/b>i introducci\u00f3 a l\u2019ICFO i a la fot\u00f2nica<\/p>\n<p><strong>10:40-11:00: Microxerrades\u00a0<\/strong>dels especialistes<\/p>\n<p><strong>11:00-11:30: Sessi\u00f3 de preguntes i respostes\u00a0<\/strong>\u00a0\u2013 els ponents respondran en directe a les preguntes del p\u00fablic.<\/p>\n<p>L\u2019esdeveniment es tindr\u00e0 en\u00a0<strong>YouTube Live.\u00a0<\/strong>No necessites descarregar-te cap programari o aplicaci\u00f3 addicional per mirar l\u2019esdeveniment i interactuar amb nosaltres: nom\u00e9s necessites un ordinador amb connexi\u00f3 a l\u2019internet.<\/p>\n<\/div>\n<\/div>\n<\/div>\n<\/div>\n","protected":false},"excerpt":{"rendered":"<p>FOT\u00d2NICA EN 5 MINUTS! DIA INTERNACIONAL DE LA DONA I LA NENA EN LA CI\u00c8NCIA 9 DE FEBRER DE 2024 10:30 CET Descobreix el m\u00f3n de la fot\u00f2nica a trav\u00e9s de 4 especialistes de l\u2019ICFO, que explicaran per qu\u00e8 la fot\u00f2nica \u00e9s important per a la seva investigaci\u00f3 i la societat. Cada ponent tindr\u00e0 5 [&hellip;]<\/p>\n","protected":false},"author":1,"featured_media":26254,"comment_status":"closed","ping_status":"closed","sticky":false,"template":"","format":"standard","meta":{"_bbp_topic_count":0,"_bbp_reply_count":0,"_bbp_total_topic_count":0,"_bbp_total_reply_count":0,"_bbp_voice_count":0,"_bbp_anonymous_reply_count":0,"_bbp_topic_count_hidden":0,"_bbp_reply_count_hidden":0,"_bbp_forum_subforum_count":0,"site-sidebar-layout":"default","site-content-layout":"","ast-site-content-layout":"","site-content-style":"default","site-sidebar-style":"default","ast-global-header-display":"","ast-banner-title-visibility":"","ast-main-header-display":"","ast-hfb-above-header-display":"","ast-hfb-below-header-display":"","ast-hfb-mobile-header-display":"","site-post-title":"","ast-breadcrumbs-content":"","ast-featured-img":"","footer-sml-layout":"","theme-transparent-header-meta":"","adv-header-id-meta":"","stick-header-meta":"","header-above-stick-meta":"","header-main-stick-meta":"","header-below-stick-meta":"","astra-migrate-meta-layouts":"default","ast-page-background-enabled":"default","ast-page-background-meta":{"desktop":{"background-color":"var(--ast-global-color-4)","background-image":"","background-repeat":"repeat","background-position":"center center","background-size":"auto","background-attachment":"scroll","background-type":"","background-media":"","overlay-type":"","overlay-color":"","overlay-opacity":"","overlay-gradient":""},"tablet":{"background-color":"","background-image":"","background-repeat":"repeat","background-position":"center center","background-size":"auto","background-attachment":"scroll","background-type":"","background-media":"","overlay-type":"","overlay-color":"","overlay-opacity":"","overlay-gradient":""},"mobile":{"background-color":"","background-image":"","background-repeat":"repeat","background-position":"center center","background-size":"auto","background-attachment":"scroll","background-type":"","background-media":"","overlay-type":"","overlay-color":"","overlay-opacity":"","overlay-gradient":""}},"ast-content-background-meta":{"desktop":{"background-color":"var(--ast-global-color-5)","background-image":"","background-repeat":"repeat","background-position":"center center","background-size":"auto","background-attachment":"scroll","background-type":"","background-media":"","overlay-type":"","overlay-color":"","overlay-opacity":"","overlay-gradient":""},"tablet":{"background-color":"var(--ast-global-color-5)","background-image":"","background-repeat":"repeat","background-position":"center center","background-size":"auto","background-attachment":"scroll","background-type":"","background-media":"","overlay-type":"","overlay-color":"","overlay-opacity":"","overlay-gradient":""},"mobile":{"background-color":"var(--ast-global-color-5)","background-image":"","background-repeat":"repeat","background-position":"center center","background-size":"auto","background-attachment":"scroll","background-type":"","background-media":"","overlay-type":"","overlay-color":"","overlay-opacity":"","overlay-gradient":""}},"footnotes":""},"categories":[29],"tags":[2894,2788,2493,2763,1534],"class_list":["post-26253","post","type-post","status-publish","format-standard","has-post-thumbnail","hentry","category-se-baixllobregat6","tag-activitats-amb-alumnat","tag-dia-internacional-de-les-dones-i-les-nenes-en-la-ciencia","tag-dones-i-ciencia","tag-fotonica","tag-portada"],"post_mailing_queue_ids":[],"_links":{"self":[{"href":"https:\/\/serveiseducatius.xtec.cat\/baixllobregat6\/wp-json\/wp\/v2\/posts\/26253","targetHints":{"allow":["GET"]}}],"collection":[{"href":"https:\/\/serveiseducatius.xtec.cat\/baixllobregat6\/wp-json\/wp\/v2\/posts"}],"about":[{"href":"https:\/\/serveiseducatius.xtec.cat\/baixllobregat6\/wp-json\/wp\/v2\/types\/post"}],"author":[{"embeddable":true,"href":"https:\/\/serveiseducatius.xtec.cat\/baixllobregat6\/wp-json\/wp\/v2\/users\/1"}],"replies":[{"embeddable":true,"href":"https:\/\/serveiseducatius.xtec.cat\/baixllobregat6\/wp-json\/wp\/v2\/comments?post=26253"}],"version-history":[{"count":2,"href":"https:\/\/serveiseducatius.xtec.cat\/baixllobregat6\/wp-json\/wp\/v2\/posts\/26253\/revisions"}],"predecessor-version":[{"id":26260,"href":"https:\/\/serveiseducatius.xtec.cat\/baixllobregat6\/wp-json\/wp\/v2\/posts\/26253\/revisions\/26260"}],"wp:featuredmedia":[{"embeddable":true,"href":"https:\/\/serveiseducatius.xtec.cat\/baixllobregat6\/wp-json\/wp\/v2\/media\/26254"}],"wp:attachment":[{"href":"https:\/\/serveiseducatius.xtec.cat\/baixllobregat6\/wp-json\/wp\/v2\/media?parent=26253"}],"wp:term":[{"taxonomy":"category","embeddable":true,"href":"https:\/\/serveiseducatius.xtec.cat\/baixllobregat6\/wp-json\/wp\/v2\/categories?post=26253"},{"taxonomy":"post_tag","embeddable":true,"href":"https:\/\/serveiseducatius.xtec.cat\/baixllobregat6\/wp-json\/wp\/v2\/tags?post=26253"}],"curies":[{"name":"wp","href":"https:\/\/api.w.org\/{rel}","templated":true}]}}