{"id":26059,"date":"2023-12-12T12:27:22","date_gmt":"2023-12-12T11:27:22","guid":{"rendered":"https:\/\/serveiseducatius.xtec.cat\/baixllobregat6\/?p=26059"},"modified":"2023-12-04T12:40:57","modified_gmt":"2023-12-04T11:40:57","slug":"som-massa-guia-sobre-la-grassofobia-en-lambit-educatiu","status":"publish","type":"post","link":"https:\/\/serveiseducatius.xtec.cat\/baixllobregat6\/se-baixllobregat6\/som-massa-guia-sobre-la-grassofobia-en-lambit-educatiu\/","title":{"rendered":"Som Massa. Guia sobre la grassof\u00f2bia en l&#8217;\u00e0mbit educatiu"},"content":{"rendered":"<p><a href=\"https:\/\/serveiseducatius.xtec.cat\/baixllobregat6\/?attachment_id=26060\" rel=\"attachment wp-att-26060\"><img loading=\"lazy\" decoding=\"async\" class=\"alignleft size-full wp-image-26060\" src=\"https:\/\/serveiseducatius.xtec.cat\/baixllobregat6\/wp-content\/uploads\/usu778\/2023\/12\/som_massa.png\" alt=\"som_massa\" width=\"365\" height=\"340\" \/><\/a>Us\u00a0presentem la\u00a0<em><strong>Guia sobre Grassof\u00f2bia en l\u2019\u00e0mbit educatiu<\/strong><\/em>\u00a0generada per la cooperativa\u00a0<a href=\"https:\/\/www.magranes.com\/\">Magranes<\/a>\u00a0amb el suport del Departament d\u2019Igualtat i Feminismes de la Generalitat de Catalunya.<\/p>\n<p>Aquesta guia, adre\u00e7ada a la comunitat educativa, neix amb la intenci\u00f3 d\u2019allunyar les disconformitats amb el propi cos i d\u2019acceptar les diversitats corporals que trobem a les aules, tot eliminant les discriminacions i viol\u00e8ncies envers els cossos grassos o no normatius. Aix\u00ed doncs, la guia pret\u00e9n ser un impuls i una eina pr\u00e0ctica de suport per tal d\u2019erradicar les viol\u00e8ncies est\u00e8tiques i les opressions envers els cossos grassos amb la intenci\u00f3 de construir una societat m\u00e9s inclusiva i respectuosa, on tothom se senti c\u00f2mode essent tal com \u00e9s.<\/p>\n<p>Podeu descarregar-la per con\u00e8ixer els recursos i les propostes d\u2019activitats\u00a0 a l\u2019aula en el <a href=\"https:\/\/www.magranes.com\/materials-propis\/\" target=\"_blank\" rel=\"noopener\">seg\u00fcent enlla\u00e7.<\/a><\/p>\n","protected":false},"excerpt":{"rendered":"<p>Us\u00a0presentem la\u00a0Guia sobre Grassof\u00f2bia en l\u2019\u00e0mbit educatiu\u00a0generada per la cooperativa\u00a0Magranes\u00a0amb el suport del Departament d\u2019Igualtat i Feminismes de la Generalitat de Catalunya. Aquesta guia, adre\u00e7ada a la comunitat educativa, neix amb la intenci\u00f3 d\u2019allunyar les disconformitats amb el propi cos i d\u2019acceptar les diversitats corporals que trobem a les aules, tot eliminant les discriminacions i [&hellip;]<\/p>\n","protected":false},"author":1,"featured_media":26060,"comment_status":"closed","ping_status":"closed","sticky":false,"template":"","format":"standard","meta":{"_bbp_topic_count":0,"_bbp_reply_count":0,"_bbp_total_topic_count":0,"_bbp_total_reply_count":0,"_bbp_voice_count":0,"_bbp_anonymous_reply_count":0,"_bbp_topic_count_hidden":0,"_bbp_reply_count_hidden":0,"_bbp_forum_subforum_count":0,"site-sidebar-layout":"default","site-content-layout":"","ast-site-content-layout":"","site-content-style":"default","site-sidebar-style":"default","ast-global-header-display":"","ast-banner-title-visibility":"","ast-main-header-display":"","ast-hfb-above-header-display":"","ast-hfb-below-header-display":"","ast-hfb-mobile-header-display":"","site-post-title":"","ast-breadcrumbs-content":"","ast-featured-img":"","footer-sml-layout":"","theme-transparent-header-meta":"","adv-header-id-meta":"","stick-header-meta":"","header-above-stick-meta":"","header-main-stick-meta":"","header-below-stick-meta":"","astra-migrate-meta-layouts":"default","ast-page-background-enabled":"default","ast-page-background-meta":{"desktop":{"background-color":"var(--ast-global-color-4)","background-image":"","background-repeat":"repeat","background-position":"center center","background-size":"auto","background-attachment":"scroll","background-type":"","background-media":"","overlay-type":"","overlay-color":"","overlay-opacity":"","overlay-gradient":""},"tablet":{"background-color":"","background-image":"","background-repeat":"repeat","background-position":"center center","background-size":"auto","background-attachment":"scroll","background-type":"","background-media":"","overlay-type":"","overlay-color":"","overlay-opacity":"","overlay-gradient":""},"mobile":{"background-color":"","background-image":"","background-repeat":"repeat","background-position":"center center","background-size":"auto","background-attachment":"scroll","background-type":"","background-media":"","overlay-type":"","overlay-color":"","overlay-opacity":"","overlay-gradient":""}},"ast-content-background-meta":{"desktop":{"background-color":"var(--ast-global-color-5)","background-image":"","background-repeat":"repeat","background-position":"center center","background-size":"auto","background-attachment":"scroll","background-type":"","background-media":"","overlay-type":"","overlay-color":"","overlay-opacity":"","overlay-gradient":""},"tablet":{"background-color":"var(--ast-global-color-5)","background-image":"","background-repeat":"repeat","background-position":"center center","background-size":"auto","background-attachment":"scroll","background-type":"","background-media":"","overlay-type":"","overlay-color":"","overlay-opacity":"","overlay-gradient":""},"mobile":{"background-color":"var(--ast-global-color-5)","background-image":"","background-repeat":"repeat","background-position":"center center","background-size":"auto","background-attachment":"scroll","background-type":"","background-media":"","overlay-type":"","overlay-color":"","overlay-opacity":"","overlay-gradient":""}},"footnotes":""},"categories":[162,29],"tags":[324,368,2906,1534,1478,2908],"class_list":["post-26059","post","type-post","status-publish","format-standard","has-post-thumbnail","hentry","category-actualitat","category-se-baixllobregat6","tag-coeducacio","tag-convivencia","tag-general","tag-portada","tag-recursos","tag-recursos-en-linia"],"post_mailing_queue_ids":[],"_links":{"self":[{"href":"https:\/\/serveiseducatius.xtec.cat\/baixllobregat6\/wp-json\/wp\/v2\/posts\/26059","targetHints":{"allow":["GET"]}}],"collection":[{"href":"https:\/\/serveiseducatius.xtec.cat\/baixllobregat6\/wp-json\/wp\/v2\/posts"}],"about":[{"href":"https:\/\/serveiseducatius.xtec.cat\/baixllobregat6\/wp-json\/wp\/v2\/types\/post"}],"author":[{"embeddable":true,"href":"https:\/\/serveiseducatius.xtec.cat\/baixllobregat6\/wp-json\/wp\/v2\/users\/1"}],"replies":[{"embeddable":true,"href":"https:\/\/serveiseducatius.xtec.cat\/baixllobregat6\/wp-json\/wp\/v2\/comments?post=26059"}],"version-history":[{"count":1,"href":"https:\/\/serveiseducatius.xtec.cat\/baixllobregat6\/wp-json\/wp\/v2\/posts\/26059\/revisions"}],"predecessor-version":[{"id":26061,"href":"https:\/\/serveiseducatius.xtec.cat\/baixllobregat6\/wp-json\/wp\/v2\/posts\/26059\/revisions\/26061"}],"wp:featuredmedia":[{"embeddable":true,"href":"https:\/\/serveiseducatius.xtec.cat\/baixllobregat6\/wp-json\/wp\/v2\/media\/26060"}],"wp:attachment":[{"href":"https:\/\/serveiseducatius.xtec.cat\/baixllobregat6\/wp-json\/wp\/v2\/media?parent=26059"}],"wp:term":[{"taxonomy":"category","embeddable":true,"href":"https:\/\/serveiseducatius.xtec.cat\/baixllobregat6\/wp-json\/wp\/v2\/categories?post=26059"},{"taxonomy":"post_tag","embeddable":true,"href":"https:\/\/serveiseducatius.xtec.cat\/baixllobregat6\/wp-json\/wp\/v2\/tags?post=26059"}],"curies":[{"name":"wp","href":"https:\/\/api.w.org\/{rel}","templated":true}]}}