{"id":26017,"date":"2023-11-29T08:41:39","date_gmt":"2023-11-29T07:41:39","guid":{"rendered":"https:\/\/serveiseducatius.xtec.cat\/baixllobregat6\/?p=26017"},"modified":"2023-11-29T09:04:40","modified_gmt":"2023-11-29T08:04:40","slug":"15a-setmana-europea-de-reduccio-de-residus","status":"publish","type":"post","link":"https:\/\/serveiseducatius.xtec.cat\/baixllobregat6\/se-baixllobregat6\/15a-setmana-europea-de-reduccio-de-residus\/","title":{"rendered":"15a Setmana Europea de Reducci\u00f3 de Residus"},"content":{"rendered":"<div class=\"entry-content\">\n<p><a style=\"color: #2795b6;\" href=\"https:\/\/serveiseducatius.xtec.cat\/baixllobregat6\/se-baixllobregat6\/15a-setmana-europea-de-reduccio-de-residus\/attachment\/eww\/\" rel=\"attachment wp-att-26019\"><img loading=\"lazy\" decoding=\"async\" class=\"alignleft size-full wp-image-26019\" src=\"https:\/\/serveiseducatius.xtec.cat\/baixllobregat6\/wp-content\/uploads\/usu778\/2023\/11\/eww.png\" alt=\"\" width=\"207\" height=\"285\" \/><\/a><\/p>\n<p>La\u00a0<a href=\"https:\/\/ewwr.us20.list-manage.com\/track\/click?u=ce6dbba05b1e88630c6e6e480&amp;id=9c84ba9b9c&amp;e=52df920fef\" target=\"_blank\" rel=\"noopener\" data-saferedirecturl=\"https:\/\/www.google.com\/url?q=https:\/\/ewwr.us20.list-manage.com\/track\/click?u%3Dce6dbba05b1e88630c6e6e480%26id%3D9c84ba9b9c%26e%3D52df920fef&amp;source=gmail&amp;ust=1700566566212000&amp;usg=AOvVaw00m9cl8fP7Buv9y8bgp4gV\">European Week for Waste Reduction<\/a> (EWWR), Setmana Europea de Reducci\u00f3 de Residus, est\u00e0 a punt de comen\u00e7ar la seva 15a edici\u00f3 del 18 al 26 de novembre de 2023. Durant aquesta setmana, es duran a terme 14.522 accions centrades en la reducci\u00f3 de residus, la reutilitzaci\u00f3 i reparaci\u00f3 de productes, el reciclatge de materials i la neteja en 29 pa\u00efsos d\u2019Europa i m\u00e9s enll\u00e0.<br \/>\n<!--more--><br \/>\n<a href=\"https:\/\/serveiseducatius.xtec.cat\/baixllobregat6\/se-baixllobregat6\/15a-setmana-europea-de-reduccio-de-residus\/attachment\/ewwr_map_2022_1-scaled\/\" rel=\"attachment wp-att-26018\"><img loading=\"lazy\" decoding=\"async\" class=\"wp-image-26018 alignright\" src=\"https:\/\/serveiseducatius.xtec.cat\/baixllobregat6\/wp-content\/uploads\/usu778\/2023\/11\/EWWR_map_2022_1-scaled-1.jpg\" alt=\"\" width=\"421\" height=\"386\" srcset=\"https:\/\/serveiseducatius.xtec.cat\/baixllobregat6\/wp-content\/uploads\/usu778\/2023\/11\/EWWR_map_2022_1-scaled-1.jpg 2560w, https:\/\/serveiseducatius.xtec.cat\/baixllobregat6\/wp-content\/uploads\/usu778\/2023\/11\/EWWR_map_2022_1-scaled-1-520x477.jpg 520w, https:\/\/serveiseducatius.xtec.cat\/baixllobregat6\/wp-content\/uploads\/usu778\/2023\/11\/EWWR_map_2022_1-scaled-1-1024x938.jpg 1024w, https:\/\/serveiseducatius.xtec.cat\/baixllobregat6\/wp-content\/uploads\/usu778\/2023\/11\/EWWR_map_2022_1-scaled-1-768x704.jpg 768w, https:\/\/serveiseducatius.xtec.cat\/baixllobregat6\/wp-content\/uploads\/usu778\/2023\/11\/EWWR_map_2022_1-scaled-1-1536x1408.jpg 1536w, https:\/\/serveiseducatius.xtec.cat\/baixllobregat6\/wp-content\/uploads\/usu778\/2023\/11\/EWWR_map_2022_1-scaled-1-2048x1877.jpg 2048w\" sizes=\"auto, (max-width: 421px) 100vw, 421px\" \/><\/a>L\u2019EWWR \u00e9s una destacada campanya internacional que promou la prevenci\u00f3 de residus durant una setmana dedicada al novembre. Participants d\u2019escoles, administracions p\u00fabliques, empreses, ONG i ciutadans col\u00b7laboren per organitzar activitats de conscienciaci\u00f3 en l\u2019\u00e0mbit local i internacional. L\u2019objectiu d\u2019aquestes accions \u00e9s canviar el comportament entorn dels h\u00e0bits de consum i generaci\u00f3 de residus amb l\u2019objectiu de contribuir a assolir els objectius de reducci\u00f3 de residus i neutralitat clim\u00e0tica.<\/p>\n<p>Descobreix les pr\u00f2ximes accions a la nostra\u00a0<a href=\"https:\/\/ewwr.eu\/actions-db\/\">base de dades<\/a>\u00a0i participa unint-te a alguna que estigui organitzada prop teu!<\/p>\n<p><strong style=\"font-family: inherit; font-size: 1em;\">Conscienciaci\u00f3: explorant l\u2019impacte ambiental de l\u2019<b>embalatge<\/b><\/strong><\/p>\n<div class=\"flex-1 overflow-hidden\">\n<div class=\"react-scroll-to-bottom--css-frneo-79elbk h-full\">\n<div class=\"react-scroll-to-bottom--css-frneo-1n7m0yu\">\n<div class=\"flex flex-col text-sm gizmo:pb-9 dark:bg-gray-800 gizmo:dark:bg-transparent\">\n<div class=\"w-full text-token-text-primary border-b border-black\/10 gizmo:border-0 dark:border-gray-900\/50 gizmo:dark:border-0 bg-gray-50 gizmo:bg-transparent dark:bg-[#444654] gizmo:dark:bg-transparent\" data-testid=\"conversation-turn-9\">\n<div class=\"p-4 gizmo:py-2 justify-center text-base md:gap-6 md:py-6 m-auto\">\n<div class=\"flex flex-1 gap-4 text-base mx-auto md:gap-6 gizmo:gap-3 gizmo:md:px-5 gizmo:lg:px-1 gizmo:xl:px-5 md:max-w-2xl lg:max-w-[38rem] gizmo:md:max-w-3xl gizmo:lg:max-w-[40rem] gizmo:xl:max-w-[48rem] xl:max-w-3xl } group final-completion\">\n<div class=\"relative flex w-[calc(100%-50px)] flex-col gizmo:w-full lg:w-[calc(100%-115px)] agent-turn\">\n<div class=\"flex-col gap-1 md:gap-3\">\n<div class=\"flex flex-grow flex-col max-w-full gap-3 gizmo:gap-0\">\n<div class=\"min-h-[20px] text-message flex flex-col items-start gap-3 whitespace-pre-wrap break-words [.text-message+&amp;]:mt-5 overflow-x-auto\" data-message-author-role=\"assistant\" data-message-id=\"8204b490-fb35-4488-ad2a-4cc5970e40a0\">\n<div class=\"markdown prose w-full break-words dark:prose-invert light\">\n<p><a href=\"https:\/\/serveiseducatius.xtec.cat\/baixllobregat6\/se-baixllobregat6\/15a-setmana-europea-de-reduccio-de-residus\/attachment\/eww1\/\" rel=\"attachment wp-att-26020\"><img loading=\"lazy\" decoding=\"async\" class=\"alignleft wp-image-26020\" src=\"https:\/\/serveiseducatius.xtec.cat\/baixllobregat6\/wp-content\/uploads\/usu778\/2023\/11\/eww1.jpg\" alt=\"\" width=\"423\" height=\"158\" srcset=\"https:\/\/serveiseducatius.xtec.cat\/baixllobregat6\/wp-content\/uploads\/usu778\/2023\/11\/eww1.jpg 2560w, https:\/\/serveiseducatius.xtec.cat\/baixllobregat6\/wp-content\/uploads\/usu778\/2023\/11\/eww1-520x195.jpg 520w, https:\/\/serveiseducatius.xtec.cat\/baixllobregat6\/wp-content\/uploads\/usu778\/2023\/11\/eww1-1024x383.jpg 1024w, https:\/\/serveiseducatius.xtec.cat\/baixllobregat6\/wp-content\/uploads\/usu778\/2023\/11\/eww1-768x287.jpg 768w, https:\/\/serveiseducatius.xtec.cat\/baixllobregat6\/wp-content\/uploads\/usu778\/2023\/11\/eww1-1536x575.jpg 1536w, https:\/\/serveiseducatius.xtec.cat\/baixllobregat6\/wp-content\/uploads\/usu778\/2023\/11\/eww1-2048x766.jpg 2048w\" sizes=\"auto, (max-width: 423px) 100vw, 423px\" \/><\/a>La <a href=\"https:\/\/ewwr.eu\/thematic_focus\/2023-packaging\/\">15a edici\u00f3<\/a>\u00a0de la Setmana Europea de Reducci\u00f3 de Residus busca conscienciar sobre l\u2019impacte ambiental significatiu de l\u2019embalatge, promocionant un comportament de consum i producci\u00f3 m\u00e9s sostenible.<\/p>\n<p>L\u2019EWWR se centra en l\u2019embalatge per segona vegada a la seva hist\u00f2ria (la primera va ser durant l\u2019edici\u00f3 de 2016). Tot i que han passat set anys, aquest tema continua essent clau en quantitat de residus produ\u00efts, ja que no ha disminu\u00eft sin\u00f3 que s\u2019ha incrementat amb l\u2019auge del sector de comer\u00e7 electr\u00f2nic.<\/p>\n<p><strong>El\u00a0<a href=\"https:\/\/ewwr.eu\/project\/#steering_committee\">Comit\u00e8 Directiu<\/a>\u00a0de l\u2019EWWR<\/strong><\/p>\n<p>La Setmana Europea de Reducci\u00f3 de Residus \u00e9s dirigida pel Comit\u00e8 Directiu de l\u2019EWWR.<\/p>\n<\/div>\n<\/div>\n<\/div>\n<\/div>\n<\/div>\n<\/div>\n<\/div>\n<\/div>\n<\/div>\n<\/div>\n<\/div>\n<\/div>\n<div class=\"w-full pt-2 md:pt-0 border-t md:border-t-0 gizmo:border-t-0 dark:border-white\/20 md:border-transparent md:dark:border-transparent md:pl-2 gizmo:pl-0 gizmo:md:pl-0 md:w-[calc(100%-.5rem)]\">\n<form class=\"stretch mx-2 flex flex-row gap-3 last:mb-2 md:mx-4 md:last:mb-6 lg:mx-auto lg:max-w-2xl xl:max-w-3xl\">\n<div class=\"relative flex h-full flex-1 items-stretch md:flex-col\">\n<div class=\"flex w-full items-center\">L\u2019ARC, Ag\u00e8ncia de Residus de Catalunya, n\u2019\u00e9s un dels seus membres.<\/div>\n<\/div>\n<\/form>\n<\/div>\n<div class=\"addtoany_share_save_container addtoany_content addtoany_content_bottom\"><\/div>\n<\/div>\n<footer class=\"entry-footer\"><\/footer>\n","protected":false},"excerpt":{"rendered":"<p>La\u00a0European Week for Waste Reduction (EWWR), Setmana Europea de Reducci\u00f3 de Residus, est\u00e0 a punt de comen\u00e7ar la seva 15a edici\u00f3 del 18 al 26 de novembre de 2023. Durant aquesta setmana, es duran a terme 14.522 accions centrades en la reducci\u00f3 de residus, la reutilitzaci\u00f3 i reparaci\u00f3 de productes, el reciclatge de materials i [&hellip;]<\/p>\n","protected":false},"author":1,"featured_media":26019,"comment_status":"open","ping_status":"closed","sticky":false,"template":"","format":"standard","meta":{"_bbp_topic_count":0,"_bbp_reply_count":0,"_bbp_total_topic_count":0,"_bbp_total_reply_count":0,"_bbp_voice_count":0,"_bbp_anonymous_reply_count":0,"_bbp_topic_count_hidden":0,"_bbp_reply_count_hidden":0,"_bbp_forum_subforum_count":0,"site-sidebar-layout":"default","site-content-layout":"","ast-site-content-layout":"","site-content-style":"default","site-sidebar-style":"default","ast-global-header-display":"","ast-banner-title-visibility":"","ast-main-header-display":"","ast-hfb-above-header-display":"","ast-hfb-below-header-display":"","ast-hfb-mobile-header-display":"","site-post-title":"","ast-breadcrumbs-content":"","ast-featured-img":"","footer-sml-layout":"","theme-transparent-header-meta":"","adv-header-id-meta":"","stick-header-meta":"","header-above-stick-meta":"","header-main-stick-meta":"","header-below-stick-meta":"","astra-migrate-meta-layouts":"default","ast-page-background-enabled":"default","ast-page-background-meta":{"desktop":{"background-color":"var(--ast-global-color-4)","background-image":"","background-repeat":"repeat","background-position":"center center","background-size":"auto","background-attachment":"scroll","background-type":"","background-media":"","overlay-type":"","overlay-color":"","overlay-opacity":"","overlay-gradient":""},"tablet":{"background-color":"","background-image":"","background-repeat":"repeat","background-position":"center center","background-size":"auto","background-attachment":"scroll","background-type":"","background-media":"","overlay-type":"","overlay-color":"","overlay-opacity":"","overlay-gradient":""},"mobile":{"background-color":"","background-image":"","background-repeat":"repeat","background-position":"center center","background-size":"auto","background-attachment":"scroll","background-type":"","background-media":"","overlay-type":"","overlay-color":"","overlay-opacity":"","overlay-gradient":""}},"ast-content-background-meta":{"desktop":{"background-color":"var(--ast-global-color-5)","background-image":"","background-repeat":"repeat","background-position":"center center","background-size":"auto","background-attachment":"scroll","background-type":"","background-media":"","overlay-type":"","overlay-color":"","overlay-opacity":"","overlay-gradient":""},"tablet":{"background-color":"var(--ast-global-color-5)","background-image":"","background-repeat":"repeat","background-position":"center center","background-size":"auto","background-attachment":"scroll","background-type":"","background-media":"","overlay-type":"","overlay-color":"","overlay-opacity":"","overlay-gradient":""},"mobile":{"background-color":"var(--ast-global-color-5)","background-image":"","background-repeat":"repeat","background-position":"center center","background-size":"auto","background-attachment":"scroll","background-type":"","background-media":"","overlay-type":"","overlay-color":"","overlay-opacity":"","overlay-gradient":""}},"footnotes":""},"categories":[154,29],"tags":[1534,2215,2878],"class_list":["post-26017","post","type-post","status-publish","format-standard","has-post-thumbnail","hentry","category-xesc-2","category-se-baixllobregat6","tag-portada","tag-reporteducacio","tag-servei-educatiu-baix-llobregat-vi"],"post_mailing_queue_ids":[],"_links":{"self":[{"href":"https:\/\/serveiseducatius.xtec.cat\/baixllobregat6\/wp-json\/wp\/v2\/posts\/26017","targetHints":{"allow":["GET"]}}],"collection":[{"href":"https:\/\/serveiseducatius.xtec.cat\/baixllobregat6\/wp-json\/wp\/v2\/posts"}],"about":[{"href":"https:\/\/serveiseducatius.xtec.cat\/baixllobregat6\/wp-json\/wp\/v2\/types\/post"}],"author":[{"embeddable":true,"href":"https:\/\/serveiseducatius.xtec.cat\/baixllobregat6\/wp-json\/wp\/v2\/users\/1"}],"replies":[{"embeddable":true,"href":"https:\/\/serveiseducatius.xtec.cat\/baixllobregat6\/wp-json\/wp\/v2\/comments?post=26017"}],"version-history":[{"count":6,"href":"https:\/\/serveiseducatius.xtec.cat\/baixllobregat6\/wp-json\/wp\/v2\/posts\/26017\/revisions"}],"predecessor-version":[{"id":26029,"href":"https:\/\/serveiseducatius.xtec.cat\/baixllobregat6\/wp-json\/wp\/v2\/posts\/26017\/revisions\/26029"}],"wp:featuredmedia":[{"embeddable":true,"href":"https:\/\/serveiseducatius.xtec.cat\/baixllobregat6\/wp-json\/wp\/v2\/media\/26019"}],"wp:attachment":[{"href":"https:\/\/serveiseducatius.xtec.cat\/baixllobregat6\/wp-json\/wp\/v2\/media?parent=26017"}],"wp:term":[{"taxonomy":"category","embeddable":true,"href":"https:\/\/serveiseducatius.xtec.cat\/baixllobregat6\/wp-json\/wp\/v2\/categories?post=26017"},{"taxonomy":"post_tag","embeddable":true,"href":"https:\/\/serveiseducatius.xtec.cat\/baixllobregat6\/wp-json\/wp\/v2\/tags?post=26017"}],"curies":[{"name":"wp","href":"https:\/\/api.w.org\/{rel}","templated":true}]}}